{"id":185145,"date":"2026-04-24T10:44:40","date_gmt":"2026-04-24T14:44:40","guid":{"rendered":"https:\/\/linitiative.ca\/International\/cameroun-lancement-du-4e-recensement-general-de-la-population-et-de-lhabitat\/"},"modified":"2026-04-24T10:44:40","modified_gmt":"2026-04-24T14:44:40","slug":"cameroun-lancement-du-4e-recensement-general-de-la-population-et-de-lhabitat","status":"publish","type":"post","link":"https:\/\/linitiative.ca\/International\/cameroun-lancement-du-4e-recensement-general-de-la-population-et-de-lhabitat\/","title":{"rendered":"Cameroun : lancement du 4e recensement g\u00e9n\u00e9ral de la population et de l\u2019habitat"},"content":{"rendered":"<p>Le <em class=\"xgg-highlight\">Cameroun<\/em> a lanc\u00e9 vendredi le quatri\u00e8me recensement g\u00e9n\u00e9ral de la population et de l\u2019habitat, coupl\u00e9 au recensement g\u00e9n\u00e9ral de l\u2019agriculture et de l\u2019\u00e9levage, une op\u00e9ration nationale d\u2019envergure destin\u00e9e \u00e0 actualiser les donn\u00e9es d\u00e9mographiques, sociales et \u00e9conomiques du pays, a annonc\u00e9 la cha\u00eene publique CRTV.<\/p>\n<p>Cette vaste campagne se d\u00e9roulera sur l\u2019ensemble du territoire national du 24 avril au 29 mai, soit 35 jours, avec le concours de plus de 32.000 agents recenseurs d\u00e9ploy\u00e9s sur le terrain, selon les autorit\u00e9s.<\/p>\n<div readability=\"7\">\n<p>LA SUITE APR\u00c8S LA PUBLICIT\u00c9<\/p>\n<p><ins class=\"adsbygoogle\" data-ad-client=\"ca-pub-9760088965124508\" data-ad-slot=\"2140806877\"\/><br \/>\n<\/div>\n<p>Le gouvernement a indiqu\u00e9 que l\u2019op\u00e9ration, financ\u00e9e \u00e0 hauteur de pr\u00e8s de 23,5 millions de dollars (environ 13,5 milliards de francs CFA) visait \u00e0 fournir des statistiques fiables pour la planification du d\u00e9veloppement, l\u2019\u00e9laboration des politiques publiques et la prise en compte du dividende d\u00e9mographique dans la trajectoire du <em class=\"xgg-highlight\">Cameroun<\/em> vers l\u2019\u00e9mergence.<\/p>\n<p>Les donn\u00e9es recueillies doivent permettre de mieux appr\u00e9hender la situation de la population, de l\u2019\u00e9conomie et du secteur rural, tout en offrant un outil de r\u00e9f\u00e9rence aux administrations publiques, aux milieux d\u2019affaires, aux universit\u00e9s, aux centres de recherche et aux autres acteurs du d\u00e9veloppement.<\/p>\n<p>Dans le cadre du d\u00e9ploiement, les autorit\u00e9s entendent intensifier les campagnes de sensibilisation afin d\u2019adapter les messages aux r\u00e9alit\u00e9s des diff\u00e9rentes zones du pays.<\/p>\n<p>Le dernier recensement g\u00e9n\u00e9ral remonte \u00e0 2005, ann\u00e9e o\u00f9 la population <em class=\"xgg-highlight\">cameroun<\/em>aise \u00e9tait estim\u00e9e \u00e0 environ 20 millions d\u2019habitants. Les projections des Nations Unies situent aujourd\u2019hui cette population \u00e0 pr\u00e8s de 30 millions.<\/p>\n<p>Auteur: Arnaud Nicolas MAWEL<br \/>\n<a href=\"https:\/\/fr.journalducameroun.com\/cameroun-lancement-du-4e-recensement-general-de-la-population-et-de-lhabitat\/\">Cliquez ici pour lire l&rsquo;article depuis sa source.<\/a><\/p>\n","protected":false},"excerpt":{"rendered":"<p>Le Cameroun a lanc\u00e9 vendredi le quatri\u00e8me recensement g\u00e9n\u00e9ral de la population et de l\u2019habitat, coupl\u00e9 au recensement g\u00e9n\u00e9ral de l\u2019agriculture et de l\u2019\u00e9levage, une op\u00e9ration nationale d\u2019envergure destin\u00e9e \u00e0 actualiser les donn\u00e9es d\u00e9mographiques, sociales et \u00e9conomiques du pays, a annonc\u00e9 la cha\u00eene publique CRTV. Cette vaste campagne se d\u00e9roulera sur l\u2019ensemble du territoire national [&hellip;]<\/p>\n","protected":false},"author":1965,"featured_media":185146,"comment_status":"closed","ping_status":"closed","sticky":false,"template":"","format":"standard","meta":{"fifu_image_url":"https:\/\/fr.journalducameroun.com\/wp-content\/uploads\/2023\/09\/Population-camerounaise.jpg","fifu_image_alt":"Cameroun : lancement du 4e recensement g\u00e9n\u00e9ral de la population et de l\u2019habitat","footnotes":""},"categories":[73,82],"tags":[],"class_list":["post-185145","post","type-post","status-publish","format-standard","has-post-thumbnail","hentry","category-actualite","category-cameroun"],"_links":{"self":[{"href":"https:\/\/linitiative.ca\/International\/wp-json\/wp\/v2\/posts\/185145","targetHints":{"allow":["GET"]}}],"collection":[{"href":"https:\/\/linitiative.ca\/International\/wp-json\/wp\/v2\/posts"}],"about":[{"href":"https:\/\/linitiative.ca\/International\/wp-json\/wp\/v2\/types\/post"}],"author":[{"embeddable":true,"href":"https:\/\/linitiative.ca\/International\/wp-json\/wp\/v2\/users\/1965"}],"replies":[{"embeddable":true,"href":"https:\/\/linitiative.ca\/International\/wp-json\/wp\/v2\/comments?post=185145"}],"version-history":[{"count":0,"href":"https:\/\/linitiative.ca\/International\/wp-json\/wp\/v2\/posts\/185145\/revisions"}],"wp:featuredmedia":[{"embeddable":true,"href":"https:\/\/linitiative.ca\/International\/wp-json\/wp\/v2\/media\/185146"}],"wp:attachment":[{"href":"https:\/\/linitiative.ca\/International\/wp-json\/wp\/v2\/media?parent=185145"}],"wp:term":[{"taxonomy":"category","embeddable":true,"href":"https:\/\/linitiative.ca\/International\/wp-json\/wp\/v2\/categories?post=185145"},{"taxonomy":"post_tag","embeddable":true,"href":"https:\/\/linitiative.ca\/International\/wp-json\/wp\/v2\/tags?post=185145"}],"curies":[{"name":"wp","href":"https:\/\/api.w.org\/{rel}","templated":true}]}}