{"id":185150,"date":"2026-04-24T10:09:19","date_gmt":"2026-04-24T14:09:19","guid":{"rendered":"https:\/\/linitiative.ca\/International\/scb-cameroun-filiale-dattijariwafa-projette-laugmentation-de-son-capital\/"},"modified":"2026-04-24T10:09:19","modified_gmt":"2026-04-24T14:09:19","slug":"scb-cameroun-filiale-dattijariwafa-projette-laugmentation-de-son-capital","status":"publish","type":"post","link":"https:\/\/linitiative.ca\/International\/scb-cameroun-filiale-dattijariwafa-projette-laugmentation-de-son-capital\/","title":{"rendered":"SCB Cameroun, filiale d\u2019Attijariwafa, projette l\u2019augmentation de son capital"},"content":{"rendered":"<div>Les actionnaires de la Soci\u00e9t\u00e9 Commerciale de Banque Cameroun sont convoqu\u00e9s en assembl\u00e9e extraordinaire le 12 mai prochain \u00e0 Yaound\u00e9 pour d\u00e9lib\u00e9rer sur la question.<\/div>\n<p>Auteur: Simon Pierre Mbarga<br \/>\n<a href=\"https:\/\/ecomatin.net\/scb-cameroun-filiale-dattijariwafa-projette-laugmentation-de-son-capital\">Cliquez ici pour lire l&rsquo;article depuis sa source.<\/a><\/p>\n","protected":false},"excerpt":{"rendered":"<p>Les actionnaires de la Soci\u00e9t\u00e9 Commerciale de Banque Cameroun sont convoqu\u00e9s en assembl\u00e9e extraordinaire le 12 mai prochain \u00e0 Yaound\u00e9 pour d\u00e9lib\u00e9rer sur la question. Auteur: Simon Pierre Mbarga Cliquez ici pour lire l&rsquo;article depuis sa source.<\/p>\n","protected":false},"author":1969,"featured_media":0,"comment_status":"closed","ping_status":"closed","sticky":false,"template":"","format":"standard","meta":{"fifu_image_url":"","fifu_image_alt":"","footnotes":""},"categories":[82,78],"tags":[],"class_list":["post-185150","post","type-post","status-publish","format-standard","hentry","category-cameroun","category-economie"],"_links":{"self":[{"href":"https:\/\/linitiative.ca\/International\/wp-json\/wp\/v2\/posts\/185150","targetHints":{"allow":["GET"]}}],"collection":[{"href":"https:\/\/linitiative.ca\/International\/wp-json\/wp\/v2\/posts"}],"about":[{"href":"https:\/\/linitiative.ca\/International\/wp-json\/wp\/v2\/types\/post"}],"author":[{"embeddable":true,"href":"https:\/\/linitiative.ca\/International\/wp-json\/wp\/v2\/users\/1969"}],"replies":[{"embeddable":true,"href":"https:\/\/linitiative.ca\/International\/wp-json\/wp\/v2\/comments?post=185150"}],"version-history":[{"count":0,"href":"https:\/\/linitiative.ca\/International\/wp-json\/wp\/v2\/posts\/185150\/revisions"}],"wp:attachment":[{"href":"https:\/\/linitiative.ca\/International\/wp-json\/wp\/v2\/media?parent=185150"}],"wp:term":[{"taxonomy":"category","embeddable":true,"href":"https:\/\/linitiative.ca\/International\/wp-json\/wp\/v2\/categories?post=185150"},{"taxonomy":"post_tag","embeddable":true,"href":"https:\/\/linitiative.ca\/International\/wp-json\/wp\/v2\/tags?post=185150"}],"curies":[{"name":"wp","href":"https:\/\/api.w.org\/{rel}","templated":true}]}}