{"id":185172,"date":"2026-04-25T08:41:01","date_gmt":"2026-04-25T12:41:01","guid":{"rendered":"https:\/\/linitiative.ca\/International\/snc-bobo-2026-nous-avons-mis-un-point-dhonneur-a-rehausser-leclat-de-la-biennale-pour-marquer-une-rupture-positive-avec-les-editions-precedentes-betamou-fidele-tamin\/"},"modified":"2026-04-25T08:41:01","modified_gmt":"2026-04-25T12:41:01","slug":"snc-bobo-2026-nous-avons-mis-un-point-dhonneur-a-rehausser-leclat-de-la-biennale-pour-marquer-une-rupture-positive-avec-les-editions-precedentes-betamou-fidele-tamin","status":"publish","type":"post","link":"https:\/\/linitiative.ca\/International\/snc-bobo-2026-nous-avons-mis-un-point-dhonneur-a-rehausser-leclat-de-la-biennale-pour-marquer-une-rupture-positive-avec-les-editions-precedentes-betamou-fidele-tamin\/","title":{"rendered":"SNC Bobo 2026 : \u00ab Nous avons mis un point d\u2019honneur \u00e0 rehausser l\u2019\u00e9clat de la biennale pour marquer une rupture positive avec les \u00e9ditions pr\u00e9c\u00e9dentes \u00bb, B\u00e8tamou Fid\u00e8le Tamini, pr\u00e9sident du Comit\u00e9 national d\u2019organisation"},"content":{"rendered":"<div class=\"td-post-featured-image\"><a href=\"https:\/\/www.sidwaya.info\/wp-content\/uploads\/2026\/04\/WhatsApp-Image-2026-04-25-at-12.31.50.jpeg\" data-caption=\"\"><img loading=\"lazy\" decoding=\"async\" width=\"696\" height=\"747\" class=\"entry-thumb td-modal-image\" src=\"https:\/\/www.sidwaya.info\/wp-content\/uploads\/2026\/04\/WhatsApp-Image-2026-04-25-at-12.31.50-696x747.jpeg\" srcset=\"https:\/\/www.sidwaya.info\/wp-content\/uploads\/2026\/04\/WhatsApp-Image-2026-04-25-at-12.31.50-696x747.jpeg 696w, https:\/\/www.sidwaya.info\/wp-content\/uploads\/2026\/04\/WhatsApp-Image-2026-04-25-at-12.31.50-280x300.jpeg 280w, https:\/\/www.sidwaya.info\/wp-content\/uploads\/2026\/04\/WhatsApp-Image-2026-04-25-at-12.31.50-768x824.jpeg 768w, https:\/\/www.sidwaya.info\/wp-content\/uploads\/2026\/04\/WhatsApp-Image-2026-04-25-at-12.31.50-392x420.jpeg 392w, https:\/\/www.sidwaya.info\/wp-content\/uploads\/2026\/04\/WhatsApp-Image-2026-04-25-at-12.31.50-150x161.jpeg 150w, https:\/\/www.sidwaya.info\/wp-content\/uploads\/2026\/04\/WhatsApp-Image-2026-04-25-at-12.31.50-300x322.jpeg 300w, https:\/\/www.sidwaya.info\/wp-content\/uploads\/2026\/04\/WhatsApp-Image-2026-04-25-at-12.31.50.jpeg 854w\" sizes=\"auto, (max-width: 696px) 100vw, 696px\" alt=\"\" title=\"WhatsApp Image 2026-04-25 at 12.31.50\"\/><\/a><\/div>\n<p class=\"p4\"><strong>A quelques heures de l\u2019ouverture de la 22e \u00e9dition de la Semaine nationale de la culture (SNC), Bobo 2026, le pr\u00e9sident du Comit\u00e9 national d\u2019organisation, B\u00e8tamou Fid\u00e8le Tamini, se veut rassurant. Entre innovations majeures, am\u00e9lioration des conditions d\u2019accueil des artistes et d\u00e9fis logistiques ma\u00eetris\u00e9s, il affiche une ambition claire : faire de cette biennale un tournant d\u00e9cisif, \u00e0 la fois festif, professionnel et structurant pour l\u2019\u00e9cosyst\u00e8me culturel burkinab\u00e8.<\/strong><\/p>\n<p class=\"p4\"><strong>Sidwaya (S) :<\/strong> <strong><em>Quel est l\u2019\u00e9tat des pr\u00e9paratifs \u00e0 quelques heures de la c\u00e9r\u00e9monie d\u2019ouverture de la SNC Bobo 2026 ?<\/em><\/strong><em><br \/><\/em> <strong>Fid\u00e8le B\u00e8tamou Aymar Tamini (F.B.A.T) :<\/strong> A ce stade, nous sommes v\u00e9ritablement dans la derni\u00e8re ligne droite, celle des ajustements finaux. Toutes les commissions techniques sont pleinement mobilis\u00e9es sur le terrain pour peaufiner les derniers d\u00e9tails, qu\u2019il s\u2019agisse des infrastructures, des espaces de spectacles ou des dispositifs d\u2019accueil. Le taux d\u2019ex\u00e9cution est globalement tr\u00e8s satisfaisant et traduit l\u2019engagement de tous les acteurs impliqu\u00e9s. Nous abordons cette phase avec s\u00e9r\u00e9nit\u00e9 et confiance, pr\u00eats \u00e0 offrir aux festivaliers une exp\u00e9rience \u00e0 la hauteur de leurs attentes.<\/p>\n<p class=\"p4\"><strong>S :<\/strong> <strong><em>A votre installation, vous aviez promis un \u00e9v\u00e9nement exceptionnel. Cette promesse tient-elle toujours ?<\/em><\/strong><\/p>\n<p class=\"p4\"><strong>F.B.A.T :<\/strong> Plus que jamais. Cette promesse constitue notre ligne directrice. Nous avons travaill\u00e9 \u00e0 insuffler une v\u00e9ritable dynamique d\u2019innovation, tant dans la programmation artistique que dans l\u2019organisation globale. Il ne s\u2019agit pas seulement d\u2019am\u00e9liorer l\u2019existant, mais de proposer une exp\u00e9rience renouvel\u00e9e, immersive et f\u00e9d\u00e9ratrice. Nous avons mis un point d\u2019honneur \u00e0 rehausser le prestige de la biennale afin de marquer une rupture qualitative avec les \u00e9ditions pr\u00e9c\u00e9dentes et repositionner la SNC comme une vitrine culturelle de r\u00e9f\u00e9rence.<\/p>\n<p class=\"p4\"><strong>S :<\/strong> <strong><em>L\u2019h\u00e9bergement et la restauration des artistes ont souvent \u00e9t\u00e9 des points sensibles. Qu\u2019en est-il cette ann\u00e9e ?<\/em><\/strong><\/p>\n<p class=\"p4\"><strong>F.B.A.T :<\/strong> Nous avons tir\u00e9 des enseignements importants des \u00e9ditions pass\u00e9es. Cette ann\u00e9e, l\u2019am\u00e9lioration des conditions de vie des artistes est une priorit\u00e9 assum\u00e9e. Une \u00e9valuation rigoureuse des sites d\u2019h\u00e9bergement a \u00e9t\u00e9 r\u00e9alis\u00e9e afin de garantir un cadre d\u00e9cent, s\u00e9curis\u00e9 et fonctionnel. Par ailleurs, le dispositif de restauration a \u00e9t\u00e9 repens\u00e9 avec une approche plus d\u00e9centralis\u00e9e, permettant une meilleure fluidit\u00e9 du service et une r\u00e9duction significative des d\u00e9lais d\u2019attente. L\u2019objectif est clair, offrir aux artistes un environnement propice \u00e0 la cr\u00e9ativit\u00e9 et \u00e0 la performance.<\/p>\n<p class=\"p4\"><strong>S :<\/strong> <strong><em>O\u00f9 en est-on avec le projet de la cit\u00e9 des Artistes ?<\/em><\/strong><\/p>\n<p class=\"p4\"><strong>F.B.A.T :<\/strong> La cit\u00e9 des Artistes demeure un projet structurant au c\u0153ur de notre vision. Les autorit\u00e9s accordent une attention particuli\u00e8re \u00e0 sa r\u00e9alisation afin qu\u2019elle r\u00e9ponde aux standards attendus par les cr\u00e9ateurs. L\u2019ambition est de mettre en place un espace moderne, s\u00e9curis\u00e9 et convivial, favorisant les \u00e9changes culturels et la fraternit\u00e9 entre les diff\u00e9rentes d\u00e9l\u00e9gations. Au-del\u00e0 de l\u2019\u00e9v\u00e9nement, cette infrastructure s\u2019inscrit dans une perspective durable de valorisation du secteur culturel.<\/p>\n<p class=\"p4\"><strong>S :<\/strong> <strong><em>Quelles sont les principales innovations de cette 22<\/em><\/strong><strong><em><sup>e<\/sup><\/em><\/strong> <strong><em>\u00e9dition ?<\/em><\/strong><em><br \/><\/em> <strong>F.B.A.T :<\/strong> Plusieurs innovations ont \u00e9t\u00e9 introduites pour am\u00e9liorer l\u2019exp\u00e9rience globale. L\u2019introduction de la billetterie num\u00e9rique constitue une avanc\u00e9e majeure, permettant de fluidifier l\u2019acc\u00e8s aux spectacles et de limiter les longues files d\u2019attente. Par ailleurs, nous avons d\u00e9velopp\u00e9 des espaces de rencontres professionnelles afin de positionner la SNC non seulement comme un moment de c\u00e9l\u00e9bration culturelle, mais aussi comme un v\u00e9ritable march\u00e9 d\u2019opportunit\u00e9s pour les artistes et les acteurs du secteur.<\/p>\n<p class=\"p4\"><strong>S :<\/strong> <strong><em>Une organisation de cette envergure implique forc\u00e9ment des d\u00e9fis. Quels sont les principaux ?<\/em><\/strong><\/p>\n<p class=\"p4\"><strong>F.B.A.T :<\/strong> Effectivement, les d\u00e9fis sont multiples, notamment sur les plans logistique et budg\u00e9taire. La gestion des flux de transport, la coordination des diff\u00e9rents prestataires et le respect des d\u00e9lais constituent des enjeux majeurs. A cela s\u2019ajoute la n\u00e9cessit\u00e9 de garantir une qualit\u00e9 constante dans l\u2019ensemble des prestations offertes.<\/p>\n<p class=\"p4\"><strong>S :<\/strong> <strong><em>Comment vous vous en prenez pour y faire face ?<\/em><\/strong><\/p>\n<p class=\"p4\"><strong>F.B.A.T:<\/strong> Nous privil\u00e9gions une approche bas\u00e9e sur la coordination permanente et la rigueur dans la gestion. La communication entre les diff\u00e9rentes commissions est continue, ce qui permet d\u2019anticiper et de r\u00e9soudre rapidement les difficult\u00e9s. L\u2019implication active des autorit\u00e9s r\u00e9gionales et la responsabilisation des membres du comit\u00e9 d\u2019organisation jouent \u00e9galement un r\u00f4le d\u00e9terminant. Cette synergie d\u2019actions nous permet de lever progressivement les contraintes et d\u2019avancer avec efficacit\u00e9 vers la r\u00e9ussite de l\u2019\u00e9v\u00e9nement.<\/p>\n<p class=\"p5\"><strong>Kam\u00e9l\u00e9 FAYAMA<\/strong><\/p>\n<p class=\"p4\"><strong>L\u00e9gende (Kam\u00e9l\u00e9 FAYAMA)\u00a0:<\/strong><\/p>\n<p>Auteur: BH SIDWAYA<br \/>\n<a href=\"https:\/\/www.sidwaya.info\/snc-bobo-2026-nous-avons-mis-un-point-dhonneur-a-rehausser-leclat-de-la-biennale-pour-marquer-une-rupture-positive-avec-les-editions-precedentes-betamou-fidele-tamini-p\/\">Cliquez ici pour lire l&rsquo;article depuis sa source.<\/a><\/p>\n","protected":false},"excerpt":{"rendered":"<p>A quelques heures de l\u2019ouverture de la 22e \u00e9dition de la Semaine nationale de la culture (SNC), Bobo 2026, le pr\u00e9sident du Comit\u00e9 national d\u2019organisation, B\u00e8tamou Fid\u00e8le Tamini, se veut rassurant. Entre innovations majeures, am\u00e9lioration des conditions d\u2019accueil des artistes et d\u00e9fis logistiques ma\u00eetris\u00e9s, il affiche une ambition claire : faire de cette biennale un [&hellip;]<\/p>\n","protected":false},"author":1816,"featured_media":185173,"comment_status":"closed","ping_status":"closed","sticky":false,"template":"","format":"standard","meta":{"fifu_image_url":"https:\/\/www.sidwaya.info\/wp-content\/uploads\/2026\/04\/WhatsApp-Image-2026-04-25-at-12.31.50.jpeg","fifu_image_alt":"SNC Bobo 2026 : \u00ab Nous avons mis un point d\u2019honneur \u00e0 rehausser l\u2019\u00e9clat de la biennale pour marquer une rupture positive avec les \u00e9ditions pr\u00e9c\u00e9dentes \u00bb, B\u00e8tamou Fid\u00e8le Tamini, pr\u00e9sident du Comit\u00e9 national d\u2019organisation","footnotes":""},"categories":[73,81],"tags":[],"class_list":["post-185172","post","type-post","status-publish","format-standard","has-post-thumbnail","hentry","category-actualite","category-burkina-faso"],"_links":{"self":[{"href":"https:\/\/linitiative.ca\/International\/wp-json\/wp\/v2\/posts\/185172","targetHints":{"allow":["GET"]}}],"collection":[{"href":"https:\/\/linitiative.ca\/International\/wp-json\/wp\/v2\/posts"}],"about":[{"href":"https:\/\/linitiative.ca\/International\/wp-json\/wp\/v2\/types\/post"}],"author":[{"embeddable":true,"href":"https:\/\/linitiative.ca\/International\/wp-json\/wp\/v2\/users\/1816"}],"replies":[{"embeddable":true,"href":"https:\/\/linitiative.ca\/International\/wp-json\/wp\/v2\/comments?post=185172"}],"version-history":[{"count":0,"href":"https:\/\/linitiative.ca\/International\/wp-json\/wp\/v2\/posts\/185172\/revisions"}],"wp:featuredmedia":[{"embeddable":true,"href":"https:\/\/linitiative.ca\/International\/wp-json\/wp\/v2\/media\/185173"}],"wp:attachment":[{"href":"https:\/\/linitiative.ca\/International\/wp-json\/wp\/v2\/media?parent=185172"}],"wp:term":[{"taxonomy":"category","embeddable":true,"href":"https:\/\/linitiative.ca\/International\/wp-json\/wp\/v2\/categories?post=185172"},{"taxonomy":"post_tag","embeddable":true,"href":"https:\/\/linitiative.ca\/International\/wp-json\/wp\/v2\/tags?post=185172"}],"curies":[{"name":"wp","href":"https:\/\/api.w.org\/{rel}","templated":true}]}}