{"id":185178,"date":"2026-04-25T11:14:27","date_gmt":"2026-04-25T15:14:27","guid":{"rendered":"https:\/\/linitiative.ca\/International\/bobo-dioulasso-le-capitaine-ibrahim-traore-echange-avec-les-premiers-ministres-de-la-confederation-aes-autour-de-la-problematique-de-la-culture\/"},"modified":"2026-04-25T11:14:27","modified_gmt":"2026-04-25T15:14:27","slug":"bobo-dioulasso-le-capitaine-ibrahim-traore-echange-avec-les-premiers-ministres-de-la-confederation-aes-autour-de-la-problematique-de-la-culture","status":"publish","type":"post","link":"https:\/\/linitiative.ca\/International\/bobo-dioulasso-le-capitaine-ibrahim-traore-echange-avec-les-premiers-ministres-de-la-confederation-aes-autour-de-la-problematique-de-la-culture\/","title":{"rendered":"Bobo-Dioulasso: Le Capitaine Ibrahim TRAOR\u00c9 \u00e9change avec les Premiers ministres de la Conf\u00e9d\u00e9ration AES autour de la probl\u00e9matique de la culture"},"content":{"rendered":"<div class=\"td-post-featured-image\"><a href=\"https:\/\/www.sidwaya.info\/wp-content\/uploads\/2026\/04\/WhatsApp-Image-2026-04-25-at-15.06.46-1.jpeg\" data-caption=\"\"><img loading=\"lazy\" decoding=\"async\" width=\"696\" height=\"464\" class=\"entry-thumb td-modal-image\" src=\"https:\/\/www.sidwaya.info\/wp-content\/uploads\/2026\/04\/WhatsApp-Image-2026-04-25-at-15.06.46-1-696x464.jpeg\" srcset=\"https:\/\/www.sidwaya.info\/wp-content\/uploads\/2026\/04\/WhatsApp-Image-2026-04-25-at-15.06.46-1-696x464.jpeg 696w, https:\/\/www.sidwaya.info\/wp-content\/uploads\/2026\/04\/WhatsApp-Image-2026-04-25-at-15.06.46-1-300x200.jpeg 300w, https:\/\/www.sidwaya.info\/wp-content\/uploads\/2026\/04\/WhatsApp-Image-2026-04-25-at-15.06.46-1-1024x682.jpeg 1024w, https:\/\/www.sidwaya.info\/wp-content\/uploads\/2026\/04\/WhatsApp-Image-2026-04-25-at-15.06.46-1-768x512.jpeg 768w, https:\/\/www.sidwaya.info\/wp-content\/uploads\/2026\/04\/WhatsApp-Image-2026-04-25-at-15.06.46-1-630x420.jpeg 630w, https:\/\/www.sidwaya.info\/wp-content\/uploads\/2026\/04\/WhatsApp-Image-2026-04-25-at-15.06.46-1-150x100.jpeg 150w, https:\/\/www.sidwaya.info\/wp-content\/uploads\/2026\/04\/WhatsApp-Image-2026-04-25-at-15.06.46-1-1068x712.jpeg 1068w, https:\/\/www.sidwaya.info\/wp-content\/uploads\/2026\/04\/WhatsApp-Image-2026-04-25-at-15.06.46-1.jpeg 1280w\" sizes=\"auto, (max-width: 696px) 100vw, 696px\" alt=\"\" title=\"WhatsApp Image 2026-04-25 at 15.06.46 (1)\"\/><\/a><\/div>\n<p>Le Pr\u00e9sident du Faso, Pr\u00e9sident de la Conf\u00e9d\u00e9ration des \u00c9tats du Sahel (AES), Son Excellence le Capitaine Ibrahim TRAOR\u00c9, a re\u00e7u en audience les Premiers Ministres des pays membres de la Conf\u00e9d\u00e9ration AES pr\u00e9sents \u00e0 Bobo-Dioulasso pour la 22e \u00e9dition de la Semaine nationale de la culture (SNC).<br \/>En pr\u00e9sence des Ministres en charge de la culture des trois pays, les Premiers ministres Rimtalba Jean Emmanuel OUEDRAOGO du Burkina Faso, Abdoulaye MAIGA du Mali et Ali Mahaman Lamine ZEINE du Niger ont \u00e9chang\u00e9 avec le Chef de l\u2019\u00c9tat autour de la fraternit\u00e9 politique et l\u2019orientation strat\u00e9gique sur la culture comme pilier de souverainet\u00e9 et de r\u00e9sistance.<\/p>\n<p>Le Porte-parole de la d\u00e9l\u00e9gation, le Premier ministre malien, le G\u00e9n\u00e9ral de Division Abdoulaye MAIGA au sortir de l\u2019audience avec le Pr\u00e9sident du Faso et Pr\u00e9sident de la Conf\u00e9d\u00e9ration des \u00c9tats du Sahel, le Capitaine Ibrahim Traor\u00e9, a dit avoir transmis \u00ab les salutations fraternelles \u00bb des dirigeants du Niger et du Mali, r\u00e9affirmant l\u2019unit\u00e9 des trois pays membres de la Conf\u00e9d\u00e9ration. Leur invitation \u00e0 la Semaine Nationale de la Culture est accueillie avec gratitude : \u00ab Nous lui avons exprim\u00e9 la gratitude suite \u00e0 l\u2019invitation qui nous a \u00e9t\u00e9 adress\u00e9e de participer aux c\u00f4t\u00e9s des braves populations du Burkina Faso. \u00bb<br \/>Selon le Premier Ministre malien, cette rencontre a permis de rappeler la place centrale de la culture dans la construction de la souverainet\u00e9 sah\u00e9lienne. \u00ab La souverainet\u00e9 qui constitue le socle de la Conf\u00e9d\u00e9ration des \u00c9tats du Sahel repose d\u2019abord et avant tout sur la culture. \u00bb, a-t-il soulign\u00e9.<br \/>Selon lui, le Capitaine Ibrahim TRAOR\u00c9 a insist\u00e9 sur la dimension identitaire et unitaire du projet conf\u00e9d\u00e9ral : \u00ab En r\u00e9alit\u00e9 nous sommes un m\u00eame peuple. Il n\u2019y a aucune diff\u00e9rence. \u00bb, a-t-il d\u00e9clar\u00e9, tout en indiquant que cette orientation traduit la volont\u00e9 de b\u00e2tir une communaut\u00e9 soud\u00e9e face aux d\u00e9fis communs : \u00ab Nous avons le m\u00eame combat \u00e0 mener. Combat contre l\u2019adversit\u00e9, contre le terrorisme, contre toutes sortes de manipulations\u2026 combat surtout contre le sous-d\u00e9veloppement. \u00bb<\/p>\n<p>Direction de la communication de la Pr\u00e9sidence du Faso<\/p>\n<p>Auteur: BS. Sidwaya<br \/>\n<a href=\"https:\/\/www.sidwaya.info\/bobo-dioulasso-le-capitaine-ibrahim-traore-echange-avec-les-premiers-ministres-de-la-confederation-aes-autour-de-la-problematique-de-la-culture\/\">Cliquez ici pour lire l&rsquo;article depuis sa source.<\/a><\/p>\n","protected":false},"excerpt":{"rendered":"<p>Le Pr\u00e9sident du Faso, Pr\u00e9sident de la Conf\u00e9d\u00e9ration des \u00c9tats du Sahel (AES), Son Excellence le Capitaine Ibrahim TRAOR\u00c9, a re\u00e7u en audience les Premiers Ministres des pays membres de la Conf\u00e9d\u00e9ration AES pr\u00e9sents \u00e0 Bobo-Dioulasso pour la 22e \u00e9dition de la Semaine nationale de la culture (SNC).En pr\u00e9sence des Ministres en charge de la [&hellip;]<\/p>\n","protected":false},"author":1816,"featured_media":185179,"comment_status":"closed","ping_status":"closed","sticky":false,"template":"","format":"standard","meta":{"fifu_image_url":"https:\/\/www.sidwaya.info\/wp-content\/uploads\/2026\/04\/WhatsApp-Image-2026-04-25-at-15.06.46-1.jpeg","fifu_image_alt":"Bobo-Dioulasso: Le Capitaine Ibrahim TRAOR\u00c9 \u00e9change avec les Premiers ministres de la Conf\u00e9d\u00e9ration AES autour de la probl\u00e9matique de la culture","footnotes":""},"categories":[73,81],"tags":[],"class_list":["post-185178","post","type-post","status-publish","format-standard","has-post-thumbnail","hentry","category-actualite","category-burkina-faso"],"_links":{"self":[{"href":"https:\/\/linitiative.ca\/International\/wp-json\/wp\/v2\/posts\/185178","targetHints":{"allow":["GET"]}}],"collection":[{"href":"https:\/\/linitiative.ca\/International\/wp-json\/wp\/v2\/posts"}],"about":[{"href":"https:\/\/linitiative.ca\/International\/wp-json\/wp\/v2\/types\/post"}],"author":[{"embeddable":true,"href":"https:\/\/linitiative.ca\/International\/wp-json\/wp\/v2\/users\/1816"}],"replies":[{"embeddable":true,"href":"https:\/\/linitiative.ca\/International\/wp-json\/wp\/v2\/comments?post=185178"}],"version-history":[{"count":0,"href":"https:\/\/linitiative.ca\/International\/wp-json\/wp\/v2\/posts\/185178\/revisions"}],"wp:featuredmedia":[{"embeddable":true,"href":"https:\/\/linitiative.ca\/International\/wp-json\/wp\/v2\/media\/185179"}],"wp:attachment":[{"href":"https:\/\/linitiative.ca\/International\/wp-json\/wp\/v2\/media?parent=185178"}],"wp:term":[{"taxonomy":"category","embeddable":true,"href":"https:\/\/linitiative.ca\/International\/wp-json\/wp\/v2\/categories?post=185178"},{"taxonomy":"post_tag","embeddable":true,"href":"https:\/\/linitiative.ca\/International\/wp-json\/wp\/v2\/tags?post=185178"}],"curies":[{"name":"wp","href":"https:\/\/api.w.org\/{rel}","templated":true}]}}