{"id":185182,"date":"2026-04-25T09:07:22","date_gmt":"2026-04-25T13:07:22","guid":{"rendered":"https:\/\/linitiative.ca\/International\/rapatriement-des-devises-le-gouvernement-de-la-beac-durcit-le-ton\/"},"modified":"2026-04-25T09:07:22","modified_gmt":"2026-04-25T13:07:22","slug":"rapatriement-des-devises-le-gouvernement-de-la-beac-durcit-le-ton","status":"publish","type":"post","link":"https:\/\/linitiative.ca\/International\/rapatriement-des-devises-le-gouvernement-de-la-beac-durcit-le-ton\/","title":{"rendered":"Rapatriement des devises : le gouvernement de la B\u00e9ac durcit le ton"},"content":{"rendered":"<div class=\"td-post-featured-image\"><a href=\"https:\/\/journaldiapason.com\/wp-content\/uploads\/2026\/04\/Yvon-Sana-Bangui-BEAC-Gabon-Lunion.webp\" data-caption=\"\"><img loading=\"lazy\" decoding=\"async\" width=\"640\" height=\"426\" class=\"entry-thumb td-modal-image\" src=\"https:\/\/journaldiapason.com\/wp-content\/uploads\/2026\/04\/Yvon-Sana-Bangui-BEAC-Gabon-Lunion-640x426.webp\" srcset=\"https:\/\/journaldiapason.com\/wp-content\/uploads\/2026\/04\/Yvon-Sana-Bangui-BEAC-Gabon-Lunion-640x426.webp 640w, https:\/\/journaldiapason.com\/wp-content\/uploads\/2026\/04\/Yvon-Sana-Bangui-BEAC-Gabon-Lunion-300x200.webp 300w, https:\/\/journaldiapason.com\/wp-content\/uploads\/2026\/04\/Yvon-Sana-Bangui-BEAC-Gabon-Lunion-768x512.webp 768w, https:\/\/journaldiapason.com\/wp-content\/uploads\/2026\/04\/Yvon-Sana-Bangui-BEAC-Gabon-Lunion-630x420.webp 630w, https:\/\/journaldiapason.com\/wp-content\/uploads\/2026\/04\/Yvon-Sana-Bangui-BEAC-Gabon-Lunion-681x454.webp 681w, https:\/\/journaldiapason.com\/wp-content\/uploads\/2026\/04\/Yvon-Sana-Bangui-BEAC-Gabon-Lunion-600x400.webp 600w, https:\/\/journaldiapason.com\/wp-content\/uploads\/2026\/04\/Yvon-Sana-Bangui-BEAC-Gabon-Lunion.webp 800w\" sizes=\"auto, (max-width: 640px) 100vw, 640px\" alt=\"\" title=\"Yvon-Sana-Bangui-BEAC-Gabon-Lunion\"\/><\/a><\/div>\n<p>Par une instruction du 23 avril 2026, Yvon Sana Bangui, gouverneur de la Banque des \u00c9tats de l\u2019Afrique Centrale, acte un rel\u00e8vement progressif des taux applicables aux entreprises extractives.<\/p>\n<p>La question des fonds de rapatriement des devises dans la Cemac revient au c\u0153ur du d\u00e9bat \u00e9conomique r\u00e9gional. Le 23 avril 2026, dans un communiqu\u00e9 sign\u00e9 de Yvon Sana Bangui, gouverneur de la B\u00e9ac , il a d\u00e9cid\u00e9 : \u00ab Le taux de rapatriement dans la Cemac des devises g\u00e9n\u00e9r\u00e9es par les activit\u00e9s des soci\u00e9t\u00e9s extractives, incluant les paiements en nature, qu\u2019il s\u2019agisse de redevances ou de profits p\u00e9troliers ou miniers, est relev\u00e9 progressivement selon le calendrier ci-apr\u00e8s : 50% \u00e0 compter du 1er janvier 2027 ; 70 % \u00e0 compter du 1er janvier 2028 \u00bb.<\/p>\n<p>Dans la suite du communiqu\u00e9, les directeurs nationaux de la B\u00e9ac sont charg\u00e9s de notifier cette instruction aux soci\u00e9t\u00e9s extractives ainsi qu\u2019aux \u00e9tablissements de cr\u00e9dit de leur ressort territorial.Actuellement, le taux de rapatriement dans la Cemac des recettes d\u2019exportation des soci\u00e9t\u00e9s extractives est fix\u00e9 \u00e0 35%.<\/p>\n<p>La mesure gouverneur de la B\u00e9ac traduit la volont\u00e9 des autorit\u00e9s mon\u00e9taires de renforcer les r\u00e9serves de change et de consolider la stabilit\u00e9 du franc CFA.Ce durcissement s\u2019inscrit dans un contexte de vuln\u00e9rabilit\u00e9 ext\u00e9rieure persistante pour les \u00e9conomies de la Communaut\u00e9 \u00c9conomique et Mon\u00e9taire de l\u2019Afrique Centrale.<\/p>\n<p>Malgr\u00e9 une am\u00e9lioration relative des indicateurs macro\u00e9conomiques, les r\u00e9serves de change restent sous pression, notamment du fait de la d\u00e9pendance aux exportations de mati\u00e8res premi\u00e8res. Le rapatriement effectif des devises issues du p\u00e9trole, du gaz et des mines appara\u00eet d\u00e8s lors comme un levier strat\u00e9gique pour soutenir la liquidit\u00e9 ext\u00e9rieure.<\/p>\n<p>Mais sur le terrain, la mise en \u0153uvre suscite des r\u00e9serves. Les compagnies extractives, souvent multinationales, redoutent un impact sur leur tr\u00e9sorerie et leur flexibilit\u00e9 financi\u00e8re. Elles plaident pour une application progressive, assortie de m\u00e9canismes d\u2019accompagnement, notamment en mati\u00e8re de convertibilit\u00e9 et de gestion des comptes offshore. Certaines \u00e9voquent \u00e9galement le risque d\u2019une perte d\u2019attractivit\u00e9 des juridictions de la CEMAC face \u00e0 d\u2019autres r\u00e9gions concurrentes.<\/p>\n<p>Du c\u00f4t\u00e9 des \u00c9tats, en revanche, le discours est plus ferme. Le rapatriement des devises est per\u00e7u comme une exigence de souverainet\u00e9 \u00e9conomique et de transparence. Plusieurs gouvernements d\u00e9noncent depuis des ann\u00e9es des pratiques d\u2019optimisation financi\u00e8re qui privent les \u00e9conomies locales d\u2019une part significative des revenus g\u00e9n\u00e9r\u00e9s par leurs ressources naturelles. La r\u00e9forme engag\u00e9e par la B\u00e9ac vise ainsi \u00e0 r\u00e9\u00e9quilibrer les rapports entre int\u00e9r\u00eats priv\u00e9s et imp\u00e9ratifs macro\u00e9conomiques.<\/p>\n<p>Reste la question cruciale de l\u2019effectivit\u00e9. Les pr\u00e9c\u00e9dentes r\u00e9glementations ont souvent souffert d\u2019une application in\u00e9gale, faute de dispositifs de contr\u00f4le robustes et de coordination entre acteurs. Le succ\u00e8s de cette nouvelle instruction d\u00e9pendra donc de la capacit\u00e9 des autorit\u00e9s \u00e0 instaurer un suivi rigoureux, tout en maintenant un dialogue constructif avec les op\u00e9rateurs.<\/p>\n<p><strong>L\u00e9on Mgba<\/strong><\/p>\n<p>Auteur: Diapason Media Group Diapason Media Group<br \/>\n<a href=\"https:\/\/journaldiapason.com\/2026\/04\/25\/rapatriement-des-devises-le-gouvernement-de-la-beac-durcit-le-ton\/\">Cliquez ici pour lire l&rsquo;article depuis sa source.<\/a><\/p>\n","protected":false},"excerpt":{"rendered":"<p>Par une instruction du 23 avril 2026, Yvon Sana Bangui, gouverneur de la Banque des \u00c9tats de l\u2019Afrique Centrale, acte un rel\u00e8vement progressif des taux applicables aux entreprises extractives. La question des fonds de rapatriement des devises dans la Cemac revient au c\u0153ur du d\u00e9bat \u00e9conomique r\u00e9gional. Le 23 avril 2026, dans un communiqu\u00e9 sign\u00e9 [&hellip;]<\/p>\n","protected":false},"author":1966,"featured_media":185183,"comment_status":"closed","ping_status":"closed","sticky":false,"template":"","format":"standard","meta":{"fifu_image_url":"http:\/\/journaldiapason.com\/wp-content\/uploads\/2026\/04\/Yvon-Sana-Bangui-BEAC-Gabon-Lunion.webp","fifu_image_alt":"Rapatriement des devises : le gouvernement de la B\u00e9ac durcit le ton","footnotes":""},"categories":[73,82],"tags":[],"class_list":["post-185182","post","type-post","status-publish","format-standard","has-post-thumbnail","hentry","category-actualite","category-cameroun"],"_links":{"self":[{"href":"https:\/\/linitiative.ca\/International\/wp-json\/wp\/v2\/posts\/185182","targetHints":{"allow":["GET"]}}],"collection":[{"href":"https:\/\/linitiative.ca\/International\/wp-json\/wp\/v2\/posts"}],"about":[{"href":"https:\/\/linitiative.ca\/International\/wp-json\/wp\/v2\/types\/post"}],"author":[{"embeddable":true,"href":"https:\/\/linitiative.ca\/International\/wp-json\/wp\/v2\/users\/1966"}],"replies":[{"embeddable":true,"href":"https:\/\/linitiative.ca\/International\/wp-json\/wp\/v2\/comments?post=185182"}],"version-history":[{"count":0,"href":"https:\/\/linitiative.ca\/International\/wp-json\/wp\/v2\/posts\/185182\/revisions"}],"wp:featuredmedia":[{"embeddable":true,"href":"https:\/\/linitiative.ca\/International\/wp-json\/wp\/v2\/media\/185183"}],"wp:attachment":[{"href":"https:\/\/linitiative.ca\/International\/wp-json\/wp\/v2\/media?parent=185182"}],"wp:term":[{"taxonomy":"category","embeddable":true,"href":"https:\/\/linitiative.ca\/International\/wp-json\/wp\/v2\/categories?post=185182"},{"taxonomy":"post_tag","embeddable":true,"href":"https:\/\/linitiative.ca\/International\/wp-json\/wp\/v2\/tags?post=185182"}],"curies":[{"name":"wp","href":"https:\/\/api.w.org\/{rel}","templated":true}]}}