{"id":185184,"date":"2026-04-25T07:09:54","date_gmt":"2026-04-25T11:09:54","guid":{"rendered":"https:\/\/linitiative.ca\/International\/congo-sassou-nguesso-elargit-son-gouvernement-a-41-ministres\/"},"modified":"2026-04-25T07:09:54","modified_gmt":"2026-04-25T11:09:54","slug":"congo-sassou-nguesso-elargit-son-gouvernement-a-41-ministres","status":"publish","type":"post","link":"https:\/\/linitiative.ca\/International\/congo-sassou-nguesso-elargit-son-gouvernement-a-41-ministres\/","title":{"rendered":"Congo : Sassou Nguesso \u00e9largit son gouvernement \u00e0 41 ministres"},"content":{"rendered":"<div>Plus de ministres, peu de changements. Au Congo le Pr\u00e9sident de la R\u00e9publique\u00a0fra\u00eechement r\u00e9\u00e9lu remanie son gouvernement sans bouleverser les \u00e9quilibres.<\/div>\n<p>Auteur: Marius Zogo<br \/>\n<a href=\"https:\/\/ecomatin.net\/congo-sassou-nguesso-elargit-son-gouvernement-a-41-ministeres\">Cliquez ici pour lire l&rsquo;article depuis sa source.<\/a><\/p>\n","protected":false},"excerpt":{"rendered":"<p>Plus de ministres, peu de changements. Au Congo le Pr\u00e9sident de la R\u00e9publique\u00a0fra\u00eechement r\u00e9\u00e9lu remanie son gouvernement sans bouleverser les \u00e9quilibres. Auteur: Marius Zogo Cliquez ici pour lire l&rsquo;article depuis sa source.<\/p>\n","protected":false},"author":1969,"featured_media":0,"comment_status":"closed","ping_status":"closed","sticky":false,"template":"","format":"standard","meta":{"fifu_image_url":"","fifu_image_alt":"","footnotes":""},"categories":[82,78],"tags":[],"class_list":["post-185184","post","type-post","status-publish","format-standard","hentry","category-cameroun","category-economie"],"_links":{"self":[{"href":"https:\/\/linitiative.ca\/International\/wp-json\/wp\/v2\/posts\/185184","targetHints":{"allow":["GET"]}}],"collection":[{"href":"https:\/\/linitiative.ca\/International\/wp-json\/wp\/v2\/posts"}],"about":[{"href":"https:\/\/linitiative.ca\/International\/wp-json\/wp\/v2\/types\/post"}],"author":[{"embeddable":true,"href":"https:\/\/linitiative.ca\/International\/wp-json\/wp\/v2\/users\/1969"}],"replies":[{"embeddable":true,"href":"https:\/\/linitiative.ca\/International\/wp-json\/wp\/v2\/comments?post=185184"}],"version-history":[{"count":0,"href":"https:\/\/linitiative.ca\/International\/wp-json\/wp\/v2\/posts\/185184\/revisions"}],"wp:attachment":[{"href":"https:\/\/linitiative.ca\/International\/wp-json\/wp\/v2\/media?parent=185184"}],"wp:term":[{"taxonomy":"category","embeddable":true,"href":"https:\/\/linitiative.ca\/International\/wp-json\/wp\/v2\/categories?post=185184"},{"taxonomy":"post_tag","embeddable":true,"href":"https:\/\/linitiative.ca\/International\/wp-json\/wp\/v2\/tags?post=185184"}],"curies":[{"name":"wp","href":"https:\/\/api.w.org\/{rel}","templated":true}]}}