{"id":185187,"date":"2026-04-25T08:06:49","date_gmt":"2026-04-25T12:06:49","guid":{"rendered":"https:\/\/linitiative.ca\/International\/cameroun-le-defi-du-recensement-de-la-population-dans-les-regions-en-crise-securitaire\/"},"modified":"2026-04-25T08:06:49","modified_gmt":"2026-04-25T12:06:49","slug":"cameroun-le-defi-du-recensement-de-la-population-dans-les-regions-en-crise-securitaire","status":"publish","type":"post","link":"https:\/\/linitiative.ca\/International\/cameroun-le-defi-du-recensement-de-la-population-dans-les-regions-en-crise-securitaire\/","title":{"rendered":"Cameroun : le d\u00e9fi du recensement de la population dans les r\u00e9gions en crise s\u00e9curitaire"},"content":{"rendered":"<div>Le Cameroun lance son quatri\u00e8me recensement dans un contexte s\u00e9curitaire fragile, notamment dans les r\u00e9gions anglophones et l\u2019Extr\u00eame-Nord. Pour contourner les zones inaccessibles, les autorit\u00e9s misent sur une approche hybride combinant collecte de terrain et mod\u00e9lisation statistique.<\/div>\n<p>Auteur: Marius Zogo<br \/>\n<a href=\"https:\/\/ecomatin.net\/cameroun-le-defi-du-recensement-de-la-population-dans-les-regions-en-crise-securitaire\">Cliquez ici pour lire l&rsquo;article depuis sa source.<\/a><\/p>\n","protected":false},"excerpt":{"rendered":"<p>Le Cameroun lance son quatri\u00e8me recensement dans un contexte s\u00e9curitaire fragile, notamment dans les r\u00e9gions anglophones et l\u2019Extr\u00eame-Nord. Pour contourner les zones inaccessibles, les autorit\u00e9s misent sur une approche hybride combinant collecte de terrain et mod\u00e9lisation statistique. Auteur: Marius Zogo Cliquez ici pour lire l&rsquo;article depuis sa source.<\/p>\n","protected":false},"author":1969,"featured_media":0,"comment_status":"closed","ping_status":"closed","sticky":false,"template":"","format":"standard","meta":{"fifu_image_url":"","fifu_image_alt":"","footnotes":""},"categories":[82,78],"tags":[],"class_list":["post-185187","post","type-post","status-publish","format-standard","hentry","category-cameroun","category-economie"],"_links":{"self":[{"href":"https:\/\/linitiative.ca\/International\/wp-json\/wp\/v2\/posts\/185187","targetHints":{"allow":["GET"]}}],"collection":[{"href":"https:\/\/linitiative.ca\/International\/wp-json\/wp\/v2\/posts"}],"about":[{"href":"https:\/\/linitiative.ca\/International\/wp-json\/wp\/v2\/types\/post"}],"author":[{"embeddable":true,"href":"https:\/\/linitiative.ca\/International\/wp-json\/wp\/v2\/users\/1969"}],"replies":[{"embeddable":true,"href":"https:\/\/linitiative.ca\/International\/wp-json\/wp\/v2\/comments?post=185187"}],"version-history":[{"count":0,"href":"https:\/\/linitiative.ca\/International\/wp-json\/wp\/v2\/posts\/185187\/revisions"}],"wp:attachment":[{"href":"https:\/\/linitiative.ca\/International\/wp-json\/wp\/v2\/media?parent=185187"}],"wp:term":[{"taxonomy":"category","embeddable":true,"href":"https:\/\/linitiative.ca\/International\/wp-json\/wp\/v2\/categories?post=185187"},{"taxonomy":"post_tag","embeddable":true,"href":"https:\/\/linitiative.ca\/International\/wp-json\/wp\/v2\/tags?post=185187"}],"curies":[{"name":"wp","href":"https:\/\/api.w.org\/{rel}","templated":true}]}}