{"id":185193,"date":"2026-04-26T17:01:40","date_gmt":"2026-04-26T21:01:40","guid":{"rendered":"https:\/\/linitiative.ca\/International\/sadok-belaid-commemoration-du-40e-jour-de-son-deces-album-photos\/"},"modified":"2026-04-26T17:01:40","modified_gmt":"2026-04-26T21:01:40","slug":"sadok-belaid-commemoration-du-40e-jour-de-son-deces-album-photos","status":"publish","type":"post","link":"https:\/\/linitiative.ca\/International\/sadok-belaid-commemoration-du-40e-jour-de-son-deces-album-photos\/","title":{"rendered":"Sadok Bela\u00efd: comm\u00e9moration du 40e jour de son d\u00e9c\u00e8s (Album photos)"},"content":{"rendered":"<p>Coll\u00e8gues et disciples ainsi que proches parents \u00e9taient nombreux pour comm\u00e9morer samedi 25 avril 2026 le 40eme jour du d\u00e9c\u00e8s du doyen Sadok Bela\u00efd. La c\u00e9r\u00e9monie organis\u00e9e par la facult\u00e9 des sciences juridiques, politiques et sociales de Tunis a \u00e9t\u00e9 \u00e9mouvante. \u00c9vocations affectueuses d\u2019heureux moments pass\u00e9s en sa compagnie, et rappel de son brillant parcours acad\u00e9mique ainsi que de sa rigueur: une figure qui restera embl\u00e9matique.<\/p>\n<p>Le doyen Wahid Ferchichi avait invit\u00e9 \u00e0 la tribune Samir B\u00eacha, repr\u00e9sentant du ministre de l\u2019Enseignement sup\u00e9rieur et de la recherche scientifique, Mustapha Belltaifa, Sami Bostangi, Lotfi Chedly, Salwa Hamrouni (qui a lu un message du doyen de la facult\u00e9 de droit de Sfax), Fadhel Moussa, Hatem Kotrane, Chedly Ben Younes, Soukaina Bouraoui et Kalthoum Meziou.<\/p>\n<p>Au nom de la famille, Boutheina Belaid prononcera l\u2019allocution suivante:<\/p>\n<p><em>Je me tiens ici, en un lieu qui \u00e9tait si cher \u00e0 notre p\u00e8re, un amphith\u00e9\u00e2tre, dans un lieu consacr\u00e9 \u00e0 l\u2019enseignement, parmi ses coll\u00e8gues, ses anciens \u00e9tudiants, ses \u00abenfants\u00bb, comme il aimait tous vous appeler.<\/em><\/p>\n<p><em>Nous vous remercions de nous permettre de voler ces quelques instants \u00e0 l\u2019\u00e9ternit\u00e9 et de le sentir de nouveau pr\u00e9sent parmi nous, \u00e0 travers chacun de vous.<\/em><\/p>\n<p><em>La r\u00e9putation qu\u2019avait notre p\u00e8re d\u2019\u00eatre un professeur exigeant n\u2019est plus \u00e0 faire. Ce que l\u2019on sait peut-\u00eatre moins, c\u2019est que, exigeant, il l\u2019il \u00e9tait encore plus envers lui-m\u00eame.<\/em><\/p>\n<p><em>Sa rigueur n\u2019\u00e9tait, toutefois, jamais duret\u00e9. Elle \u00e9tait, au fond, un engagement absolu -une qu\u00eate sinc\u00e8re : celle de pousser la recherche toujours plus loin, et d\u2019inciter ses \u00e9tudiants \u00e0 penser, \u00e0 cr\u00e9er, et \u00e0 briller par eux-m\u00eames.<\/em><\/p>\n<p><em>C\u2019\u00e9tait sa mani\u00e8re \u00e0 lui d\u2019aimer. Aimer le savoir, la recherche, l\u2019excellence et la distinction\u2026 et d\u2019aimer ses enfants.<br \/>C\u2019\u00e9tait aussi sa mani\u00e8re \u00e0 lui d\u2019\u00eatre g\u00e9n\u00e9reux, de donner de sa personne. Et surtout de faire ce qui lui paraissait juste.<br \/>Merci, Mesdames, Messieurs, pour votre fid\u00e9lit\u00e9 \u00e0 la m\u00e9moire de notre p\u00e8re.<\/em><br \/>\u00a0<\/p>\n<p><strong>Lire aussi<\/strong><\/p>\n<p><a href=\"https:\/\/www.leaders.com.tn\/article\/37891-francis-delperee-sadok-le-juste\" target=\"_blank\">Francis Delp\u00e9r\u00e9e: Sadok, le Juste\u00a0<\/a><\/p>\n<p><a href=\"https:\/\/www.leaders.com.tn\/article\/37842-hatem-kotrane-hommage-a-sadok-belaid-le-doyen-de-tous\" target=\"_blank\">Hatem Kotrane : Hommage \u00e0 Sadok Bela\u00efd, le doyen de tous<\/a><\/p>\n<p><a href=\"https:\/\/www.leaders.com.tn\/article\/37844-obseques-du-doyen-sadok-belaid-dans-l-emotion-et-le-recueillement-album-photos\" target=\"_blank\">Obs\u00e8ques du doyen Sadok Bela\u00efd: Dans l\u2019\u00e9motion et le recueillement (Album photos)<\/a><\/p>\n<p><a href=\"https:\/\/www.leaders.com.tn\/article\/37841-le-doyen-sadok-belaid-est-decede-l-erudition-et-l-ingeniosite-de-l-architecture-instituionnelle\" target=\"_blank\">Le doyen Sadok Belaid est d\u00e9c\u00e9d\u00e9 : l&rsquo;\u00e9rudition et l&rsquo;ingeniosit\u00e9 de l&rsquo;architecture instituionnelle<\/a><\/p>\n<p><a href=\"https:\/\/www.leaders.com.tn\/article\/37882-hommage-a-si-sadok-belaid-un-homme-de-conviction-un-intellectuel-et-un-citoyen-engage\" target=\"_blank\">Hommage de la Pr Kalthoum Meziou Doura\u00ef \u00e0 Sadok Bela\u00efd: Un homme de conviction, un intellectuel et un citoyen engag\u00e9<\/a><\/p>\n<p><a href=\"https:\/\/www.leaders.com.tn\/article\/37899-wahid-ferchichi-sadok-belaid-pionnier-des-juristes-doyens\" target=\"_blank\">Wahid Ferchichi: Sadok Bela\u00efd, pionnier des juristes-doyens\u2026<\/a><\/p>\n<p><a href=\"https:\/\/www.leaders.com.tn\/article\/37904-mohamed-salah-ben-aissa-hommage-a-un-maitre-quelques-verites-pour-l-histoire\" target=\"_blank\">Mohamed Salah Ben A\u00efssa &#8211; Hommage \u00e0 un ma\u00eetre; quelques v\u00e9rit\u00e9s pour l&rsquo;histoire<\/a><\/p>\n<p><a href=\"https:\/\/www.leaders.com.tn\/article\/37906-hommage-au-doyen-sadok-belaid-temoignage-et-dialogue-entre-philippe-noiret-bertrand-blier-louis-de-funes-et-raymond-devos\" target=\"_blank\">Hommage au Doyen Sadok Bela\u00efd: T\u00e9moignage et dialogue entre Philippe Noiret, Bertrand Blier, Louis de Fun\u00e8s et Raymond Devos<\/a><\/p>\n<p><a href=\"https:\/\/www.leaders.com.tn\/article\/37911-sadok-belaid-dans-son-sillage\" target=\"_blank\">Sadok Bela\u00efd: Dans son sillage\u2026<\/a><\/p>\n<p><a href=\"https:\/\/www.leaders.com.tn\/article\/37926-sadok-belaid-abrege-d-un-fabuleux-parcours\" target=\"_blank\">Fadhel Moussa &#8211; Sadok Bela\u00efd: Abr\u00e9g\u00e9 d\u2019un fabuleux parcours<\/a><\/p>\n<p><a href=\"https:\/\/www.leaders.com.tn\/article\/37935-sadok-belaid-trois-moments-forts\" target=\"_blank\">Soukaina Bouraoui &#8211; Sadok Bela\u00efd: Trois moments forts<\/a><\/p>\n<p><a href=\"https:\/\/www.leaders.com.tn\/article\/37939-klibi-salsabil-sadok-belaid-le-savant-et-l-esthete\" target=\"_blank\">Salsabil Klibi &#8211; Sadok Belaid, le savant et l\u2019esth\u00e8te<\/a><\/p>\n<p><a href=\"https:\/\/www.leaders.com.tn\/article\/37949-lotfi-chedly-sadok-belaid-un-professeur-un-modele-un-ami\" target=\"_blank\">Lotfi Chedly &#8211; Sadok Bela\u00efd: Un professeur, un mod\u00e8le&#8230; un ami<\/a><\/p>\n<p><a href=\"https:\/\/www.leaders.com.tn\/article\/37952-tahar-ben-lakhdar-sadok-belaid-la-reforme-silencieuse-qui-a-transforme-l-enseignement-superieur-tunisien\" target=\"_blank\">Tahar Ben Lakhdar &#8211; Sadok Bela\u00efd : la r\u00e9forme silencieuse qui a transform\u00e9 l\u2019enseignement sup\u00e9rieur tunisien<\/a><\/p>\n<p>Auteur:<br \/>\n<a href=\"https:\/\/www.leaders.com.tn\/article\/37988-sadok-belaid-commemoration-du-40e-jour-de-son-deces-album-photos\">Cliquez ici pour lire l&rsquo;article depuis sa source.<\/a><\/p>\n","protected":false},"excerpt":{"rendered":"<p>Coll\u00e8gues et disciples ainsi que proches parents \u00e9taient nombreux pour comm\u00e9morer samedi 25 avril 2026 le 40eme jour du d\u00e9c\u00e8s du doyen Sadok Bela\u00efd. La c\u00e9r\u00e9monie organis\u00e9e par la facult\u00e9 des sciences juridiques, politiques et sociales de Tunis a \u00e9t\u00e9 \u00e9mouvante. \u00c9vocations affectueuses d\u2019heureux moments pass\u00e9s en sa compagnie, et rappel de son brillant parcours [&hellip;]<\/p>\n","protected":false},"author":1772,"featured_media":185194,"comment_status":"closed","ping_status":"closed","sticky":false,"template":"","format":"standard","meta":{"fifu_image_url":"https:\/\/www.leaders.com.tn\/uploads\/content\/thumbnails\/177713813821_content.jpg","fifu_image_alt":"Sadok Bela\u00efd: comm\u00e9moration du 40e jour de son d\u00e9c\u00e8s (Album photos)","footnotes":""},"categories":[73,55],"tags":[],"class_list":["post-185193","post","type-post","status-publish","format-standard","has-post-thumbnail","hentry","category-actualite","category-tunisie"],"_links":{"self":[{"href":"https:\/\/linitiative.ca\/International\/wp-json\/wp\/v2\/posts\/185193","targetHints":{"allow":["GET"]}}],"collection":[{"href":"https:\/\/linitiative.ca\/International\/wp-json\/wp\/v2\/posts"}],"about":[{"href":"https:\/\/linitiative.ca\/International\/wp-json\/wp\/v2\/types\/post"}],"author":[{"embeddable":true,"href":"https:\/\/linitiative.ca\/International\/wp-json\/wp\/v2\/users\/1772"}],"replies":[{"embeddable":true,"href":"https:\/\/linitiative.ca\/International\/wp-json\/wp\/v2\/comments?post=185193"}],"version-history":[{"count":0,"href":"https:\/\/linitiative.ca\/International\/wp-json\/wp\/v2\/posts\/185193\/revisions"}],"wp:featuredmedia":[{"embeddable":true,"href":"https:\/\/linitiative.ca\/International\/wp-json\/wp\/v2\/media\/185194"}],"wp:attachment":[{"href":"https:\/\/linitiative.ca\/International\/wp-json\/wp\/v2\/media?parent=185193"}],"wp:term":[{"taxonomy":"category","embeddable":true,"href":"https:\/\/linitiative.ca\/International\/wp-json\/wp\/v2\/categories?post=185193"},{"taxonomy":"post_tag","embeddable":true,"href":"https:\/\/linitiative.ca\/International\/wp-json\/wp\/v2\/tags?post=185193"}],"curies":[{"name":"wp","href":"https:\/\/api.w.org\/{rel}","templated":true}]}}