{"id":185201,"date":"2026-04-26T17:17:20","date_gmt":"2026-04-26T21:17:20","guid":{"rendered":"https:\/\/linitiative.ca\/International\/youssef-allakouch-nouveau-secretaire-general-de-lugtm\/"},"modified":"2026-04-26T17:17:20","modified_gmt":"2026-04-26T21:17:20","slug":"youssef-allakouch-nouveau-secretaire-general-de-lugtm","status":"publish","type":"post","link":"https:\/\/linitiative.ca\/International\/youssef-allakouch-nouveau-secretaire-general-de-lugtm\/","title":{"rendered":"Youssef Allakouch nouveau Secr\u00e9taire g\u00e9n\u00e9ral de l\u2019UGTM"},"content":{"rendered":"<p><strong>Youssef Allakouch a \u00e9t\u00e9 \u00e9lu, dimanche 26 avril \u00e0 Sal\u00e9, \u00e0 l\u2019unanimit\u00e9, nouveau Secr\u00e9taire g\u00e9n\u00e9ral de l\u2019Union g\u00e9n\u00e9rale des travailleurs du Maroc (UGTM), succ\u00e9dant \u00e0 Naam Miyara, lors du Congr\u00e8s national extraordinaire convoqu\u00e9 par le bureau ex\u00e9cutif sortant.<\/strong><\/p>\n<p>Le nouveau dirigeant a notamment occup\u00e9 le poste de porte-parole officiel de l\u2019UGTM et de membre du secr\u00e9tariat permanent au sein du bureau ex\u00e9cutif du syndicat proche du Parti de l\u2019Istiqlal. M. Allakouch, qui a d\u00e9marr\u00e9 sa carri\u00e8re en tant qu\u2019enseignant, a si\u00e9g\u00e9 au Conseil sup\u00e9rieur de l\u2019\u00e9ducation, de la formation et de la recherche scientifique (CSEFRS) durant son 1er mandat 2014-2019, en tant que repr\u00e9sentant de l\u2019UGTM.<\/p>\n<p>Ancien membre du Conseil d\u2019administration de l\u2019Agence nationale de l\u2019assurance maladie, il est aussi membre du Conseil d\u2019administration de l\u2019Agence nationale de lutte contre l\u2019analphab\u00e9tisme depuis 2015.<\/p>\n<p><strong>Lire aussi |\u00a0<a href=\"https:\/\/www.challenge.ma\/mfm-radio-emission-decryptage-driss-lachgar-met-en-garde-contre-lhegemonie-politique-319372\/#:~:text=POLITIQUE-,MFM%20Radio\/Emission%20D%C3%A9cryptage%3A%20Driss%20Lachgar%20met%20en%20garde%20contre%20%C2%ABl%E2%80%99h%C3%A9g%C3%A9monie%20politique%C2%BB,-written%20by%20Hassan\" target=\"_blank\" rel=\"noreferrer noopener\">MFM Radio\/Emission D\u00e9cryptage: Driss Lachgar met en garde contre \u00abl\u2019h\u00e9g\u00e9monie politique\u00bb<\/a><\/strong><\/p>\n<p>Apr\u00e8s son \u00e9lection, M. Allakouch a soulign\u00e9 que la conjoncture actuelle requiert un engagement fort de la classe ouvri\u00e8re dans les secteurs public et priv\u00e9, en vue de d\u00e9fendre les revendications l\u00e9gitimes des travailleurs et de poursuivre la lutte pour la pr\u00e9servation des droits et la consolidation des acquis.<\/p>\n<p>\u00ab\u00a0L\u2019UGTM aspire constamment \u00e0 la r\u00e9alisation d\u2019un projet de soci\u00e9t\u00e9 ax\u00e9 sur la dignit\u00e9, \u00e0 la faveur de sa proximit\u00e9 des pr\u00e9occupations des travailleurs dans les diff\u00e9rents secteurs productifs et de services, aussi bien dans les usines qu\u2019au sein des administrations et des \u00e9tablissements publics et priv\u00e9s\u00a0\u00bb, a-t-il assur\u00e9.<\/p>\n<p>Il a, en outre, insist\u00e9 sur l\u2019importance de d\u00e9fendre un cahier revendicatif clair, pla\u00e7ant la dignit\u00e9 des travailleurs au c\u0153ur des priorit\u00e9s, tout en se tenant pr\u00eats \u00e0 accompagner les nouvelles mutations du monde du travail.<\/p>\n<p><strong>Lire aussi |\u00a0<a href=\"https:\/\/www.challenge.ma\/parlement-la-democratie-au-defi-de-la-jeunesse-318777\/#:~:text=POLITIQUE-,Parlement%3A%20la%20d%C3%A9mocratie%20au%20d%C3%A9fi%20de%20la%20jeunesse,-written%20by%20Abdelaziz\" target=\"_blank\" rel=\"noreferrer noopener\">Parlement: la d\u00e9mocratie au d\u00e9fi de la jeunesse<\/a><\/strong><\/p>\n<p>La r\u00e9alisation d\u2019un d\u00e9veloppement global et durable requiert un \u00e9quilibre entre les imp\u00e9ratifs \u00e9conomiques et les besoins de la soci\u00e9t\u00e9, de mani\u00e8re \u00e0 garantir la pr\u00e9servation des droits des citoyens et la d\u00e9fense de la Patrie et des constantes de la Nation, a-t-il soutenu.<\/p>\n<p>Auteur: Challenge avec MAP<br \/>\n<a href=\"https:\/\/www.challenge.ma\/youssef-allakouch-nouveau-secretaire-general-de-lugtm-319567\/\">Cliquez ici pour lire l&rsquo;article depuis sa source.<\/a><\/p>\n","protected":false},"excerpt":{"rendered":"<p>Youssef Allakouch a \u00e9t\u00e9 \u00e9lu, dimanche 26 avril \u00e0 Sal\u00e9, \u00e0 l\u2019unanimit\u00e9, nouveau Secr\u00e9taire g\u00e9n\u00e9ral de l\u2019Union g\u00e9n\u00e9rale des travailleurs du Maroc (UGTM), succ\u00e9dant \u00e0 Naam Miyara, lors du Congr\u00e8s national extraordinaire convoqu\u00e9 par le bureau ex\u00e9cutif sortant. Le nouveau dirigeant a notamment occup\u00e9 le poste de porte-parole officiel de l\u2019UGTM et de membre du [&hellip;]<\/p>\n","protected":false},"author":1787,"featured_media":185202,"comment_status":"closed","ping_status":"closed","sticky":false,"template":"","format":"standard","meta":{"fifu_image_url":"https:\/\/www.challenge.ma\/wp-content\/uploads\/2026\/04\/Youssef-Allakouch-3.jpg","fifu_image_alt":"Youssef Allakouch nouveau Secr\u00e9taire g\u00e9n\u00e9ral de l\u2019UGTM","footnotes":""},"categories":[78,54],"tags":[],"class_list":["post-185201","post","type-post","status-publish","format-standard","has-post-thumbnail","hentry","category-economie","category-maroc"],"_links":{"self":[{"href":"https:\/\/linitiative.ca\/International\/wp-json\/wp\/v2\/posts\/185201","targetHints":{"allow":["GET"]}}],"collection":[{"href":"https:\/\/linitiative.ca\/International\/wp-json\/wp\/v2\/posts"}],"about":[{"href":"https:\/\/linitiative.ca\/International\/wp-json\/wp\/v2\/types\/post"}],"author":[{"embeddable":true,"href":"https:\/\/linitiative.ca\/International\/wp-json\/wp\/v2\/users\/1787"}],"replies":[{"embeddable":true,"href":"https:\/\/linitiative.ca\/International\/wp-json\/wp\/v2\/comments?post=185201"}],"version-history":[{"count":0,"href":"https:\/\/linitiative.ca\/International\/wp-json\/wp\/v2\/posts\/185201\/revisions"}],"wp:featuredmedia":[{"embeddable":true,"href":"https:\/\/linitiative.ca\/International\/wp-json\/wp\/v2\/media\/185202"}],"wp:attachment":[{"href":"https:\/\/linitiative.ca\/International\/wp-json\/wp\/v2\/media?parent=185201"}],"wp:term":[{"taxonomy":"category","embeddable":true,"href":"https:\/\/linitiative.ca\/International\/wp-json\/wp\/v2\/categories?post=185201"},{"taxonomy":"post_tag","embeddable":true,"href":"https:\/\/linitiative.ca\/International\/wp-json\/wp\/v2\/tags?post=185201"}],"curies":[{"name":"wp","href":"https:\/\/api.w.org\/{rel}","templated":true}]}}