{"id":185203,"date":"2026-04-26T16:15:00","date_gmt":"2026-04-26T20:15:00","guid":{"rendered":"https:\/\/linitiative.ca\/International\/parlement-seance-pleniere-lundi-pour-adresser-des-questions-orales-au-ministre-de-lenseignement-superieur\/"},"modified":"2026-04-26T16:15:00","modified_gmt":"2026-04-26T20:15:00","slug":"parlement-seance-pleniere-lundi-pour-adresser-des-questions-orales-au-ministre-de-lenseignement-superieur","status":"publish","type":"post","link":"https:\/\/linitiative.ca\/International\/parlement-seance-pleniere-lundi-pour-adresser-des-questions-orales-au-ministre-de-lenseignement-superieur\/","title":{"rendered":"Parlement : s\u00e9ance pl\u00e9ni\u00e8re lundi pour adresser des questions orales au ministre de l\u2019Enseignement sup\u00e9rieur"},"content":{"rendered":"<div class=\"post-cont-out\">\n<div class=\"post-cont-in no-margin\">\n<div id=\"content-main\" class=\"left relative\">\n<div class=\"liveblog-section\">\n<div id=\"elb-liveblog\" class=\"elb-liveblog elb-theme-light\" data-append-timestamp=\"1\" data-status=\"open\" data-highlighted-entry=\"\" data-show-entries=\"25\" data-endpoint=\"https:\/\/www.tunisienumerique.com\/wp-json\/easy-liveblogs\/v1\/liveblog\/1109099\">\n<div class=\"elb-liveblog-closed-message\">Le blog en direct est termin\u00e9.<\/div>\n<p><button id=\"elb-show-new-posts\" class=\"elb-button button\"\/><\/p>\n<div class=\"elb-no-liveblog-entries-message\">Aucune mise \u00e0 jour du blog en direct pour le moment.<\/div>\n<p><button id=\"elb-load-more\" class=\"elb-button button\">Charger plus<\/button><\/div>\n<\/div>\n<div class=\"simplesocialbuttons simplesocial-round-btm-border simplesocialbuttons_inline simplesocialbuttons-align-left post-1109099 post simplesocialbuttons-inline-no-animation\"><button class=\"simplesocial-fb-share\" rel=\"nofollow\" target=\"_blank\" aria-label=\"Facebook Share\" data-href=\"https:\/\/www.facebook.com\/sharer\/sharer.php?u=https:\/\/www.tunisienumerique.com\/parlement-seance-pleniere-lundi-pour-adresser-des-questions-orales-au-ministre-de-lenseignement-superieur\/\" onclick=\"javascript:window.open(this.dataset.href, '', 'menubar=no,toolbar=no,resizable=yes,scrollbars=yes,height=600,width=600');return false;\"><span class=\"simplesocialtxt\">Facebook<\/span><\/button> <button class=\"simplesocial-twt-share\" rel=\"nofollow\" target=\"_blank\" aria-label=\"Twitter Share\" data-href=\"https:\/\/twitter.com\/intent\/tweet?text=Parlement+%3A+s%C3%A9ance+pl%C3%A9ni%C3%A8re+lundi+pour+adresser+des+questions+orales+au+ministre+de+l%E2%80%99Enseignement+sup%C3%A9rieur&amp;url=https:\/\/www.tunisienumerique.com\/parlement-seance-pleniere-lundi-pour-adresser-des-questions-orales-au-ministre-de-lenseignement-superieur\/\" onclick=\"javascript:window.open(this.dataset.href, '', 'menubar=no,toolbar=no,resizable=yes,scrollbars=yes,height=600,width=600');return false;\"><span class=\"simplesocialtxt\">Twitter<\/span><\/button> <button rel=\"nofollow\" target=\"_blank\" class=\"simplesocial-linkedin-share\" aria-label=\"LinkedIn Share\" data-href=\"https:\/\/www.linkedin.com\/sharing\/share-offsite\/?url=https:\/\/www.tunisienumerique.com\/parlement-seance-pleniere-lundi-pour-adresser-des-questions-orales-au-ministre-de-lenseignement-superieur\/\" onclick=\"javascript:window.open(this.dataset.href, '', 'menubar=no,toolbar=no,resizable=yes,scrollbars=yes,height=600,width=600');return false;\"><span class=\"simplesocialtxt\">LinkedIn<\/span><\/button> <button onclick=\"javascript:window.open(this.dataset.href, '_blank' );return false;\" class=\"simplesocial-whatsapp-share\" rel=\"nofollow\" target=\"_blank\" aria-label=\"WhatsApp Share\" data-href=\"https:\/\/api.whatsapp.com\/send?text=https:\/\/www.tunisienumerique.com\/parlement-seance-pleniere-lundi-pour-adresser-des-questions-orales-au-ministre-de-lenseignement-superieur\/\"><span class=\"simplesocialtxt\">WhatsApp<\/span><\/button><\/p>\n<\/div>\n<p><button class=\"simplefavorite-button\" data-postid=\"1109099\" data-siteid=\"1\" data-groupid=\"1\" data-favoritecount=\"0\"> Lire plus tard<\/button><\/p>\n<section class=\"text-token-text-primary w-full focus:outline-none [--shadow-height:45px] has-data-writing-block:pointer-events-none has-data-writing-block:-mt-(--shadow-height) has-data-writing-block:pt-(--shadow-height) [&amp;:has([data-writing-block])&gt;*]:pointer-events-auto [content-visibility:auto] supports-[content-visibility:auto]:[contain-intrinsic-size:auto_100lvh] R6Vx5W_threadScrollVars scroll-mb-[calc(var(--scroll-root-safe-area-inset-bottom,0px)+var(--thread-response-height))] scroll-mt-[calc(var(--header-height)+min(200px,max(70px,20svh)))]\" dir=\"auto\" data-turn-id=\"request-WEB:28e37945-357b-4b18-be70-8145886ee72b-47\" data-testid=\"conversation-turn-96\" data-scroll-anchor=\"false\" data-turn=\"assistant\">\n<div class=\"text-base my-auto mx-auto pb-10 [--thread-content-margin:var(--thread-content-margin-xs,calc(var(--spacing)*4))] @w-sm\/main:[--thread-content-margin:var(--thread-content-margin-sm,calc(var(--spacing)*6))] @w-lg\/main:[--thread-content-margin:var(--thread-content-margin-lg,calc(var(--spacing)*16))] px-(--thread-content-margin)\">\n<div class=\"[--thread-content-max-width:40rem] @w-lg\/main:[--thread-content-max-width:48rem] mx-auto max-w-(--thread-content-max-width) flex-1 group\/turn-messages focus-visible:outline-hidden relative flex w-full min-w-0 flex-col agent-turn\">\n<div class=\"flex max-w-full flex-col gap-4 grow\">\n<div class=\"min-h-8 text-message relative flex w-full flex-col items-end gap-2 text-start break-words whitespace-normal outline-none keyboard-focused:focus-ring [.text-message+&amp;]:mt-1\" dir=\"auto\" tabindex=\"0\" data-message-author-role=\"assistant\" data-message-id=\"c20006e9-18af-43cb-9c77-66b8c8a53b77\" data-message-model-slug=\"gpt-5-5-thinking\" data-turn-start-message=\"true\">\n<div class=\"flex w-full flex-col gap-1 empty:hidden\">\n<div class=\"markdown prose dark:prose-invert w-full wrap-break-word light markdown-new-styling\">\n<p data-start=\"114\" data-end=\"208\">L\u2019Assembl\u00e9e des repr\u00e9sentants du peuple tiendra, lundi, une s\u00e9ance pl\u00e9ni\u00e8re \u00e0 partir de 10h00.<\/p>\n<p data-start=\"210\" data-end=\"372\" data-is-last-node=\"\" data-is-only-node=\"\">Selon un communiqu\u00e9 du Parlement, l\u2019ordre du jour pr\u00e9voit l\u2019adressage de questions orales au ministre de l\u2019Enseignement sup\u00e9rieur et de la Recherche scientifique.<\/p>\n<\/div>\n<\/div>\n<\/div>\n<\/div>\n<\/div>\n<\/div>\n<\/section>\n<div class=\"simplesocialbuttons simplesocial-round-btm-border simplesocialbuttons_inline simplesocialbuttons-align-left post-1109099 post simplesocialbuttons-inline-no-animation\"><button class=\"simplesocial-fb-share\" rel=\"nofollow\" target=\"_blank\" aria-label=\"Facebook Share\" data-href=\"https:\/\/www.facebook.com\/sharer\/sharer.php?u=https:\/\/www.tunisienumerique.com\/parlement-seance-pleniere-lundi-pour-adresser-des-questions-orales-au-ministre-de-lenseignement-superieur\/\" onclick=\"javascript:window.open(this.dataset.href, '', 'menubar=no,toolbar=no,resizable=yes,scrollbars=yes,height=600,width=600');return false;\"><span class=\"simplesocialtxt\">Facebook<\/span><\/button> <button class=\"simplesocial-twt-share\" rel=\"nofollow\" target=\"_blank\" aria-label=\"Twitter Share\" data-href=\"https:\/\/twitter.com\/intent\/tweet?text=Parlement+%3A+s%C3%A9ance+pl%C3%A9ni%C3%A8re+lundi+pour+adresser+des+questions+orales+au+ministre+de+l%E2%80%99Enseignement+sup%C3%A9rieur&amp;url=https:\/\/www.tunisienumerique.com\/parlement-seance-pleniere-lundi-pour-adresser-des-questions-orales-au-ministre-de-lenseignement-superieur\/\" onclick=\"javascript:window.open(this.dataset.href, '', 'menubar=no,toolbar=no,resizable=yes,scrollbars=yes,height=600,width=600');return false;\"><span class=\"simplesocialtxt\">Twitter<\/span><\/button> <button rel=\"nofollow\" target=\"_blank\" class=\"simplesocial-linkedin-share\" aria-label=\"LinkedIn Share\" data-href=\"https:\/\/www.linkedin.com\/sharing\/share-offsite\/?url=https:\/\/www.tunisienumerique.com\/parlement-seance-pleniere-lundi-pour-adresser-des-questions-orales-au-ministre-de-lenseignement-superieur\/\" onclick=\"javascript:window.open(this.dataset.href, '', 'menubar=no,toolbar=no,resizable=yes,scrollbars=yes,height=600,width=600');return false;\"><span class=\"simplesocialtxt\">LinkedIn<\/span><\/button> <button onclick=\"javascript:window.open(this.dataset.href, '_blank' );return false;\" class=\"simplesocial-whatsapp-share\" rel=\"nofollow\" target=\"_blank\" aria-label=\"WhatsApp Share\" data-href=\"https:\/\/api.whatsapp.com\/send?text=https:\/\/www.tunisienumerique.com\/parlement-seance-pleniere-lundi-pour-adresser-des-questions-orales-au-ministre-de-lenseignement-superieur\/\"><span class=\"simplesocialtxt\">WhatsApp<\/span><\/button><\/p>\n<\/div>\n<p><strong>Que se passe-t-il en Tunisie?<\/strong><br \/>Nous expliquons sur notre <a href=\"https:\/\/www.youtube.com\/channel\/UCRzypVq0B_yBad5eGrwBx0Q?sub_confirmation=1\" target=\"_blank\">cha\u00eene YouTube<\/a> . <a href=\"https:\/\/www.youtube.com\/channel\/UCRzypVq0B_yBad5eGrwBx0Q?sub_confirmation=1\" target=\"_blank\">Abonnez-vous!<\/a><\/p>\n<div class=\"mvp-org-wrap\" itemprop=\"publisher\" itemscope=\"itemscope\" itemtype=\"https:\/\/schema.org\/Organization\">\n<div class=\"mvp-org-logo\" itemprop=\"logo\" itemscope=\"itemscope\" itemtype=\"https:\/\/schema.org\/ImageObject\">\n<p><img loading=\"lazy\" decoding=\"async\" width=\"290\" height=\"78\" src=\"https:\/\/www.tunisienumerique.com\/wp-content\/uploads\/2024\/03\/Logo-Tn1-1-3.png\"\/><\/p>\n<p><meta itemprop=\"url\" content=\"https:\/\/www.tunisienumerique.com\/wp-content\/uploads\/2024\/03\/Logo-Tn1-1-3.png\"\/><\/div>\n<p><meta itemprop=\"name\" content=\"Tunisie numerique\"\/><\/div>\n<div class=\"post-tags\"><span class=\"post-tags-header\">SUJETS CONNEXES:<\/span><\/div>\n<div id=\"article-ad\">\n  <ins class=\"adsbygoogle\" data-ad-client=\"ca-pub-2102118777505746\" data-ad-slot=\"6168283410\" data-ad-format=\"auto\" data-full-width-responsive=\"true\"\/>\n<\/div>\n<\/div>\n<\/div>\n<\/div>\n<p>Auteur: hamza ben khelifa<br \/>\n<a href=\"https:\/\/www.tunisienumerique.com\/parlement-seance-pleniere-lundi-pour-adresser-des-questions-orales-au-ministre-de-lenseignement-superieur\/\">Cliquez ici pour lire l&rsquo;article depuis sa source.<\/a><\/p>\n","protected":false},"excerpt":{"rendered":"<p>Le blog en direct est termin\u00e9. Aucune mise \u00e0 jour du blog en direct pour le moment. Charger plus Facebook Twitter LinkedIn WhatsApp Lire plus tard L\u2019Assembl\u00e9e des repr\u00e9sentants du peuple tiendra, lundi, une s\u00e9ance pl\u00e9ni\u00e8re \u00e0 partir de 10h00. Selon un communiqu\u00e9 du Parlement, l\u2019ordre du jour pr\u00e9voit l\u2019adressage de questions orales au ministre [&hellip;]<\/p>\n","protected":false},"author":1789,"featured_media":185204,"comment_status":"closed","ping_status":"closed","sticky":false,"template":"","format":"standard","meta":{"fifu_image_url":"https:\/\/www.tunisienumerique.com\/wp-content\/uploads\/2025\/12\/majles-nouweb.jpg","fifu_image_alt":"Parlement : s\u00e9ance pl\u00e9ni\u00e8re lundi pour adresser des questions orales au ministre de l\u2019Enseignement sup\u00e9rieur","footnotes":""},"categories":[73,55],"tags":[],"class_list":["post-185203","post","type-post","status-publish","format-standard","has-post-thumbnail","hentry","category-actualite","category-tunisie"],"_links":{"self":[{"href":"https:\/\/linitiative.ca\/International\/wp-json\/wp\/v2\/posts\/185203","targetHints":{"allow":["GET"]}}],"collection":[{"href":"https:\/\/linitiative.ca\/International\/wp-json\/wp\/v2\/posts"}],"about":[{"href":"https:\/\/linitiative.ca\/International\/wp-json\/wp\/v2\/types\/post"}],"author":[{"embeddable":true,"href":"https:\/\/linitiative.ca\/International\/wp-json\/wp\/v2\/users\/1789"}],"replies":[{"embeddable":true,"href":"https:\/\/linitiative.ca\/International\/wp-json\/wp\/v2\/comments?post=185203"}],"version-history":[{"count":0,"href":"https:\/\/linitiative.ca\/International\/wp-json\/wp\/v2\/posts\/185203\/revisions"}],"wp:featuredmedia":[{"embeddable":true,"href":"https:\/\/linitiative.ca\/International\/wp-json\/wp\/v2\/media\/185204"}],"wp:attachment":[{"href":"https:\/\/linitiative.ca\/International\/wp-json\/wp\/v2\/media?parent=185203"}],"wp:term":[{"taxonomy":"category","embeddable":true,"href":"https:\/\/linitiative.ca\/International\/wp-json\/wp\/v2\/categories?post=185203"},{"taxonomy":"post_tag","embeddable":true,"href":"https:\/\/linitiative.ca\/International\/wp-json\/wp\/v2\/tags?post=185203"}],"curies":[{"name":"wp","href":"https:\/\/api.w.org\/{rel}","templated":true}]}}