{"id":185207,"date":"2026-04-26T16:45:00","date_gmt":"2026-04-26T20:45:00","guid":{"rendered":"https:\/\/linitiative.ca\/International\/fashion-week-tunis-la-presence-remarquee-de-zeus-figure-virale-du-luxe\/"},"modified":"2026-04-26T16:45:00","modified_gmt":"2026-04-26T20:45:00","slug":"fashion-week-tunis-la-presence-remarquee-de-zeus-figure-virale-du-luxe","status":"publish","type":"post","link":"https:\/\/linitiative.ca\/International\/fashion-week-tunis-la-presence-remarquee-de-zeus-figure-virale-du-luxe\/","title":{"rendered":"Fashion Week Tunis : la pr\u00e9sence remarqu\u00e9e de Zeus, figure virale du luxe"},"content":{"rendered":"<div class=\"post-cont-out\">\n<div class=\"post-cont-in no-margin\">\n<div id=\"content-main\" class=\"left relative\">\n<div class=\"liveblog-section\">\n<div id=\"elb-liveblog\" class=\"elb-liveblog elb-theme-light\" data-append-timestamp=\"1\" data-status=\"open\" data-highlighted-entry=\"\" data-show-entries=\"25\" data-endpoint=\"https:\/\/www.tunisienumerique.com\/wp-json\/easy-liveblogs\/v1\/liveblog\/1109102\">\n<div class=\"elb-liveblog-closed-message\">Le blog en direct est termin\u00e9.<\/div>\n<p><button id=\"elb-show-new-posts\" class=\"elb-button button\"\/><\/p>\n<div class=\"elb-no-liveblog-entries-message\">Aucune mise \u00e0 jour du blog en direct pour le moment.<\/div>\n<p><button id=\"elb-load-more\" class=\"elb-button button\">Charger plus<\/button><\/div>\n<\/div>\n<div class=\"simplesocialbuttons simplesocial-round-btm-border simplesocialbuttons_inline simplesocialbuttons-align-left post-1109102 post simplesocialbuttons-inline-no-animation\"><button class=\"simplesocial-fb-share\" rel=\"nofollow\" target=\"_blank\" aria-label=\"Facebook Share\" data-href=\"https:\/\/www.facebook.com\/sharer\/sharer.php?u=https:\/\/www.tunisienumerique.com\/fashion-week-tunis-la-presence-remarquee-de-zeus-figure-virale-du-luxe\/\" onclick=\"javascript:window.open(this.dataset.href, '', 'menubar=no,toolbar=no,resizable=yes,scrollbars=yes,height=600,width=600');return false;\"><span class=\"simplesocialtxt\">Facebook<\/span><\/button> <button class=\"simplesocial-twt-share\" rel=\"nofollow\" target=\"_blank\" aria-label=\"Twitter Share\" data-href=\"https:\/\/twitter.com\/intent\/tweet?text=Fashion+Week+Tunis+%3A+la+pr%C3%A9sence+remarqu%C3%A9e+de+Zeus%2C+figure+virale+du+luxe&amp;url=https:\/\/www.tunisienumerique.com\/fashion-week-tunis-la-presence-remarquee-de-zeus-figure-virale-du-luxe\/\" onclick=\"javascript:window.open(this.dataset.href, '', 'menubar=no,toolbar=no,resizable=yes,scrollbars=yes,height=600,width=600');return false;\"><span class=\"simplesocialtxt\">Twitter<\/span><\/button> <button rel=\"nofollow\" target=\"_blank\" class=\"simplesocial-linkedin-share\" aria-label=\"LinkedIn Share\" data-href=\"https:\/\/www.linkedin.com\/sharing\/share-offsite\/?url=https:\/\/www.tunisienumerique.com\/fashion-week-tunis-la-presence-remarquee-de-zeus-figure-virale-du-luxe\/\" onclick=\"javascript:window.open(this.dataset.href, '', 'menubar=no,toolbar=no,resizable=yes,scrollbars=yes,height=600,width=600');return false;\"><span class=\"simplesocialtxt\">LinkedIn<\/span><\/button> <button onclick=\"javascript:window.open(this.dataset.href, '_blank' );return false;\" class=\"simplesocial-whatsapp-share\" rel=\"nofollow\" target=\"_blank\" aria-label=\"WhatsApp Share\" data-href=\"https:\/\/api.whatsapp.com\/send?text=https:\/\/www.tunisienumerique.com\/fashion-week-tunis-la-presence-remarquee-de-zeus-figure-virale-du-luxe\/\"><span class=\"simplesocialtxt\">WhatsApp<\/span><\/button><\/p>\n<\/div>\n<p><button class=\"simplefavorite-button\" data-postid=\"1109102\" data-siteid=\"1\" data-groupid=\"1\" data-favoritecount=\"0\"> Lire plus tard<\/button><\/p>\n<p data-start=\"1398\" data-end=\"1586\">La Fashion Week Tunis a attir\u00e9, lors de sa troisi\u00e8me journ\u00e9e, une pr\u00e9sence qui n\u2019est pas pass\u00e9e inaper\u00e7ue : celle d\u2019Ilan Tobianah, plus connu sur les r\u00e9seaux sociaux sous le nom de \u201cZeus\u201d.<\/p>\n<p data-start=\"1588\" data-end=\"1888\">Avec son allure tr\u00e8s reconnaissable, ses codes visuels inspir\u00e9s du luxe et une image soigneusement construite autour de l\u2019\u00e9l\u00e9gance, des voitures de prestige et d\u2019un art de vivre tr\u00e8s m\u00e9diterran\u00e9en, Zeus fait partie de ces figures num\u00e9riques qui transforment chacune de leurs apparitions en \u00e9v\u00e9nement.<\/p>\n<p data-start=\"1890\" data-end=\"2209\">Sa pr\u00e9sence \u00e0 Tunis confirme aussi l\u2019attractivit\u00e9 croissante de la Fashion Week Tunis, qui ne se limite plus \u00e0 un rendez-vous local de la mode, mais s\u2019installe progressivement comme une sc\u00e8ne capable d\u2019attirer des profils internationaux, des cr\u00e9ateurs, des influenceurs et des personnalit\u00e9s suivies par un large public.<\/p>\n<p data-start=\"2211\" data-end=\"2511\">Ilan Tobianah est r\u00e9guli\u00e8rement pr\u00e9sent\u00e9 comme avocat dans le domaine immobilier, tout en \u00e9tant devenu une figure tr\u00e8s visible du lifestyle de luxe sur Instagram et TikTok. Une double identit\u00e9 qui nourrit son personnage public : professionnel discret d\u2019un c\u00f4t\u00e9, ic\u00f4ne virale de l\u2019\u00e9l\u00e9gance de l\u2019autre.<\/p>\n<p data-start=\"2513\" data-end=\"2831\">Pour Tunis, cette apparition est aussi un signal. La mode tunisienne gagne en visibilit\u00e9 lorsqu\u2019elle r\u00e9ussit \u00e0 capter des regards venus d\u2019ailleurs. Dans un univers o\u00f9 l\u2019image circule vite, parfois plus vite qu\u2019un communiqu\u00e9 officiel, la pr\u00e9sence d\u2019un profil comme Zeus donne \u00e0 l\u2019\u00e9v\u00e9nement une r\u00e9sonance suppl\u00e9mentaire.<\/p>\n<div class=\"simplesocialbuttons simplesocial-round-btm-border simplesocialbuttons_inline simplesocialbuttons-align-left post-1109102 post simplesocialbuttons-inline-no-animation\"><button class=\"simplesocial-fb-share\" rel=\"nofollow\" target=\"_blank\" aria-label=\"Facebook Share\" data-href=\"https:\/\/www.facebook.com\/sharer\/sharer.php?u=https:\/\/www.tunisienumerique.com\/fashion-week-tunis-la-presence-remarquee-de-zeus-figure-virale-du-luxe\/\" onclick=\"javascript:window.open(this.dataset.href, '', 'menubar=no,toolbar=no,resizable=yes,scrollbars=yes,height=600,width=600');return false;\"><span class=\"simplesocialtxt\">Facebook<\/span><\/button> <button class=\"simplesocial-twt-share\" rel=\"nofollow\" target=\"_blank\" aria-label=\"Twitter Share\" data-href=\"https:\/\/twitter.com\/intent\/tweet?text=Fashion+Week+Tunis+%3A+la+pr%C3%A9sence+remarqu%C3%A9e+de+Zeus%2C+figure+virale+du+luxe&amp;url=https:\/\/www.tunisienumerique.com\/fashion-week-tunis-la-presence-remarquee-de-zeus-figure-virale-du-luxe\/\" onclick=\"javascript:window.open(this.dataset.href, '', 'menubar=no,toolbar=no,resizable=yes,scrollbars=yes,height=600,width=600');return false;\"><span class=\"simplesocialtxt\">Twitter<\/span><\/button> <button rel=\"nofollow\" target=\"_blank\" class=\"simplesocial-linkedin-share\" aria-label=\"LinkedIn Share\" data-href=\"https:\/\/www.linkedin.com\/sharing\/share-offsite\/?url=https:\/\/www.tunisienumerique.com\/fashion-week-tunis-la-presence-remarquee-de-zeus-figure-virale-du-luxe\/\" onclick=\"javascript:window.open(this.dataset.href, '', 'menubar=no,toolbar=no,resizable=yes,scrollbars=yes,height=600,width=600');return false;\"><span class=\"simplesocialtxt\">LinkedIn<\/span><\/button> <button onclick=\"javascript:window.open(this.dataset.href, '_blank' );return false;\" class=\"simplesocial-whatsapp-share\" rel=\"nofollow\" target=\"_blank\" aria-label=\"WhatsApp Share\" data-href=\"https:\/\/api.whatsapp.com\/send?text=https:\/\/www.tunisienumerique.com\/fashion-week-tunis-la-presence-remarquee-de-zeus-figure-virale-du-luxe\/\"><span class=\"simplesocialtxt\">WhatsApp<\/span><\/button><\/p>\n<\/div>\n<p><strong>Que se passe-t-il en Tunisie?<\/strong><br \/>Nous expliquons sur notre <a href=\"https:\/\/www.youtube.com\/channel\/UCRzypVq0B_yBad5eGrwBx0Q?sub_confirmation=1\" target=\"_blank\">cha\u00eene YouTube<\/a> . <a href=\"https:\/\/www.youtube.com\/channel\/UCRzypVq0B_yBad5eGrwBx0Q?sub_confirmation=1\" target=\"_blank\">Abonnez-vous!<\/a><\/p>\n<div class=\"mvp-org-wrap\" itemprop=\"publisher\" itemscope=\"itemscope\" itemtype=\"https:\/\/schema.org\/Organization\">\n<div class=\"mvp-org-logo\" itemprop=\"logo\" itemscope=\"itemscope\" itemtype=\"https:\/\/schema.org\/ImageObject\">\n<p><img loading=\"lazy\" decoding=\"async\" width=\"290\" height=\"78\" src=\"https:\/\/www.tunisienumerique.com\/wp-content\/uploads\/2024\/03\/Logo-Tn1-1-3.png\"\/><\/p>\n<p><meta itemprop=\"url\" content=\"https:\/\/www.tunisienumerique.com\/wp-content\/uploads\/2024\/03\/Logo-Tn1-1-3.png\"\/><\/div>\n<p><meta itemprop=\"name\" content=\"Tunisie numerique\"\/><\/div>\n<div class=\"post-tags\"><span class=\"post-tags-header\">SUJETS CONNEXES:<\/span><\/div>\n<div id=\"article-ad\">\n  <ins class=\"adsbygoogle\" data-ad-client=\"ca-pub-2102118777505746\" data-ad-slot=\"6168283410\" data-ad-format=\"auto\" data-full-width-responsive=\"true\"\/>\n<\/div>\n<\/div>\n<\/div>\n<\/div>\n<p>Auteur: balkis T<br \/>\n<a href=\"https:\/\/www.tunisienumerique.com\/fashion-week-tunis-la-presence-remarquee-de-zeus-figure-virale-du-luxe\/\">Cliquez ici pour lire l&rsquo;article depuis sa source.<\/a><\/p>\n","protected":false},"excerpt":{"rendered":"<p>Le blog en direct est termin\u00e9. Aucune mise \u00e0 jour du blog en direct pour le moment. Charger plus Facebook Twitter LinkedIn WhatsApp Lire plus tard La Fashion Week Tunis a attir\u00e9, lors de sa troisi\u00e8me journ\u00e9e, une pr\u00e9sence qui n\u2019est pas pass\u00e9e inaper\u00e7ue : celle d\u2019Ilan Tobianah, plus connu sur les r\u00e9seaux sociaux sous [&hellip;]<\/p>\n","protected":false},"author":1789,"featured_media":185208,"comment_status":"closed","ping_status":"closed","sticky":false,"template":"","format":"standard","meta":{"fifu_image_url":"https:\/\/www.tunisienumerique.com\/wp-content\/uploads\/2026\/04\/zeus-compressed.jpg","fifu_image_alt":"Fashion Week Tunis : la pr\u00e9sence remarqu\u00e9e de Zeus, figure virale du luxe","footnotes":""},"categories":[73,55],"tags":[],"class_list":["post-185207","post","type-post","status-publish","format-standard","has-post-thumbnail","hentry","category-actualite","category-tunisie"],"_links":{"self":[{"href":"https:\/\/linitiative.ca\/International\/wp-json\/wp\/v2\/posts\/185207","targetHints":{"allow":["GET"]}}],"collection":[{"href":"https:\/\/linitiative.ca\/International\/wp-json\/wp\/v2\/posts"}],"about":[{"href":"https:\/\/linitiative.ca\/International\/wp-json\/wp\/v2\/types\/post"}],"author":[{"embeddable":true,"href":"https:\/\/linitiative.ca\/International\/wp-json\/wp\/v2\/users\/1789"}],"replies":[{"embeddable":true,"href":"https:\/\/linitiative.ca\/International\/wp-json\/wp\/v2\/comments?post=185207"}],"version-history":[{"count":0,"href":"https:\/\/linitiative.ca\/International\/wp-json\/wp\/v2\/posts\/185207\/revisions"}],"wp:featuredmedia":[{"embeddable":true,"href":"https:\/\/linitiative.ca\/International\/wp-json\/wp\/v2\/media\/185208"}],"wp:attachment":[{"href":"https:\/\/linitiative.ca\/International\/wp-json\/wp\/v2\/media?parent=185207"}],"wp:term":[{"taxonomy":"category","embeddable":true,"href":"https:\/\/linitiative.ca\/International\/wp-json\/wp\/v2\/categories?post=185207"},{"taxonomy":"post_tag","embeddable":true,"href":"https:\/\/linitiative.ca\/International\/wp-json\/wp\/v2\/tags?post=185207"}],"curies":[{"name":"wp","href":"https:\/\/api.w.org\/{rel}","templated":true}]}}