{"id":185211,"date":"2026-04-26T17:15:00","date_gmt":"2026-04-26T21:15:00","guid":{"rendered":"https:\/\/linitiative.ca\/International\/pres-de-300-beneficiaires-des-services-dune-caravane-multidisciplinaire-a-denden\/"},"modified":"2026-04-26T17:15:00","modified_gmt":"2026-04-26T21:15:00","slug":"pres-de-300-beneficiaires-des-services-dune-caravane-multidisciplinaire-a-denden","status":"publish","type":"post","link":"https:\/\/linitiative.ca\/International\/pres-de-300-beneficiaires-des-services-dune-caravane-multidisciplinaire-a-denden\/","title":{"rendered":"Pr\u00e8s de 300 b\u00e9n\u00e9ficiaires des services d\u2019une caravane multidisciplinaire \u00e0 Denden"},"content":{"rendered":"<div class=\"post-cont-out\">\n<div class=\"post-cont-in no-margin\">\n<div id=\"content-main\" class=\"left relative\">\n<div class=\"liveblog-section\">\n<div id=\"elb-liveblog\" class=\"elb-liveblog elb-theme-light\" data-append-timestamp=\"1\" data-status=\"open\" data-highlighted-entry=\"\" data-show-entries=\"25\" data-endpoint=\"https:\/\/www.tunisienumerique.com\/wp-json\/easy-liveblogs\/v1\/liveblog\/1109087\">\n<div class=\"elb-liveblog-closed-message\">Le blog en direct est termin\u00e9.<\/div>\n<p><button id=\"elb-show-new-posts\" class=\"elb-button button\"\/><\/p>\n<div class=\"elb-no-liveblog-entries-message\">Aucune mise \u00e0 jour du blog en direct pour le moment.<\/div>\n<p><button id=\"elb-load-more\" class=\"elb-button button\">Charger plus<\/button><\/div>\n<\/div>\n<div class=\"simplesocialbuttons simplesocial-round-btm-border simplesocialbuttons_inline simplesocialbuttons-align-left post-1109087 post simplesocialbuttons-inline-no-animation\"><button class=\"simplesocial-fb-share\" rel=\"nofollow\" target=\"_blank\" aria-label=\"Facebook Share\" data-href=\"https:\/\/www.facebook.com\/sharer\/sharer.php?u=https:\/\/www.tunisienumerique.com\/pres-de-300-beneficiaires-des-services-dune-caravane-multidisciplinaire-a-denden\/\" onclick=\"javascript:window.open(this.dataset.href, '', 'menubar=no,toolbar=no,resizable=yes,scrollbars=yes,height=600,width=600');return false;\"><span class=\"simplesocialtxt\">Facebook<\/span><\/button> <button class=\"simplesocial-twt-share\" rel=\"nofollow\" target=\"_blank\" aria-label=\"Twitter Share\" data-href=\"https:\/\/twitter.com\/intent\/tweet?text=Pr%C3%A8s+de+300+b%C3%A9n%C3%A9ficiaires+des+services+d%E2%80%99une+caravane+multidisciplinaire+%C3%A0+Denden&amp;url=https:\/\/www.tunisienumerique.com\/pres-de-300-beneficiaires-des-services-dune-caravane-multidisciplinaire-a-denden\/\" onclick=\"javascript:window.open(this.dataset.href, '', 'menubar=no,toolbar=no,resizable=yes,scrollbars=yes,height=600,width=600');return false;\"><span class=\"simplesocialtxt\">Twitter<\/span><\/button> <button rel=\"nofollow\" target=\"_blank\" class=\"simplesocial-linkedin-share\" aria-label=\"LinkedIn Share\" data-href=\"https:\/\/www.linkedin.com\/sharing\/share-offsite\/?url=https:\/\/www.tunisienumerique.com\/pres-de-300-beneficiaires-des-services-dune-caravane-multidisciplinaire-a-denden\/\" onclick=\"javascript:window.open(this.dataset.href, '', 'menubar=no,toolbar=no,resizable=yes,scrollbars=yes,height=600,width=600');return false;\"><span class=\"simplesocialtxt\">LinkedIn<\/span><\/button> <button onclick=\"javascript:window.open(this.dataset.href, '_blank' );return false;\" class=\"simplesocial-whatsapp-share\" rel=\"nofollow\" target=\"_blank\" aria-label=\"WhatsApp Share\" data-href=\"https:\/\/api.whatsapp.com\/send?text=https:\/\/www.tunisienumerique.com\/pres-de-300-beneficiaires-des-services-dune-caravane-multidisciplinaire-a-denden\/\"><span class=\"simplesocialtxt\">WhatsApp<\/span><\/button><\/p>\n<\/div>\n<p><button class=\"simplefavorite-button\" data-postid=\"1109087\" data-siteid=\"1\" data-groupid=\"1\" data-favoritecount=\"0\"> Lire plus tard<\/button><\/p>\n<section class=\"text-token-text-primary w-full focus:outline-none [--shadow-height:45px] has-data-writing-block:pointer-events-none has-data-writing-block:-mt-(--shadow-height) has-data-writing-block:pt-(--shadow-height) [&amp;:has([data-writing-block])&gt;*]:pointer-events-auto [content-visibility:auto] supports-[content-visibility:auto]:[contain-intrinsic-size:auto_100lvh] R6Vx5W_threadScrollVars scroll-mb-[calc(var(--scroll-root-safe-area-inset-bottom,0px)+var(--thread-response-height))] scroll-mt-[calc(var(--header-height)+min(200px,max(70px,20svh)))]\" dir=\"auto\" data-turn-id=\"request-WEB:28e37945-357b-4b18-be70-8145886ee72b-37\" data-testid=\"conversation-turn-76\" data-scroll-anchor=\"false\" data-turn=\"assistant\">\n<div class=\"text-base my-auto mx-auto pb-10 [--thread-content-margin:var(--thread-content-margin-xs,calc(var(--spacing)*4))] @w-sm\/main:[--thread-content-margin:var(--thread-content-margin-sm,calc(var(--spacing)*6))] @w-lg\/main:[--thread-content-margin:var(--thread-content-margin-lg,calc(var(--spacing)*16))] px-(--thread-content-margin)\">\n<div class=\"[--thread-content-max-width:40rem] @w-lg\/main:[--thread-content-max-width:48rem] mx-auto max-w-(--thread-content-max-width) flex-1 group\/turn-messages focus-visible:outline-hidden relative flex w-full min-w-0 flex-col agent-turn\">\n<div class=\"flex max-w-full flex-col gap-4 grow\">\n<div class=\"min-h-8 text-message relative flex w-full flex-col items-end gap-2 text-start break-words whitespace-normal outline-none keyboard-focused:focus-ring [.text-message+&amp;]:mt-1\" dir=\"auto\" tabindex=\"0\" data-message-author-role=\"assistant\" data-message-id=\"c0767776-f596-46ea-ba79-65f2ffe00a52\" data-message-model-slug=\"gpt-5-5-thinking\" data-turn-start-message=\"true\">\n<div class=\"flex w-full flex-col gap-1 empty:hidden\">\n<div class=\"markdown prose dark:prose-invert w-full wrap-break-word light markdown-new-styling\">\n<p data-start=\"88\" data-end=\"321\">Pr\u00e8s de 300 personnes de diff\u00e9rentes tranches d\u2019\u00e2ge, notamment des personnes \u00e2g\u00e9es, des adultes, des enfants et des jeunes, ont b\u00e9n\u00e9fici\u00e9 des services d\u2019une caravane sanitaire multidisciplinaire organis\u00e9e \u00e0 l\u2019\u00e9cole Al-Iffa \u00e0 Denden.<\/p>\n<p data-start=\"323\" data-end=\"580\">Cette initiative a \u00e9t\u00e9 organis\u00e9e par la direction r\u00e9gionale de l\u2019Office national de la famille et de la population, en partenariat avec la direction r\u00e9gionale de l\u2019\u00e9ducation et en coop\u00e9ration avec un club \u00e9tudiant de l\u2019\u00c9cole sup\u00e9rieure d\u2019\u00e9conomie num\u00e9rique.<\/p>\n<p data-start=\"582\" data-end=\"952\">La repr\u00e9sentante de l\u2019Office, Khawla Sa\u00efdi, a indiqu\u00e9 \u00e0 la correspondante de l\u2019agence TAP \u00e0 Manouba, en fin de journ\u00e9e, que 15 cadres m\u00e9dicaux et param\u00e9dicaux ont assur\u00e9 diverses consultations, couvrant notamment la m\u00e9decine g\u00e9n\u00e9rale, la gyn\u00e9cologie et des examens m\u00e9dicaux de pr\u00e9vention des cancers f\u00e9minins. En outre, 30 femmes ont b\u00e9n\u00e9fici\u00e9 d\u2019examens par \u00e9chographie.<\/p>\n<p data-start=\"954\" data-end=\"1322\">\u00c0 cette occasion, des ateliers de sensibilisation psychologique ont \u00e9galement \u00e9t\u00e9 organis\u00e9s, principalement au profit des \u00e9l\u00e8ves, afin de les aider \u00e0 bien se pr\u00e9parer aux examens et \u00e0 \u00e9viter le stress. D\u2019autres ateliers d\u2019\u00e9ducation sanitaire ont aussi \u00e9t\u00e9 propos\u00e9s pour renforcer la sensibilisation aux bonnes pratiques de sant\u00e9 et pr\u00e9venir les comportements \u00e0 risque.<\/p>\n<p data-start=\"1324\" data-end=\"1758\" data-is-last-node=\"\" data-is-only-node=\"\">Selon Sa\u00efdi, cette caravane vise \u00e0 rapprocher les services m\u00e9dicaux des citoyens et \u00e0 en faciliter l\u2019acc\u00e8s, en particulier en milieu scolaire. Elle a \u00e9galement pour objectif de diffuser la culture de pr\u00e9vention, de renforcer les comportements pr\u00e9ventifs aupr\u00e8s des diff\u00e9rentes cat\u00e9gories de la population et de soutenir la sant\u00e9 mentale des \u00e9l\u00e8ves en les aidant \u00e0 mieux se pr\u00e9parer aux examens et \u00e0 att\u00e9nuer la pression psychologique.<\/p>\n<\/div>\n<\/div>\n<\/div>\n<\/div>\n<\/div>\n<\/div>\n<\/section>\n<div class=\"simplesocialbuttons simplesocial-round-btm-border simplesocialbuttons_inline simplesocialbuttons-align-left post-1109087 post simplesocialbuttons-inline-no-animation\"><button class=\"simplesocial-fb-share\" rel=\"nofollow\" target=\"_blank\" aria-label=\"Facebook Share\" data-href=\"https:\/\/www.facebook.com\/sharer\/sharer.php?u=https:\/\/www.tunisienumerique.com\/pres-de-300-beneficiaires-des-services-dune-caravane-multidisciplinaire-a-denden\/\" onclick=\"javascript:window.open(this.dataset.href, '', 'menubar=no,toolbar=no,resizable=yes,scrollbars=yes,height=600,width=600');return false;\"><span class=\"simplesocialtxt\">Facebook<\/span><\/button> <button class=\"simplesocial-twt-share\" rel=\"nofollow\" target=\"_blank\" aria-label=\"Twitter Share\" data-href=\"https:\/\/twitter.com\/intent\/tweet?text=Pr%C3%A8s+de+300+b%C3%A9n%C3%A9ficiaires+des+services+d%E2%80%99une+caravane+multidisciplinaire+%C3%A0+Denden&amp;url=https:\/\/www.tunisienumerique.com\/pres-de-300-beneficiaires-des-services-dune-caravane-multidisciplinaire-a-denden\/\" onclick=\"javascript:window.open(this.dataset.href, '', 'menubar=no,toolbar=no,resizable=yes,scrollbars=yes,height=600,width=600');return false;\"><span class=\"simplesocialtxt\">Twitter<\/span><\/button> <button rel=\"nofollow\" target=\"_blank\" class=\"simplesocial-linkedin-share\" aria-label=\"LinkedIn Share\" data-href=\"https:\/\/www.linkedin.com\/sharing\/share-offsite\/?url=https:\/\/www.tunisienumerique.com\/pres-de-300-beneficiaires-des-services-dune-caravane-multidisciplinaire-a-denden\/\" onclick=\"javascript:window.open(this.dataset.href, '', 'menubar=no,toolbar=no,resizable=yes,scrollbars=yes,height=600,width=600');return false;\"><span class=\"simplesocialtxt\">LinkedIn<\/span><\/button> <button onclick=\"javascript:window.open(this.dataset.href, '_blank' );return false;\" class=\"simplesocial-whatsapp-share\" rel=\"nofollow\" target=\"_blank\" aria-label=\"WhatsApp Share\" data-href=\"https:\/\/api.whatsapp.com\/send?text=https:\/\/www.tunisienumerique.com\/pres-de-300-beneficiaires-des-services-dune-caravane-multidisciplinaire-a-denden\/\"><span class=\"simplesocialtxt\">WhatsApp<\/span><\/button><\/p>\n<\/div>\n<p><strong>Que se passe-t-il en Tunisie?<\/strong><br \/>Nous expliquons sur notre <a href=\"https:\/\/www.youtube.com\/channel\/UCRzypVq0B_yBad5eGrwBx0Q?sub_confirmation=1\" target=\"_blank\">cha\u00eene YouTube<\/a> . <a href=\"https:\/\/www.youtube.com\/channel\/UCRzypVq0B_yBad5eGrwBx0Q?sub_confirmation=1\" target=\"_blank\">Abonnez-vous!<\/a><\/p>\n<div class=\"mvp-org-wrap\" itemprop=\"publisher\" itemscope=\"itemscope\" itemtype=\"https:\/\/schema.org\/Organization\">\n<div class=\"mvp-org-logo\" itemprop=\"logo\" itemscope=\"itemscope\" itemtype=\"https:\/\/schema.org\/ImageObject\">\n<p><img loading=\"lazy\" decoding=\"async\" width=\"290\" height=\"78\" src=\"https:\/\/www.tunisienumerique.com\/wp-content\/uploads\/2024\/03\/Logo-Tn1-1-3.png\"\/><\/p>\n<p><meta itemprop=\"url\" content=\"https:\/\/www.tunisienumerique.com\/wp-content\/uploads\/2024\/03\/Logo-Tn1-1-3.png\"\/><\/div>\n<p><meta itemprop=\"name\" content=\"Tunisie numerique\"\/><\/div>\n<div class=\"post-tags\"><span class=\"post-tags-header\">SUJETS CONNEXES:<\/span><\/div>\n<div id=\"article-ad\">\n  <ins class=\"adsbygoogle\" data-ad-client=\"ca-pub-2102118777505746\" data-ad-slot=\"6168283410\" data-ad-format=\"auto\" data-full-width-responsive=\"true\"\/>\n<\/div>\n<\/div>\n<\/div>\n<\/div>\n<p>Auteur: hamza ben khelifa<br \/>\n<a href=\"https:\/\/www.tunisienumerique.com\/pres-de-300-beneficiaires-des-services-dune-caravane-multidisciplinaire-a-denden\/\">Cliquez ici pour lire l&rsquo;article depuis sa source.<\/a><\/p>\n","protected":false},"excerpt":{"rendered":"<p>Le blog en direct est termin\u00e9. Aucune mise \u00e0 jour du blog en direct pour le moment. Charger plus Facebook Twitter LinkedIn WhatsApp Lire plus tard Pr\u00e8s de 300 personnes de diff\u00e9rentes tranches d\u2019\u00e2ge, notamment des personnes \u00e2g\u00e9es, des adultes, des enfants et des jeunes, ont b\u00e9n\u00e9fici\u00e9 des services d\u2019une caravane sanitaire multidisciplinaire organis\u00e9e \u00e0 [&hellip;]<\/p>\n","protected":false},"author":1789,"featured_media":185212,"comment_status":"closed","ping_status":"closed","sticky":false,"template":"","format":"standard","meta":{"fifu_image_url":"https:\/\/www.tunisienumerique.com\/wp-content\/uploads\/2025\/09\/sante.jpg","fifu_image_alt":"Pr\u00e8s de 300 b\u00e9n\u00e9ficiaires des services d\u2019une caravane multidisciplinaire \u00e0 Denden","footnotes":""},"categories":[73,55],"tags":[],"class_list":["post-185211","post","type-post","status-publish","format-standard","has-post-thumbnail","hentry","category-actualite","category-tunisie"],"_links":{"self":[{"href":"https:\/\/linitiative.ca\/International\/wp-json\/wp\/v2\/posts\/185211","targetHints":{"allow":["GET"]}}],"collection":[{"href":"https:\/\/linitiative.ca\/International\/wp-json\/wp\/v2\/posts"}],"about":[{"href":"https:\/\/linitiative.ca\/International\/wp-json\/wp\/v2\/types\/post"}],"author":[{"embeddable":true,"href":"https:\/\/linitiative.ca\/International\/wp-json\/wp\/v2\/users\/1789"}],"replies":[{"embeddable":true,"href":"https:\/\/linitiative.ca\/International\/wp-json\/wp\/v2\/comments?post=185211"}],"version-history":[{"count":0,"href":"https:\/\/linitiative.ca\/International\/wp-json\/wp\/v2\/posts\/185211\/revisions"}],"wp:featuredmedia":[{"embeddable":true,"href":"https:\/\/linitiative.ca\/International\/wp-json\/wp\/v2\/media\/185212"}],"wp:attachment":[{"href":"https:\/\/linitiative.ca\/International\/wp-json\/wp\/v2\/media?parent=185211"}],"wp:term":[{"taxonomy":"category","embeddable":true,"href":"https:\/\/linitiative.ca\/International\/wp-json\/wp\/v2\/categories?post=185211"},{"taxonomy":"post_tag","embeddable":true,"href":"https:\/\/linitiative.ca\/International\/wp-json\/wp\/v2\/tags?post=185211"}],"curies":[{"name":"wp","href":"https:\/\/api.w.org\/{rel}","templated":true}]}}