{"id":185213,"date":"2026-04-26T17:05:03","date_gmt":"2026-04-26T21:05:03","guid":{"rendered":"https:\/\/linitiative.ca\/International\/violences-xenophobes-recurrentes-en-afrique-du-sud-mandela-doit-se-retourner-dans-sa-tombe\/"},"modified":"2026-04-26T17:05:03","modified_gmt":"2026-04-26T21:05:03","slug":"violences-xenophobes-recurrentes-en-afrique-du-sud-mandela-doit-se-retourner-dans-sa-tombe","status":"publish","type":"post","link":"https:\/\/linitiative.ca\/International\/violences-xenophobes-recurrentes-en-afrique-du-sud-mandela-doit-se-retourner-dans-sa-tombe\/","title":{"rendered":"VIOLENCES XENOPHOBES RECURRENTES EN AFRIQUE DU SUD : Mandela doit se retourner dans sa tombe"},"content":{"rendered":"<p><em>En Afrique du Sud, les \u00e9trangers sont, de plus en plus, traqu\u00e9s telles des b\u00eates sauvages. A preuve, des Ghan\u00e9ens, Nig\u00e9rians et Congolais, pour ne citer que ceux-l\u00e0, ont vu leurs v\u00e9hicules, entrep\u00f4ts et boutiques saccag\u00e9s par des Sud- africains. Et ce n\u2019est pas tout. Car, une v\u00e9ritable chasse \u00e0 l\u2019homme est engag\u00e9e contre des migrants tant et si bien que des villes comme Johannesburg, Pretoria, Durban\u2026, sont devenues des prisons \u00e0 ciel ouvert pour migrants. Leur crime, en creux : avoir fait fortune en Afrique du Sud o\u00f9 on les accuse d\u2019avoir vol\u00e9 les emplois des nationaux. Et plut\u00f4t que de prendre ces violences x\u00e9nophobes r\u00e9currentes, \u00e0 bras-le corps, le gouvernement sud-africain semble s\u2019en soucier comme d\u2019une guigne.\u00a0<\/em><em>A preuve, il a fallu que les autorit\u00e9s ghan\u00e9ennes convoquassent l\u2019ambassadeur sud-africain \u00e0 Accra, suite \u00e0 la publication de vid\u00e9os montrant des actes de x\u00e9nophobie contre des ressortissants ghan\u00e9ens, pour que Pretoria r\u00e9agisse. Une attitude pour le moins incorrecte et suspecte. Si ce n\u2019est pas de la complicit\u00e9, cela y ressemble fort, ce d\u2019autant que cette r\u00e9action intervient pr\u00e8s d\u2019un mois apr\u00e8s le d\u00e9but des faits. On est d\u2019autant plus fond\u00e9 \u00e0 le penser que les cas de x\u00e9nophobie qui ont fait l\u2019objet de poursuites judiciaires, se comptent sur le bout des doigts. L\u2019Afrique du Sud a certes des probl\u00e8mes, notamment sociaux, avec un taux de ch\u00f4mage qui culmine \u00e0 32%. Mais on ne saurait, dans l\u2019absolu, tenir pour responsables les \u00e9trangers, de cette situation. Il est aussi vrai que la premi\u00e8re \u00e9conomie africaine, en 2025, compte plus de 3 millions d\u2019\u00e9trangers sur son sol. Mais cela ne saurait non plus justifier ces actes de x\u00e9nophobie \u00e0 l\u2019encontre des \u00e9trangers.<\/em><\/p>\n<p><em>\u00a0<\/em><\/p>\n<p><strong><em>Ce n\u2019est pas dans la violence qu\u2019on r\u00e9sout les probl\u00e8mes<\/em><\/strong><\/p>\n<p><em>\u00a0<\/em><\/p>\n<p><em>Le responsable de la mis\u00e8re ambiante qui frappe de nombreux foyers sud-africains, n\u2019est autre que le gouvernement sud-africain en apparence incapable de satisfaire aux besoins socio-\u00e9conomiques de sa classe la plus vuln\u00e9rable. Et plut\u00f4t que de se remettre en cause et repenser sa gouvernance, le pouvoir de Cyril Ramaphosa pr\u00e9f\u00e8re faire l\u2019autruche. Les vid\u00e9os virales sur les r\u00e9seaux sociaux montrant des groupes anti-immigration d\u00e9filant sur les art\u00e8res, arm\u00e9s de b\u00e2tons et de fouets, pourchassant des migrants, ternissent, \u00e0 tout point de vue, l\u2019image de la Nation arc-en-ciel qui se veut un melting pot. Les Sud-africains ont-ils la m\u00e9moire courte au point de ne pas se souvenir de l\u2019immense soutien dont ils ont b\u00e9n\u00e9fici\u00e9 pendant l\u2019apartheid, de la part des pays africains ? Est-ce un crime pour un \u00e9tranger de faire fortune dans son pays d\u2019accueil ? En tout cas, Nelson Mandela doit se retourner dans sa tombe. Car, les d\u00e9rives x\u00e9nophobes auxquelles se livrent aujourd\u2019hui certains de ses compatriotes, ach\u00e8vent de convaincre que les successeurs de Madiba sont incapables de chausser ses bottes. Cela dit, le r\u00e9gime de Cyril Ramaphosa doit travailler \u00e0 mettre fin \u00e0 ces actes de x\u00e9nophobie qui auront laiss\u00e9, au cours des deux derni\u00e8res d\u00e9cennies, sur le carreau, des centaines de cadavres. Et plut\u00f4t, il le fera, mieux cela vaudra.\u00a0<\/em><em>\u00a0Car, il ne fait l\u2019ombre d\u2019aucun doute que ces actes de x\u00e9nophobie exposent les Sud-africains qui font eux aussi fortune dans bien des pays africains, \u00e0 des risques de repr\u00e9sailles. Il faut, du reste, f\u00e9liciter au passage les pays dont les ressortissants sont victimes d\u2019actes de x\u00e9nophobie en Afrique du Sud, mais qui continuent de faire montre de retenue. C\u2019est tout \u00e0 leur honneur. Vivement qu\u2019ils continuent de pr\u00f4ner le dialogue et la paix. Car, ce n\u2019est pas dans la violence qu\u2019on r\u00e9sout les probl\u00e8mes. Mais il importe aussi que les ressortissants des diff\u00e9rents pays victimes d\u2019actes de x\u00e9nophobie en Afrique du Sud, se conforment aux lois et textes en vigueur dans leur pays d\u2019accueil.<\/em><\/p>\n<p><em>\u00a0<\/em><\/p>\n<p><strong><em>Dabadi ZOUMBARA<\/em><\/strong><\/p>\n<p><em>\u00a0<\/em><\/p>\n<p><em>\u00a0<\/em><\/p>\n<p><em>\u00a0<\/em><\/p>\n<p>\nAuteur: Editions LEPAYS<br \/>\n<a href=\"https:\/\/lepays.bf\/violences-xenophobes-recurrentes-en-afrique-du-sud-mandela-doit-se-retourner-dans-sa-tombe\/\">Cliquez ici pour lire l&rsquo;article depuis sa source.<\/a><\/p>\n","protected":false},"excerpt":{"rendered":"<p>En Afrique du Sud, les \u00e9trangers sont, de plus en plus, traqu\u00e9s telles des b\u00eates sauvages. A preuve, des Ghan\u00e9ens, Nig\u00e9rians et Congolais, pour ne citer que ceux-l\u00e0, ont vu leurs v\u00e9hicules, entrep\u00f4ts et boutiques saccag\u00e9s par des Sud- africains. Et ce n\u2019est pas tout. Car, une v\u00e9ritable chasse \u00e0 l\u2019homme est engag\u00e9e contre des [&hellip;]<\/p>\n","protected":false},"author":1813,"featured_media":185214,"comment_status":"closed","ping_status":"closed","sticky":false,"template":"","format":"standard","meta":{"fifu_image_url":"https:\/\/lepays.bf\/wp-content\/uploads\/2026\/04\/AFS.jpeg","fifu_image_alt":"VIOLENCES XENOPHOBES RECURRENTES EN AFRIQUE DU SUD : Mandela doit se retourner dans sa tombe","footnotes":""},"categories":[73,81],"tags":[],"class_list":["post-185213","post","type-post","status-publish","format-standard","has-post-thumbnail","hentry","category-actualite","category-burkina-faso"],"_links":{"self":[{"href":"https:\/\/linitiative.ca\/International\/wp-json\/wp\/v2\/posts\/185213","targetHints":{"allow":["GET"]}}],"collection":[{"href":"https:\/\/linitiative.ca\/International\/wp-json\/wp\/v2\/posts"}],"about":[{"href":"https:\/\/linitiative.ca\/International\/wp-json\/wp\/v2\/types\/post"}],"author":[{"embeddable":true,"href":"https:\/\/linitiative.ca\/International\/wp-json\/wp\/v2\/users\/1813"}],"replies":[{"embeddable":true,"href":"https:\/\/linitiative.ca\/International\/wp-json\/wp\/v2\/comments?post=185213"}],"version-history":[{"count":0,"href":"https:\/\/linitiative.ca\/International\/wp-json\/wp\/v2\/posts\/185213\/revisions"}],"wp:featuredmedia":[{"embeddable":true,"href":"https:\/\/linitiative.ca\/International\/wp-json\/wp\/v2\/media\/185214"}],"wp:attachment":[{"href":"https:\/\/linitiative.ca\/International\/wp-json\/wp\/v2\/media?parent=185213"}],"wp:term":[{"taxonomy":"category","embeddable":true,"href":"https:\/\/linitiative.ca\/International\/wp-json\/wp\/v2\/categories?post=185213"},{"taxonomy":"post_tag","embeddable":true,"href":"https:\/\/linitiative.ca\/International\/wp-json\/wp\/v2\/tags?post=185213"}],"curies":[{"name":"wp","href":"https:\/\/api.w.org\/{rel}","templated":true}]}}