{"id":185215,"date":"2026-04-26T17:09:29","date_gmt":"2026-04-26T21:09:29","guid":{"rendered":"https:\/\/linitiative.ca\/International\/attaques-terroristes-au-mali-solidarite-avec-le-maliba\/"},"modified":"2026-04-26T17:09:29","modified_gmt":"2026-04-26T21:09:29","slug":"attaques-terroristes-au-mali-solidarite-avec-le-maliba","status":"publish","type":"post","link":"https:\/\/linitiative.ca\/International\/attaques-terroristes-au-mali-solidarite-avec-le-maliba\/","title":{"rendered":"ATTAQUES TERRORISTES AU MALI : Solidarit\u00e9 avec le Maliba"},"content":{"rendered":"<p><em>Les attaques coordonn\u00e9es contre Kati, S\u00e9var\u00e9, Kidal et d\u2019autres points n\u00e9vralgiques ne doivent pas \u00eatre rel\u00e9gu\u00e9es au rang d\u2019un \u00e9pisode de plus dans la routine tragique d\u2019un conflit qui s\u2019enlise depuis plus d\u2019une d\u00e9cennie au Mali. Elles r\u00e9v\u00e8lent au contraire une strat\u00e9gie m\u00fbrement r\u00e9fl\u00e9chie et cyniquement ex\u00e9cut\u00e9e, qui balaie l\u2019id\u00e9e de groupes arm\u00e9s d\u00e9sorganis\u00e9s qu\u2019on se fait de ces terroristes dont la violence est le principal mode d\u2019expression.<\/em> <em>Ce qui s\u2019est pass\u00e9 le week-end \u00e9coul\u00e9 dans plusieurs villes maliennes, a d\u00e9montr\u00e9, en effet, une capacit\u00e9 de planification, de synchronisation et de projection qui confirme l\u2019existence d\u2019une convergence op\u00e9rationnelle entre des acteurs pourtant porteurs d\u2019agendas diff\u00e9rents.<\/em><\/p>\n<p><em>\u00a0<\/em><\/p>\n<p><strong><em>Ce mode op\u00e9ratoire vise \u00e0 semer uniquement la terreur<\/em><\/strong><\/p>\n<p><em>\u00a0<\/em><\/p>\n<p><em>D\u2019un c\u00f4t\u00e9, le JNIM, engag\u00e9 dans une logique de d\u00e9stabilisation de l\u2019Etat et d\u2019imposition d\u2019un ordre id\u00e9ologique par la contrainte. De l\u2019autre, le Front de lib\u00e9ration de l\u2019Azawad (FLA), ancr\u00e9 dans une revendication territoriale et identitaire ancienne.<\/em> <em>La coordination de leurs actions sur plusieurs th\u00e9\u00e2tres, a clairement montr\u00e9 qu\u2019il ne s\u2019agit pas seulement d\u2019une coalition opportuniste, encore moins d\u2019une fusion id\u00e9ologique de ces groupes, mais bien d\u2019une complicit\u00e9 tactique dirig\u00e9e contre un Etat et sa population. Multiplier les fronts, saturer les capacit\u00e9s des forces de d\u00e9fense maliennes et instaurer un climat de panique g\u00e9n\u00e9ralis\u00e9e, rel\u00e8ve d\u2019une strat\u00e9gie redoutablement mortif\u00e8re, appliqu\u00e9e sans scrupule et sans la moindre consid\u00e9ration pour les cons\u00e9quences humaines.<\/em> <em>Au-del\u00e0 donc des cibles strictement militaires, ces attaques s\u2019inscrivent dans une logique de terreur qui consiste \u00e0 frapper aux portes de Bamako, atteindre Kati, perturber S\u00e9var\u00e9 et investir Kidal, quasi simultan\u00e9ment afin d\u2019adresser un message clair aux Maliens : celui qu\u2019aucune zone du pays n\u2019est v\u00e9ritablement \u00e0 l\u2019abri. Aucune revendication territoriale, aucune id\u00e9ologie religieuse, aucun discours de marginalisation ne saurait conf\u00e9rer une quelconque l\u00e9gitimit\u00e9 \u00e0 de telles actions, en particulier lorsqu\u2019elles se d\u00e9roulent dans des zones habit\u00e9es comme ce fut le cas samedi dernier. Ce mode op\u00e9ratoire vise \u00e0 semer uniquement la terreur en ouvrant plusieurs fronts pour d\u00e9sorienter l\u2019arm\u00e9e malienne, la fixer au Sud afin de man\u0153uvrer au Nord, notamment autour de Kidal, et exploiter chaque faille avec m\u00e9thode au point de prendre l\u2019ensemble du pays en otage.\u00a0<\/em><em>Face \u00e0 cette offensive tous azimuts, l\u2019arm\u00e9e malienne a engag\u00e9 des op\u00e9rations de riposte et de ratissage pour reprendre le contr\u00f4le des zones affect\u00e9es. Toutefois, des interrogations l\u00e9gitimes subsistent quant \u00e0 la capacit\u00e9 des assaillants \u00e0 imposer leur tempo et \u00e0 installer un vide rapidement combl\u00e9 par la peur tout au long de la journ\u00e9e de samedi.\u00a0<\/em> <em>Comment des groupes sous pression au Mali, mais aussi au Burkina Faso et au Niger, ont-ils pu organiser des actions d\u2019une telle ampleur\u00a0? Comment ont-ils pu frapper quasi simultan\u00e9ment des zones aussi sensibles\u00a0?<\/em><\/p>\n<p><em>\u00a0<\/em><\/p>\n<p><strong><em>Ils ont d\u00e9cid\u00e9 de se coordonner, dans une logique de survie<\/em><\/strong><\/p>\n<p><em>\u00a0<\/em><\/p>\n<p><em>Une partie de la r\u00e9ponse r\u00e9side, sans doute, dans leur capacit\u00e9 d\u2019adaptation. Accul\u00e9s, ils n\u2019ont pas renonc\u00e9 \u00e0 leurs entreprises d\u00e9stabilisatrices, mais bien au contraire, ils ont d\u00e9cid\u00e9 de se coordonner, dans une logique de survie, pour frapper plus fort et sans distinction.\u00a0<\/em> <em>Mais cela ne suffit pas \u00e0 tout expliquer. Si de telles attaques ont pu se produire en plein jour dans des espaces r\u00e9put\u00e9s pour \u00eatre s\u00e9curis\u00e9s, c\u2019est qu\u2019il existe probablement des br\u00e8ches qu\u2019il faudra rapidement identifier et corriger.\u00a0<\/em> <em>Il ne s\u2019agit pas de nier les efforts des forces maliennes pour s\u00e9curiser le pays, ni de minimiser les sacrifices consentis par les autorit\u00e9s pour neutraliser les groupes arm\u00e9s, dont la responsabilit\u00e9 demeure \u00e9crasante dans ces \u00e9v\u00e9nements.\u00a0<\/em> <em>Il faut cependant avoir le courage de reconna\u00eetre qu\u2019au-del\u00e0 des op\u00e9rations militaires, la guerre se joue aussi dans la capacit\u00e9 \u00e0 anticiper et emp\u00eacher ce type d\u2019attaques qui visent \u00e0 saper le moral des populations et \u00e0 installer le doute, y compris chez les plus r\u00e9silients.<\/em> <em>C\u2019est en apportant des r\u00e9ponses vigoureuses \u00e0 la hauteur du danger, que repr\u00e9sentent ces groupes arm\u00e9s, que la strat\u00e9gie adopt\u00e9e jusque-l\u00e0 pour bouter les ennemis du Mali hors de son territoire, pourra \u00eatre plus efficace au b\u00e9n\u00e9fice des Maliens et du reste du monde.<\/em><\/p>\n<p><em>\u00a0<\/em><\/p>\n<p><strong><em>\u00ab\u00a0Le Pays\u00a0\u00bb<\/em><\/strong><\/p>\n<p>\nAuteur: Editions LEPAYS<br \/>\n<a href=\"https:\/\/lepays.bf\/attaques-terroristes-au-mali-solidarite-avec-le-maliba\/\">Cliquez ici pour lire l&rsquo;article depuis sa source.<\/a><\/p>\n","protected":false},"excerpt":{"rendered":"<p>Les attaques coordonn\u00e9es contre Kati, S\u00e9var\u00e9, Kidal et d\u2019autres points n\u00e9vralgiques ne doivent pas \u00eatre rel\u00e9gu\u00e9es au rang d\u2019un \u00e9pisode de plus dans la routine tragique d\u2019un conflit qui s\u2019enlise depuis plus d\u2019une d\u00e9cennie au Mali. Elles r\u00e9v\u00e8lent au contraire une strat\u00e9gie m\u00fbrement r\u00e9fl\u00e9chie et cyniquement ex\u00e9cut\u00e9e, qui balaie l\u2019id\u00e9e de groupes arm\u00e9s d\u00e9sorganis\u00e9s qu\u2019on [&hellip;]<\/p>\n","protected":false},"author":1813,"featured_media":185216,"comment_status":"closed","ping_status":"closed","sticky":false,"template":"","format":"standard","meta":{"fifu_image_url":"https:\/\/lepays.bf\/wp-content\/uploads\/2026\/04\/MALI.webp","fifu_image_alt":"ATTAQUES TERRORISTES AU MALI : Solidarit\u00e9 avec le Maliba","footnotes":""},"categories":[73,81],"tags":[],"class_list":["post-185215","post","type-post","status-publish","format-standard","has-post-thumbnail","hentry","category-actualite","category-burkina-faso"],"_links":{"self":[{"href":"https:\/\/linitiative.ca\/International\/wp-json\/wp\/v2\/posts\/185215","targetHints":{"allow":["GET"]}}],"collection":[{"href":"https:\/\/linitiative.ca\/International\/wp-json\/wp\/v2\/posts"}],"about":[{"href":"https:\/\/linitiative.ca\/International\/wp-json\/wp\/v2\/types\/post"}],"author":[{"embeddable":true,"href":"https:\/\/linitiative.ca\/International\/wp-json\/wp\/v2\/users\/1813"}],"replies":[{"embeddable":true,"href":"https:\/\/linitiative.ca\/International\/wp-json\/wp\/v2\/comments?post=185215"}],"version-history":[{"count":0,"href":"https:\/\/linitiative.ca\/International\/wp-json\/wp\/v2\/posts\/185215\/revisions"}],"wp:featuredmedia":[{"embeddable":true,"href":"https:\/\/linitiative.ca\/International\/wp-json\/wp\/v2\/media\/185216"}],"wp:attachment":[{"href":"https:\/\/linitiative.ca\/International\/wp-json\/wp\/v2\/media?parent=185215"}],"wp:term":[{"taxonomy":"category","embeddable":true,"href":"https:\/\/linitiative.ca\/International\/wp-json\/wp\/v2\/categories?post=185215"},{"taxonomy":"post_tag","embeddable":true,"href":"https:\/\/linitiative.ca\/International\/wp-json\/wp\/v2\/tags?post=185215"}],"curies":[{"name":"wp","href":"https:\/\/api.w.org\/{rel}","templated":true}]}}