{"id":185223,"date":"2026-04-26T13:33:33","date_gmt":"2026-04-26T17:33:33","guid":{"rendered":"https:\/\/linitiative.ca\/International\/le-president-de-lipn-recoit-les-orientations-du-president-du-faso\/"},"modified":"2026-04-26T13:33:33","modified_gmt":"2026-04-26T17:33:33","slug":"le-president-de-lipn-recoit-les-orientations-du-president-du-faso","status":"publish","type":"post","link":"https:\/\/linitiative.ca\/International\/le-president-de-lipn-recoit-les-orientations-du-president-du-faso\/","title":{"rendered":"Le pr\u00e9sident de l\u2019IPN re\u00e7oit les orientations du Pr\u00e9sident du Faso"},"content":{"rendered":"<div class=\"td-post-featured-image\"><a href=\"https:\/\/www.sidwaya.info\/wp-content\/uploads\/2026\/04\/IPN1.jpg\" data-caption=\"\"><img loading=\"lazy\" decoding=\"async\" width=\"696\" height=\"522\" class=\"entry-thumb td-modal-image\" src=\"https:\/\/www.sidwaya.info\/wp-content\/uploads\/2026\/04\/IPN1-696x522.jpg\" srcset=\"https:\/\/www.sidwaya.info\/wp-content\/uploads\/2026\/04\/IPN1-696x522.jpg 696w, https:\/\/www.sidwaya.info\/wp-content\/uploads\/2026\/04\/IPN1-300x225.jpg 300w, https:\/\/www.sidwaya.info\/wp-content\/uploads\/2026\/04\/IPN1-1024x769.jpg 1024w, https:\/\/www.sidwaya.info\/wp-content\/uploads\/2026\/04\/IPN1-768x576.jpg 768w, https:\/\/www.sidwaya.info\/wp-content\/uploads\/2026\/04\/IPN1-1536x1153.jpg 1536w, https:\/\/www.sidwaya.info\/wp-content\/uploads\/2026\/04\/IPN1-560x420.jpg 560w, https:\/\/www.sidwaya.info\/wp-content\/uploads\/2026\/04\/IPN1-80x60.jpg 80w, https:\/\/www.sidwaya.info\/wp-content\/uploads\/2026\/04\/IPN1-150x113.jpg 150w, https:\/\/www.sidwaya.info\/wp-content\/uploads\/2026\/04\/IPN1-1068x802.jpg 1068w, https:\/\/www.sidwaya.info\/wp-content\/uploads\/2026\/04\/IPN1-265x198.jpg 265w, https:\/\/www.sidwaya.info\/wp-content\/uploads\/2026\/04\/IPN1.jpg 1600w\" sizes=\"auto, (max-width: 696px) 100vw, 696px\" alt=\"\" title=\"IPN1\"\/><\/a><\/div>\n<p>Le Pr\u00e9sident du Faso, Chef de l\u2019\u00c9tat, Son Excellence le Capitaine Ibrahim TRAOR\u00c9 a accord\u00e9 une audience ce samedi 25 avril, \u00e0 une d\u00e9l\u00e9gation de l\u2019Institut des Peuples Noirs- Farafina (IPN-Farafina) conduite par son pr\u00e9sident, Dr Apollinaire Joachimson KYELEM de Tamb\u00e8la.<\/p>\n<p>\u00ab Le Chef de l\u2019\u00c9tat malgr\u00e9 son agenda tr\u00e8s charg\u00e9 a bien voulu nous recevoir, parce que l\u2019IPN lui tient beaucoup \u00e0 c\u0153ur \u00bb, dit d\u2019embl\u00e9e le pr\u00e9sident de l\u2019IPN-Farafina, Dr Apollinaire Joachimson KYELEM de Tamb\u00e8la \u00e0 l\u2019issue de l\u2019audience.<\/p>\n<p>Au cours de la rencontre, la d\u00e9l\u00e9gation a, d\u2019abord, fait le bilan des activit\u00e9s de l\u2019IPN, au Chef de l\u2019\u00c9tat, avant de recevoir ses orientations. \u00ab Il en \u00e9tait satisfait. Il nous a prodigu\u00e9s des encouragements \u00bb, d\u00e9clare M. KYELEM de Tamb\u00e8la.<\/p>\n<p>Rappelant la vision du Pr\u00e9sident du Faso, le pr\u00e9sident de l\u2019IPN-Farafina indique que \u00ab l\u2019IPN est un instrument r\u00e9volutionnaire dont l\u2019objectif est de contribuer \u00e0 la transformation des mentalit\u00e9s des Burkinab\u00e8 et des Peuples noirs \u00bb.<\/p>\n<p>Pour lui, il s\u2019agit de leur faire comprendre qu\u2019ils ont leur destin en main, explique-t-il, avant d\u2019annoncer le lancement des activit\u00e9s de l\u2019IPN-Farafina dans les jours \u00e0 venir.<\/p>\n<p>Direction de la communication de la Pr\u00e9sidence du Faso<\/p>\n<p>Auteur: BS. Sidwaya<br \/>\n<a href=\"https:\/\/www.sidwaya.info\/le-president-de-lipn-recoit-les-orientations-du-president-du-faso\/\">Cliquez ici pour lire l&rsquo;article depuis sa source.<\/a><\/p>\n","protected":false},"excerpt":{"rendered":"<p>Le Pr\u00e9sident du Faso, Chef de l\u2019\u00c9tat, Son Excellence le Capitaine Ibrahim TRAOR\u00c9 a accord\u00e9 une audience ce samedi 25 avril, \u00e0 une d\u00e9l\u00e9gation de l\u2019Institut des Peuples Noirs- Farafina (IPN-Farafina) conduite par son pr\u00e9sident, Dr Apollinaire Joachimson KYELEM de Tamb\u00e8la. \u00ab Le Chef de l\u2019\u00c9tat malgr\u00e9 son agenda tr\u00e8s charg\u00e9 a bien voulu nous [&hellip;]<\/p>\n","protected":false},"author":1816,"featured_media":185224,"comment_status":"closed","ping_status":"closed","sticky":false,"template":"","format":"standard","meta":{"fifu_image_url":"https:\/\/www.sidwaya.info\/wp-content\/uploads\/2026\/04\/IPN1.jpg","fifu_image_alt":"Le pr\u00e9sident de l\u2019IPN re\u00e7oit les orientations du Pr\u00e9sident du Faso","footnotes":""},"categories":[73,81],"tags":[],"class_list":["post-185223","post","type-post","status-publish","format-standard","has-post-thumbnail","hentry","category-actualite","category-burkina-faso"],"_links":{"self":[{"href":"https:\/\/linitiative.ca\/International\/wp-json\/wp\/v2\/posts\/185223","targetHints":{"allow":["GET"]}}],"collection":[{"href":"https:\/\/linitiative.ca\/International\/wp-json\/wp\/v2\/posts"}],"about":[{"href":"https:\/\/linitiative.ca\/International\/wp-json\/wp\/v2\/types\/post"}],"author":[{"embeddable":true,"href":"https:\/\/linitiative.ca\/International\/wp-json\/wp\/v2\/users\/1816"}],"replies":[{"embeddable":true,"href":"https:\/\/linitiative.ca\/International\/wp-json\/wp\/v2\/comments?post=185223"}],"version-history":[{"count":0,"href":"https:\/\/linitiative.ca\/International\/wp-json\/wp\/v2\/posts\/185223\/revisions"}],"wp:featuredmedia":[{"embeddable":true,"href":"https:\/\/linitiative.ca\/International\/wp-json\/wp\/v2\/media\/185224"}],"wp:attachment":[{"href":"https:\/\/linitiative.ca\/International\/wp-json\/wp\/v2\/media?parent=185223"}],"wp:term":[{"taxonomy":"category","embeddable":true,"href":"https:\/\/linitiative.ca\/International\/wp-json\/wp\/v2\/categories?post=185223"},{"taxonomy":"post_tag","embeddable":true,"href":"https:\/\/linitiative.ca\/International\/wp-json\/wp\/v2\/tags?post=185223"}],"curies":[{"name":"wp","href":"https:\/\/api.w.org\/{rel}","templated":true}]}}