{"id":185225,"date":"2026-04-26T13:42:55","date_gmt":"2026-04-26T17:42:55","guid":{"rendered":"https:\/\/linitiative.ca\/International\/stand-koulouba-de-la-presidence-du-faso-a-la-snc-2026-les-03-premiers-ministres-des-pays-de-la-confederation-aes-premiers-visiteurs\/"},"modified":"2026-04-26T13:42:55","modified_gmt":"2026-04-26T17:42:55","slug":"stand-koulouba-de-la-presidence-du-faso-a-la-snc-2026-les-03-premiers-ministres-des-pays-de-la-confederation-aes-premiers-visiteurs","status":"publish","type":"post","link":"https:\/\/linitiative.ca\/International\/stand-koulouba-de-la-presidence-du-faso-a-la-snc-2026-les-03-premiers-ministres-des-pays-de-la-confederation-aes-premiers-visiteurs\/","title":{"rendered":"Stand \u2018\u2019Koulouba\u2019\u2019 de la Pr\u00e9sidence du Faso \u00e0 la SNC 2026 : les 03 Premiers Ministres des pays de la Conf\u00e9d\u00e9ration AES, premiers visiteurs"},"content":{"rendered":"<div class=\"td-post-featured-image\"><a href=\"https:\/\/www.sidwaya.info\/wp-content\/uploads\/2026\/04\/WhatsApp-Image-2026-04-26-at-16.15.32.jpeg\" data-caption=\"\"><img loading=\"lazy\" decoding=\"async\" width=\"696\" height=\"464\" class=\"entry-thumb td-modal-image\" src=\"https:\/\/www.sidwaya.info\/wp-content\/uploads\/2026\/04\/WhatsApp-Image-2026-04-26-at-16.15.32-696x464.jpeg\" srcset=\"https:\/\/www.sidwaya.info\/wp-content\/uploads\/2026\/04\/WhatsApp-Image-2026-04-26-at-16.15.32-696x464.jpeg 696w, https:\/\/www.sidwaya.info\/wp-content\/uploads\/2026\/04\/WhatsApp-Image-2026-04-26-at-16.15.32-300x200.jpeg 300w, https:\/\/www.sidwaya.info\/wp-content\/uploads\/2026\/04\/WhatsApp-Image-2026-04-26-at-16.15.32-1024x682.jpeg 1024w, https:\/\/www.sidwaya.info\/wp-content\/uploads\/2026\/04\/WhatsApp-Image-2026-04-26-at-16.15.32-768x512.jpeg 768w, https:\/\/www.sidwaya.info\/wp-content\/uploads\/2026\/04\/WhatsApp-Image-2026-04-26-at-16.15.32-630x420.jpeg 630w, https:\/\/www.sidwaya.info\/wp-content\/uploads\/2026\/04\/WhatsApp-Image-2026-04-26-at-16.15.32-150x100.jpeg 150w, https:\/\/www.sidwaya.info\/wp-content\/uploads\/2026\/04\/WhatsApp-Image-2026-04-26-at-16.15.32-1068x712.jpeg 1068w, https:\/\/www.sidwaya.info\/wp-content\/uploads\/2026\/04\/WhatsApp-Image-2026-04-26-at-16.15.32.jpeg 1280w\" sizes=\"auto, (max-width: 696px) 100vw, 696px\" alt=\"\" title=\"WhatsApp Image 2026-04-26 at 16.15.32\"\/><\/a><\/div>\n<p>Le Premier ministre Rimtalba Jean Emmanuel OU\u00c9DRAOGO a proc\u00e9d\u00e9, le dimanche, 26 avril 2026, \u00e0 l\u2019ouverture officielle du Stand \u2018\u2019Koulouba\u2019\u2019 de la Pr\u00e9sidence du Faso, install\u00e9 \u00e0 la Maison de la Culture Mr Anselme-Titianma-SANON de Bobo-Dioulasso.<br \/>\u200e<br \/>Accompagn\u00e9 de ses homologues du Mali et du Niger et en pr\u00e9sence des pr\u00e9sidents d\u2019institution, des membres du gouvernement des pays de la Conf\u00e9d\u00e9ration AES, des Ministres conseillers sp\u00e9ciaux et des invit\u00e9s de marque, le Premier Ministre a officiellement ouvert le stand \u2018\u2019Koulouba\u2019\u2019, symbole d\u2019innovation et d\u2019ouverture \u00e0 la population. \u00c0 ce stand d\u00e9di\u00e9 \u00e0 la promotion des actions du Pr\u00e9sident du Faso, Son Excellence le Capitaine Ibrahim TRAOR\u00c9, le Chef du Gouvernement burkinab\u00e8 et ses h\u00f4tes ont tour \u00e0 tour d\u00e9couvert l\u2019espace photos, l\u2019espace audiovisuel et la biblioth\u00e8que.<br \/>\u200e<br \/>\u200eLe Premier Ministre Rimtalba Jean Emmanuel OU\u00c9DRAOGO a salu\u00e9 l\u2019initiative et soulign\u00e9 l\u2019importance de valoriser les actions de la premi\u00e8re institution de la R\u00e9publique. Apr\u00e8s la visite guid\u00e9e du stand, le Chef du Gouvernement a offert un lot de publications \u00e0 chacun de ses homologues, t\u00e9moignant ainsi son int\u00e9r\u00eat pour les productions de l\u2019institution.<\/p>\n<p>Au titre des publications officielles disponibles, il y a \u00abLe Manifeste de la RPP\u00bb pour une contribution de 1 000 FCFA l\u2019exemplaire. Dans les rayons \u00e9galement, le livre \u00abLe Capitaine Ibrahim TRAOR\u00c9 a dit \u00bb, un Recueil des discours du Pr\u00e9sident du Faso, le Capitaine Ibrahim TRAOR\u00c9 depuis son accession au pouvoir le 30 septembre 2022 \u00e0 la proclamation de la RPP (1er avril 2025), pour une contribution unitaire de 15000 FCFA. Des plaquettes de pr\u00e9sentation de l\u2019institution ainsi que des p\u00e9riodiques sont offerts aux visiteurs.<\/p>\n<p>\u00c0 noter que l\u2019int\u00e9gralit\u00e9 des recettes sera revers\u00e9e au Fonds de Soutien Patriotique (FSP).<\/p>\n<p>Jusqu\u2019au 2 mai prochain, le public burkinab\u00e8 et de la SNC est appel\u00e9 \u00e0 d\u00e9couvrir la Pr\u00e9sidence du Faso \u00e0 travers ce stand. Vous avez audience \u00e0 \u2018\u2019Koulouba\u2019\u2019.<\/p>\n<p>\u200eDirection de la communication de la Pr\u00e9sidence du Faso<\/p>\n<p>Auteur: BS. Sidwaya<br \/>\n<a href=\"https:\/\/www.sidwaya.info\/stand-koulouba-de-la-presidence-du-faso-a-la-snc-2026-les-03-premiers-ministres-des-pays-de-la-confederation-aes-premiers-visiteurs\/\">Cliquez ici pour lire l&rsquo;article depuis sa source.<\/a><\/p>\n","protected":false},"excerpt":{"rendered":"<p>Le Premier ministre Rimtalba Jean Emmanuel OU\u00c9DRAOGO a proc\u00e9d\u00e9, le dimanche, 26 avril 2026, \u00e0 l\u2019ouverture officielle du Stand \u2018\u2019Koulouba\u2019\u2019 de la Pr\u00e9sidence du Faso, install\u00e9 \u00e0 la Maison de la Culture Mr Anselme-Titianma-SANON de Bobo-Dioulasso.\u200eAccompagn\u00e9 de ses homologues du Mali et du Niger et en pr\u00e9sence des pr\u00e9sidents d\u2019institution, des membres du gouvernement des [&hellip;]<\/p>\n","protected":false},"author":1816,"featured_media":185226,"comment_status":"closed","ping_status":"closed","sticky":false,"template":"","format":"standard","meta":{"fifu_image_url":"https:\/\/www.sidwaya.info\/wp-content\/uploads\/2026\/04\/WhatsApp-Image-2026-04-26-at-16.15.32.jpeg","fifu_image_alt":"Stand \u2018\u2019Koulouba\u2019\u2019 de la Pr\u00e9sidence du Faso \u00e0 la SNC 2026 : les 03 Premiers Ministres des pays de la Conf\u00e9d\u00e9ration AES, premiers visiteurs","footnotes":""},"categories":[73,81],"tags":[],"class_list":["post-185225","post","type-post","status-publish","format-standard","has-post-thumbnail","hentry","category-actualite","category-burkina-faso"],"_links":{"self":[{"href":"https:\/\/linitiative.ca\/International\/wp-json\/wp\/v2\/posts\/185225","targetHints":{"allow":["GET"]}}],"collection":[{"href":"https:\/\/linitiative.ca\/International\/wp-json\/wp\/v2\/posts"}],"about":[{"href":"https:\/\/linitiative.ca\/International\/wp-json\/wp\/v2\/types\/post"}],"author":[{"embeddable":true,"href":"https:\/\/linitiative.ca\/International\/wp-json\/wp\/v2\/users\/1816"}],"replies":[{"embeddable":true,"href":"https:\/\/linitiative.ca\/International\/wp-json\/wp\/v2\/comments?post=185225"}],"version-history":[{"count":0,"href":"https:\/\/linitiative.ca\/International\/wp-json\/wp\/v2\/posts\/185225\/revisions"}],"wp:featuredmedia":[{"embeddable":true,"href":"https:\/\/linitiative.ca\/International\/wp-json\/wp\/v2\/media\/185226"}],"wp:attachment":[{"href":"https:\/\/linitiative.ca\/International\/wp-json\/wp\/v2\/media?parent=185225"}],"wp:term":[{"taxonomy":"category","embeddable":true,"href":"https:\/\/linitiative.ca\/International\/wp-json\/wp\/v2\/categories?post=185225"},{"taxonomy":"post_tag","embeddable":true,"href":"https:\/\/linitiative.ca\/International\/wp-json\/wp\/v2\/tags?post=185225"}],"curies":[{"name":"wp","href":"https:\/\/api.w.org\/{rel}","templated":true}]}}