{"id":185227,"date":"2026-04-27T06:43:46","date_gmt":"2026-04-27T10:43:46","guid":{"rendered":"https:\/\/linitiative.ca\/International\/en-renouant-avec-son-heritage-photographique-photo-tanger-un-festival-pour-rendre-hommage-a-la-ville-du-detroit-et-a-son-histoire\/"},"modified":"2026-04-27T06:43:46","modified_gmt":"2026-04-27T10:43:46","slug":"en-renouant-avec-son-heritage-photographique-photo-tanger-un-festival-pour-rendre-hommage-a-la-ville-du-detroit-et-a-son-histoire","status":"publish","type":"post","link":"https:\/\/linitiative.ca\/International\/en-renouant-avec-son-heritage-photographique-photo-tanger-un-festival-pour-rendre-hommage-a-la-ville-du-detroit-et-a-son-histoire\/","title":{"rendered":"En renouant avec son h\u00e9ritage photographique : Photo Tanger, un festival pour rendre hommage \u00e0 la ville du d\u00e9troit et \u00e0 son histoire"},"content":{"rendered":"<p><span><strong>1\u00e8re \u00e9dition<\/strong><\/span><br \/><strong>Il est pr\u00e9vu des expositions de photographies dans des diff\u00e9rentes galeries de la ville, des projections de films, des signatures de livres, des tables rondes, des workshops, des \u00e9v\u00e9nements en plein air, et ce conform\u00e9ment au th\u00e8me principal de ce nouveau rendez-vous.<\/strong> <span id=\"more-518577\"\/><\/p>\n<p>La ville du d\u00e9troit accueille, du 17 juin au 30 ao\u00fbt, la premi\u00e8re \u00e9dition du Festival international de l\u2019image \u00abPhoto Tanger\u00bb. Ce festival est un \u00e9v\u00e9nement ancr\u00e9 localement et ouvert sur le monde, qui explore les nouveaux regards et favorise les \u00e9changes interculturels. \u00abPhoto Tanger, le premier festival international de l\u2019image, rend justice \u00e0 la ville et \u00e0 ses histoires. Exposition de photos, projection de films, au Cin\u00e9 Alcazar, cher \u00e0 ma m\u00e9moire. Tanger sera de la f\u00eate, renouant ainsi avec sa traditionnelle ouverture sur le large\u00bb, a fait savoir dans un communiqu\u00e9 l\u2019\u00e9crivain Tahar Ben Jelloun, membre de l\u2019Acad\u00e9mie Goncourt et pr\u00e9sident de la Fondation Photo Tanger, initiatrice de ce festival.<\/p>\n<p>Cette premi\u00e8re \u00e9dition, dont l\u2019inauguration officielle ouvrira la saison estivale, se pr\u00e9sente comme un rendez-vous festif sous le th\u00e8me \u00abL\u2019appel du large\u00bb. En optant pour ce th\u00e8me, \u00abnous avons souhait\u00e9 rendre hommage \u00e0 Tanger et \u00e0 son histoire. Cette ville donnant sur le large \u00e9voque l\u2019ouverture \u00e0 l\u2019alt\u00e9rit\u00e9 et le voyage depuis l\u2019antiquit\u00e9 jusqu\u2019\u00e0 aujourd\u2019hui\u00bb, selon les organisateurs. Sous le r\u00e8gne de SM le Roi Mohammed VI, Tanger conna\u00eet, rapporte la m\u00eame source, une transformation vertigineuse, int\u00e9grant des projets de d\u00e9veloppement urbain, \u00e9conomique et de modernisation, tout en pr\u00e9servant son h\u00e9ritage culturel et historique. Le Souverain accorde une attention particuli\u00e8re au secteur culturel pour en faire un levier de d\u00e9veloppement, d\u2019\u00e9panouissement et de prosp\u00e9rit\u00e9 partag\u00e9e. \u00abPhoto Tanger souhaite contribuer \u00e0 cette dynamique qui s\u2019empare de la ville du d\u00e9troit en cr\u00e9ant le festival international de l\u2019image qui renoue avec son h\u00e9ritage photographique et r\u00e9v\u00e8le les pratiques visuelles contemporaines et leurs \u00e9volutions cr\u00e9atives\u00bb, explique-t-on.<\/p>\n<p>Ce nouveau rendez-vous sera marqu\u00e9 par des expositions de photographies dans diff\u00e9rentes galeries de la ville. Parmi lesquelles il y a lieu de citer celle de Leila Alaoui (1982 \u2013 2016). Cette s\u00e9rie photographique \u00abMade in India\u00bb a \u00e9t\u00e9 r\u00e9alis\u00e9e lors d\u2019un voyage de la d\u00e9funte en Inde en 2014 et a immortalis\u00e9 les visages d\u2019une communaut\u00e9 de femmes travaillant dans une usine de confection de v\u00eatements.<br \/>Photo Tanger invite les Tang\u00e9rois et les visiteurs \u00e0 d\u00e9couvrir une s\u00e9rie de photographies en noir et blanc de Rachid Ouettassi. L\u2019artiste tang\u00e9rois exprime son amour pour sa ville, et ce \u00e0 travers ces clich\u00e9s, accompagn\u00e9s du texte de son compatriote tang\u00e9rois, l\u2019universitaire Anouar Majid. Le photographe et cin\u00e9aste marocain Daoud Aoulad Syad pr\u00e9sentera, lors de ce festival, une s\u00e9lection d\u2019images prise sur le vif, en couleur, qu\u2019il capture depuis des d\u00e9cennies. Photo Tanger r\u00e9unit Fadia Ahmad (Liban), Amina Benbouchta (Maroc), Zoulikha Bouabdellah (Alg\u00e9rie), Meriem Bouderbala, (Tunisie), Saddie Chouai (Maroc-Belgique) dans une exposition collective. Repr\u00e9sentant diff\u00e9rentes \u00e9coles artistiques, ces quatre femmes artistes du monde arabe investissent divers champs de la photographie et cr\u00e9ent des r\u00e9cits visuels captivants o\u00f9 se m\u00ealent \u00e9nergie corporelle et voyage \u00e9motionnel. Le public tang\u00e9rois et les visiteurs de la ville seront \u00e9galement invit\u00e9s \u00e0 d\u00e9couvrir les \u0153uvres de Hassan Hajjaj. Cet artiste multidisciplinaire de renom fusionne avec brio les influences de l\u2019imagerie vernaculaire marocaine et de la culture pop contemporaine.<br \/>Il est pr\u00e9vu \u00e9galement des projections de films, des signatures de livres, des tables rondes, des workshops, des \u00e9v\u00e9nements en plein air, conform\u00e9ment au th\u00e8me principal de ce nouveau rendez-vous.<\/p>\n<p>Auteur: ALM<br \/>\n<a href=\"https:\/\/aujourdhui.ma\/culture\/en-renouant-avec-son-heritage-photographique-photo-tanger-un-festival-pour-rendre-hommage-a-la-ville-du-detroit-et-a-son-histoire\">Cliquez ici pour lire l&rsquo;article depuis sa source.<\/a><\/p>\n","protected":false},"excerpt":{"rendered":"<p>1\u00e8re \u00e9ditionIl est pr\u00e9vu des expositions de photographies dans des diff\u00e9rentes galeries de la ville, des projections de films, des signatures de livres, des tables rondes, des workshops, des \u00e9v\u00e9nements en plein air, et ce conform\u00e9ment au th\u00e8me principal de ce nouveau rendez-vous. La ville du d\u00e9troit accueille, du 17 juin au 30 ao\u00fbt, la [&hellip;]<\/p>\n","protected":false},"author":1759,"featured_media":185228,"comment_status":"closed","ping_status":"closed","sticky":false,"template":"","format":"standard","meta":{"fifu_image_url":"https:\/\/aujourdhui.ma\/wp-content\/uploads\/2026\/04\/Photo-Tanger-un-festival-pour-rendre-hommage-a-la-ville-du-detroit-et-a-son-histoire-large.png","fifu_image_alt":"En renouant avec son h\u00e9ritage photographique : Photo Tanger, un festival pour rendre hommage \u00e0 la ville du d\u00e9troit et \u00e0 son histoire","footnotes":""},"categories":[73,54],"tags":[],"class_list":["post-185227","post","type-post","status-publish","format-standard","has-post-thumbnail","hentry","category-actualite","category-maroc"],"_links":{"self":[{"href":"https:\/\/linitiative.ca\/International\/wp-json\/wp\/v2\/posts\/185227","targetHints":{"allow":["GET"]}}],"collection":[{"href":"https:\/\/linitiative.ca\/International\/wp-json\/wp\/v2\/posts"}],"about":[{"href":"https:\/\/linitiative.ca\/International\/wp-json\/wp\/v2\/types\/post"}],"author":[{"embeddable":true,"href":"https:\/\/linitiative.ca\/International\/wp-json\/wp\/v2\/users\/1759"}],"replies":[{"embeddable":true,"href":"https:\/\/linitiative.ca\/International\/wp-json\/wp\/v2\/comments?post=185227"}],"version-history":[{"count":0,"href":"https:\/\/linitiative.ca\/International\/wp-json\/wp\/v2\/posts\/185227\/revisions"}],"wp:featuredmedia":[{"embeddable":true,"href":"https:\/\/linitiative.ca\/International\/wp-json\/wp\/v2\/media\/185228"}],"wp:attachment":[{"href":"https:\/\/linitiative.ca\/International\/wp-json\/wp\/v2\/media?parent=185227"}],"wp:term":[{"taxonomy":"category","embeddable":true,"href":"https:\/\/linitiative.ca\/International\/wp-json\/wp\/v2\/categories?post=185227"},{"taxonomy":"post_tag","embeddable":true,"href":"https:\/\/linitiative.ca\/International\/wp-json\/wp\/v2\/tags?post=185227"}],"curies":[{"name":"wp","href":"https:\/\/api.w.org\/{rel}","templated":true}]}}