{"id":185229,"date":"2026-04-27T06:43:56","date_gmt":"2026-04-27T10:43:56","guid":{"rendered":"https:\/\/linitiative.ca\/International\/prevue-du-29-avril-au-4-mai-semaine-du-film-chinois-a-rabat\/"},"modified":"2026-04-27T06:43:56","modified_gmt":"2026-04-27T10:43:56","slug":"prevue-du-29-avril-au-4-mai-semaine-du-film-chinois-a-rabat","status":"publish","type":"post","link":"https:\/\/linitiative.ca\/International\/prevue-du-29-avril-au-4-mai-semaine-du-film-chinois-a-rabat\/","title":{"rendered":"Pr\u00e9vue du 29 avril au 4 mai: Semaine du film chinois \u00e0 Rabat"},"content":{"rendered":"<p><strong>Manifestation \u2009<\/strong><br \/>La Semaine du film chinois se d\u00e9roulera du 29 avril au 4 mai au cin\u00e9ma Renaissance, \u00e0 l\u2019initiative du Centre culturel de Chine \u00e0 Rabat. Organis\u00e9e en partenariat avec la Cin\u00e9math\u00e8que chinoise, cette manifestation s\u2019inscrit dans le cadre du programme ex\u00e9cutif de coop\u00e9ration culturelle pour la p\u00e9riode 2024-2028, visant \u00e0 renforcer les \u00e9changes culturels entre la Chine et le Maroc, indique un communiqu\u00e9 du Centre culturel de Chine. L\u2019\u00e9v\u00e8nement est plac\u00e9 sous l\u2019\u00e9gide de l\u2019ambassade de Chine au Maroc et de la China Film Administration avec le soutien du Centre cin\u00e9matographique marocain (CCM) et de la Fondation Hiba. Il fait partie d\u2019une dynamique de promotion des \u00e9changes culturels et de consolidation des liens bilat\u00e9raux \u00e0 travers le langage universel du cin\u00e9ma. V\u00e9ritable vitrine du cin\u00e9ma chinois contemporain, la Semaine du film chinois met \u00e0 l\u2019honneur une s\u00e9lection de cinq longs m\u00e9trages r\u00e9cents, offrant un panorama riche et repr\u00e9sentatif d\u2019une industrie cin\u00e9matographique en pleine \u00e9volution. Entre fresques historiques, com\u00e9dies populaires et r\u00e9cits ancr\u00e9s dans les r\u00e9alit\u00e9s sociales actuelles, la programmation illustre la diversit\u00e9, la cr\u00e9ativit\u00e9 et la modernit\u00e9 du cin\u00e9ma chinois. Ouverte au grand public et accessible gratuitement, cette manifestation s\u2019adresse aux cin\u00e9philes, aux \u00e9tudiants ainsi qu\u2019aux passionn\u00e9s de culture asiatique. Les projections seront propos\u00e9es en version originale sous-titr\u00e9e en anglais ou en fran\u00e7ais, garantissant une exp\u00e9rience immersive et authentique.<\/p>\n<p>Auteur: ALM<br \/>\n<a href=\"https:\/\/aujourdhui.ma\/culture\/prevue-du-29-avril-au-4-mai-semaine-du-film-chinois-a-rabat\">Cliquez ici pour lire l&rsquo;article depuis sa source.<\/a><\/p>\n","protected":false},"excerpt":{"rendered":"<p>Manifestation \u2009La Semaine du film chinois se d\u00e9roulera du 29 avril au 4 mai au cin\u00e9ma Renaissance, \u00e0 l\u2019initiative du Centre culturel de Chine \u00e0 Rabat. Organis\u00e9e en partenariat avec la Cin\u00e9math\u00e8que chinoise, cette manifestation s\u2019inscrit dans le cadre du programme ex\u00e9cutif de coop\u00e9ration culturelle pour la p\u00e9riode 2024-2028, visant \u00e0 renforcer les \u00e9changes culturels [&hellip;]<\/p>\n","protected":false},"author":1759,"featured_media":185230,"comment_status":"closed","ping_status":"closed","sticky":false,"template":"","format":"standard","meta":{"fifu_image_url":"https:\/\/aujourdhui.ma\/wp-content\/uploads\/2026\/04\/Semaine-du-film-chinois-a-Rabat-large.png","fifu_image_alt":"Pr\u00e9vue du 29 avril au 4 mai: Semaine du film chinois \u00e0 Rabat","footnotes":""},"categories":[73,54],"tags":[],"class_list":["post-185229","post","type-post","status-publish","format-standard","has-post-thumbnail","hentry","category-actualite","category-maroc"],"_links":{"self":[{"href":"https:\/\/linitiative.ca\/International\/wp-json\/wp\/v2\/posts\/185229","targetHints":{"allow":["GET"]}}],"collection":[{"href":"https:\/\/linitiative.ca\/International\/wp-json\/wp\/v2\/posts"}],"about":[{"href":"https:\/\/linitiative.ca\/International\/wp-json\/wp\/v2\/types\/post"}],"author":[{"embeddable":true,"href":"https:\/\/linitiative.ca\/International\/wp-json\/wp\/v2\/users\/1759"}],"replies":[{"embeddable":true,"href":"https:\/\/linitiative.ca\/International\/wp-json\/wp\/v2\/comments?post=185229"}],"version-history":[{"count":0,"href":"https:\/\/linitiative.ca\/International\/wp-json\/wp\/v2\/posts\/185229\/revisions"}],"wp:featuredmedia":[{"embeddable":true,"href":"https:\/\/linitiative.ca\/International\/wp-json\/wp\/v2\/media\/185230"}],"wp:attachment":[{"href":"https:\/\/linitiative.ca\/International\/wp-json\/wp\/v2\/media?parent=185229"}],"wp:term":[{"taxonomy":"category","embeddable":true,"href":"https:\/\/linitiative.ca\/International\/wp-json\/wp\/v2\/categories?post=185229"},{"taxonomy":"post_tag","embeddable":true,"href":"https:\/\/linitiative.ca\/International\/wp-json\/wp\/v2\/tags?post=185229"}],"curies":[{"name":"wp","href":"https:\/\/api.w.org\/{rel}","templated":true}]}}