{"id":185231,"date":"2026-04-27T06:55:48","date_gmt":"2026-04-27T10:55:48","guid":{"rendered":"https:\/\/linitiative.ca\/International\/il-propose-un-format-etendu-passant-de-deux-a-cinq-jours-comediablanca-15-000-spectateurs-attendus-lors-de-la-3eme-edition\/"},"modified":"2026-04-27T06:55:48","modified_gmt":"2026-04-27T10:55:48","slug":"il-propose-un-format-etendu-passant-de-deux-a-cinq-jours-comediablanca-15-000-spectateurs-attendus-lors-de-la-3eme-edition","status":"publish","type":"post","link":"https:\/\/linitiative.ca\/International\/il-propose-un-format-etendu-passant-de-deux-a-cinq-jours-comediablanca-15-000-spectateurs-attendus-lors-de-la-3eme-edition\/","title":{"rendered":"Il propose un format \u00e9tendu, passant de deux \u00e0 cinq jours \/ Comediablanca : 15.000 spectateurs attendus lors de la 3\u00e8me \u00e9dition"},"content":{"rendered":"<p><strong>Spectacles\u00a0<\/strong><br \/>Le festival Comediablanca revient pour une troisi\u00e8me \u00e9dition du 2 au 6 juin prochain marquant un tournant majeur dans son d\u00e9veloppement, avec une programmation \u00e9largie sur cinq jours m\u00ealant spectacles, transmission et exp\u00e9riences immersives. <span id=\"more-518575\"\/><\/p>\n<p>\u00abCette troisi\u00e8me \u00e9dition ambitionne de r\u00e9unir plus de 15.000 spectateurs, traduisant la mont\u00e9e en puissance du festival et l\u2019adh\u00e9sion croissante du public \u00e0 ce rendez-vous\u00bb, a indiqu\u00e9 Myriam Bouayad Amine, cofondatrice du festival lors d\u2019un point de presse organis\u00e9 \u00e0 Casablanca. De son c\u00f4t\u00e9, le cofondateur Saad Lahjouji Idrissi a affirm\u00e9 que \u00abcette troisi\u00e8me \u00e9dition marque une mont\u00e9e en puissance assum\u00e9e, avec une ambition claire: renforcer l\u2019\u00e9cosyst\u00e8me de l\u2019humour au Maroc et accompagner son rayonnement \u00e0 l\u2019\u00e9chelle continentale et internationale\u00bb. Et de souligner que le festival accorde \u00e9galement une place centrale \u00e0 la transmission des connaissances, notamment \u00e0 travers l\u2019organisation de master class et d\u2019espaces d\u2019\u00e9change d\u00e9di\u00e9s aux jeunes talents. Pour sa part, le directeur artistique Amir Rouani a relev\u00e9 que \u00abl\u2019objectif est de proposer une exp\u00e9rience immersive compl\u00e8te, o\u00f9 chaque soir\u00e9e s\u2019inscrit dans une narration artistique coh\u00e9rente, allant au-del\u00e0 du simple spectacle pour cr\u00e9er une v\u00e9ritable \u00e9motion collective\u00bb.<\/p>\n<p>Pour rappel, le festival Comediablanca revient pour une troisi\u00e8me \u00e9dition du 2 au 6 juin prochain marquant un tournant majeur dans son d\u00e9veloppement, avec une programmation \u00e9largie sur cinq jours m\u00ealant spectacles, transmission et exp\u00e9riences immersives, consacrant ainsi un impact culturel durable. Port\u00e9 par l\u2019Agence Tendansia, le festival franchit un cap en \u00e9voluant vers un v\u00e9ritable \u00e9cosyst\u00e8me culturel articul\u00e9 autour de la sc\u00e8ne, de la formation et de l\u2019interaction avec le public, ont indiqu\u00e9 les organisateurs.\u00a0 Cette nouvelle \u00e9dition propose un format \u00e9tendu, passant de deux \u00e0 cinq jours, avec deux journ\u00e9es d\u00e9di\u00e9es aux master class gratuites (2 et 3 juin) et trois grandes soir\u00e9es au Complexe Mohammed V (4, 5 et 6 juin), confirmant l\u2019ambition du festival de renforcer son impact culturel et artistique.<\/p>\n<p>Auteur: ALM<br \/>\n<a href=\"https:\/\/aujourdhui.ma\/culture\/il-propose-un-format-etendu-passant-de-deux-a-cinq-jours-comediablanca-15-000-spectateurs-attendus-lors-de-la-3eme-edition\">Cliquez ici pour lire l&rsquo;article depuis sa source.<\/a><\/p>\n","protected":false},"excerpt":{"rendered":"<p>Spectacles\u00a0Le festival Comediablanca revient pour une troisi\u00e8me \u00e9dition du 2 au 6 juin prochain marquant un tournant majeur dans son d\u00e9veloppement, avec une programmation \u00e9largie sur cinq jours m\u00ealant spectacles, transmission et exp\u00e9riences immersives. \u00abCette troisi\u00e8me \u00e9dition ambitionne de r\u00e9unir plus de 15.000 spectateurs, traduisant la mont\u00e9e en puissance du festival et l\u2019adh\u00e9sion croissante du [&hellip;]<\/p>\n","protected":false},"author":1759,"featured_media":185232,"comment_status":"closed","ping_status":"closed","sticky":false,"template":"","format":"standard","meta":{"fifu_image_url":"https:\/\/aujourdhui.ma\/wp-content\/uploads\/2026\/04\/Le-festival-accorde-une-place-centrale-a-la-transmission-des-connaissances-notamment-a-travers-lorganisation-large.png","fifu_image_alt":"Il propose un format \u00e9tendu, passant de deux \u00e0 cinq jours \/ Comediablanca : 15.000 spectateurs attendus lors de la 3\u00e8me \u00e9dition","footnotes":""},"categories":[73,54],"tags":[],"class_list":["post-185231","post","type-post","status-publish","format-standard","has-post-thumbnail","hentry","category-actualite","category-maroc"],"_links":{"self":[{"href":"https:\/\/linitiative.ca\/International\/wp-json\/wp\/v2\/posts\/185231","targetHints":{"allow":["GET"]}}],"collection":[{"href":"https:\/\/linitiative.ca\/International\/wp-json\/wp\/v2\/posts"}],"about":[{"href":"https:\/\/linitiative.ca\/International\/wp-json\/wp\/v2\/types\/post"}],"author":[{"embeddable":true,"href":"https:\/\/linitiative.ca\/International\/wp-json\/wp\/v2\/users\/1759"}],"replies":[{"embeddable":true,"href":"https:\/\/linitiative.ca\/International\/wp-json\/wp\/v2\/comments?post=185231"}],"version-history":[{"count":0,"href":"https:\/\/linitiative.ca\/International\/wp-json\/wp\/v2\/posts\/185231\/revisions"}],"wp:featuredmedia":[{"embeddable":true,"href":"https:\/\/linitiative.ca\/International\/wp-json\/wp\/v2\/media\/185232"}],"wp:attachment":[{"href":"https:\/\/linitiative.ca\/International\/wp-json\/wp\/v2\/media?parent=185231"}],"wp:term":[{"taxonomy":"category","embeddable":true,"href":"https:\/\/linitiative.ca\/International\/wp-json\/wp\/v2\/categories?post=185231"},{"taxonomy":"post_tag","embeddable":true,"href":"https:\/\/linitiative.ca\/International\/wp-json\/wp\/v2\/tags?post=185231"}],"curies":[{"name":"wp","href":"https:\/\/api.w.org\/{rel}","templated":true}]}}