{"id":185233,"date":"2026-04-27T06:57:14","date_gmt":"2026-04-27T10:57:14","guid":{"rendered":"https:\/\/linitiative.ca\/International\/les-dialogues-pluriels-comme-un-antidote-aux-delires-apres-la-priere-de-marrakech\/"},"modified":"2026-04-27T06:57:14","modified_gmt":"2026-04-27T10:57:14","slug":"les-dialogues-pluriels-comme-un-antidote-aux-delires-apres-la-priere-de-marrakech","status":"publish","type":"post","link":"https:\/\/linitiative.ca\/International\/les-dialogues-pluriels-comme-un-antidote-aux-delires-apres-la-priere-de-marrakech\/","title":{"rendered":"Les \u00abDialogues Pluriels\u00bb comme un antidote  aux d\u00e9lires apr\u00e8s la pri\u00e8re de Marrakech\u2026"},"content":{"rendered":"<p><span><strong>Pays de confiance<\/strong><\/span><br \/><strong>Le but de l\u2019organisation des Dialogues Pluriels est de restaurer un espace public de dialogue qui depuis la fin du Caf\u00e9 Politis pour cause de Covid n\u2019avait pas \u00e9t\u00e9 remplac\u00e9.<\/strong><span id=\"more-518581\"\/><\/p>\n<p>Il n\u2019y a pas de hasard et la 1\u00e8re \u00e9dition des \u00abDialogues Pluriels\u00bb organis\u00e9e par les associations Marocains Pluriels et Sqala est arriv\u00e9e \u00e0 point nomm\u00e9 pour remettre \u00e0 sa vraie mesure \u00abl\u2019affaire de la pri\u00e8re de Marrakech\u00bb, affaire qui n\u2019avait aucune raison d\u2019\u00eatre et qui a \u00e9t\u00e9 mont\u00e9e en buzz sur les r\u00e9seaux sociaux.<br \/>Depuis plusieurs semaines le th\u00e8me de cette premi\u00e8re \u00e9dition des Dialogues Pluriels \u2013 agora de rencontre et de discussion, dans la lign\u00e9e de ce qu\u2019ont \u00e9t\u00e9 nos Caf\u00e9s Politis \u2013 avait \u00e9t\u00e9 annonc\u00e9 : \u00abLes voi(es)x du vivre-ensemble au Maroc\u00bb. Si Nabil Baraka, repr\u00e9sentant les Alamiyine, le Cardinal Cristobal Romero Lopez et le Rabbin Sebag \u00e9taient ces 3 grandes voix et ce jeudi 23 avril, le Caf\u00e9 Maure de la Sqala d\u00e9bordait : plus d\u2019une centaine de personnes \u2013 toutes g\u00e9n\u00e9rations et toutes religions confondues \u2013 \u00e9taient venues les \u00e9couter. Le mardi 21 une pri\u00e8re accomplie par une trentaine de p\u00e8lerins Juifs \u00e0 Marrakech avait d\u00e9clench\u00e9 une pol\u00e9mique factice sur les r\u00e9seaux sociaux aliment\u00e9e par quelques esprits en mal de pol\u00e9mique et instrumentalis\u00e9e par des ennemis de notre Pays. Il n\u2019y a pas de hasard, alors que les Dialogues Pluriels \u00e9taient programm\u00e9s depuis bien longtemps, ils ont permis de mettre les choses \u00e0 plat et de r\u00e9tablir la r\u00e9alit\u00e9 des faits. D\u2019entr\u00e9e de jeu afin \u00abd\u2019\u00e9vacuer\u00bb ce non-sujet, j\u2019ai demand\u00e9 au Rabbin Sebag de nous donner la version r\u00e9elle de cet \u00e9pisode h\u00e9las mont\u00e9 en \u00e9pingle\u2026 Je vous la livre : une trentaine d\u2019Am\u00e9ricains de confession juive \u00e9taient venus c\u00e9l\u00e9brer les f\u00eates de Pessah dans notre pays, appr\u00e9ciant le Maroc ils ont d\u00e9cid\u00e9 de prolonger leurs vacances. Le mardi apr\u00e8s une visite de Casablanca ils ont repris leur car afin de rentrer \u00e0 leur h\u00f4tel, pris par le temps, ils se sont retrouv\u00e9s \u00e0 l\u2019entr\u00e9e de Marrakech \u00e0 20h30, heure de la pri\u00e8re et tout naturellement \u2013 alors qu\u2019il n\u2019y avait pas de synagogue \u00e0 proximit\u00e9, et sans aucune autre volont\u00e9 que celle de prier, ils se sont regroup\u00e9s devant le mur de Bab Doukkala.<br \/>Point final !<br \/>Ils \u00e9taient loin de se douter de ce que ce geste o combien paisible allait d\u00e9clencher, toute personne sens\u00e9e et de bonne foi ne peut d\u2019ailleurs que s\u2019offusquer de ce d\u00e9clenchement de violence verbale qui en a d\u00e9coul\u00e9. J\u2019avoue que ce qui m\u2019a beaucoup touch\u00e9 et abasourdi a \u00e9t\u00e9 de voir ce jeune Marrakchi venir \u00abd\u00e9sinfecter\u00bb le mur \u00e0 l\u2019eau de javel !!! Quel geste abominable, qu\u2019a-t-on pu mettre dans la t\u00eate de ce ce jeune gar\u00e7on pour qu\u2019il croie accomplir un acte l\u00e9gitime, voire un acte de bravoure. Je ne veux pas clouer ce jeune au pilori, je lui propose de venir rejoindre les jeunes de Marocains Pluriels, en toute confiance\u2026 et tr\u00e8s vite il verra les choses sous un jour de fraternit\u00e9 et non de haine.<br \/>Puisse-t-il entendre ma proposition\u2026<br \/>Cette 1\u00e8re \u00e9dition des Dialogues Pluriels dont ce n\u2019\u00e9tait pas l\u2019objectif au d\u00e9part a donc \u00e9t\u00e9 salutaire et est arriv\u00e9e \u00e0 point nomm\u00e9. Le Rabbin Sebag a dit avec force que le Maroc pouvait \u00eatre fier d\u2019\u00eatre \u00e0 ce point un pays de confiance o\u00f9 des juifs se sentent en terre b\u00e9nie, le Cardinal Lopez a expliqu\u00e9 que nous devions collectivement \u00eatre heureux lorsque nous voyons des fid\u00e8les prier \u2013 quelle que soit leur religion- et Si Nabil Baraka a quant a lui expliqu\u00e9 que nous assistons \u00e0 une amplification artificielle d\u2019un acte normal dans le contexte marocain. Prier, quel que soit le culte, n\u2019a jamais constitu\u00e9 une provocation dans notre soci\u00e9t\u00e9, signalant que le Commandeur des croyants est le garant de la libert\u00e9 de culte et de la coexistence apais\u00e9e entre les religions. Le but de l\u2019organisation des Dialogues Pluriels est de restaurer un espace public de dialogue qui depuis la fin du Caf\u00e9 Politis pour cause de Covid n\u2019avait pas \u00e9t\u00e9 remplac\u00e9.<br \/>Reprendre la parole, redonner de la vie aux rencontres dans la vraie vie avec leur spontan\u00e9it\u00e9, leur convivialit\u00e9 sans pour autant d\u00e9laisser les r\u00e9seaux sociaux puisqu\u2019Ils deviennent des partenaires. En effet chaque rencontre sera diffus\u00e9e en live sur Instagram et une vid\u00e9o de chaque \u00e9dition sera film\u00e9e puis mont\u00e9e en capsules afin d\u2019\u00eatre publi\u00e9e sur les pages de Dialogues Pluriels Facebook, Instagram et TikTok, afin de prolonger la discussion.<br \/>Le succ\u00e8s de cette 1\u00e8re \u00e9dition nous invite tout naturellement \u00e0 nous retrouver \u00e0 la Sqala le jeudi 21 mai pour un nouveau Dialogue Pluriel\u2026 Soyez au rendez-vous\u2026<\/p>\n<p>Auteur: Ahmed GHAYET<br \/>\n<a href=\"https:\/\/aujourdhui.ma\/chroniques\/les-dialogues-pluriels-comme-un-antidote-aux-delires-apres-la-priere-de-marrakech\">Cliquez ici pour lire l&rsquo;article depuis sa source.<\/a><\/p>\n","protected":false},"excerpt":{"rendered":"<p>Pays de confianceLe but de l\u2019organisation des Dialogues Pluriels est de restaurer un espace public de dialogue qui depuis la fin du Caf\u00e9 Politis pour cause de Covid n\u2019avait pas \u00e9t\u00e9 remplac\u00e9. Il n\u2019y a pas de hasard et la 1\u00e8re \u00e9dition des \u00abDialogues Pluriels\u00bb organis\u00e9e par les associations Marocains Pluriels et Sqala est arriv\u00e9e [&hellip;]<\/p>\n","protected":false},"author":1759,"featured_media":185234,"comment_status":"closed","ping_status":"closed","sticky":false,"template":"","format":"standard","meta":{"fifu_image_url":"https:\/\/aujourdhui.ma\/wp-content\/uploads\/2023\/04\/Ahmed-GHAYET-1.jpg","fifu_image_alt":"Les \u00abDialogues Pluriels\u00bb comme un antidote  aux d\u00e9lires apr\u00e8s la pri\u00e8re de Marrakech\u2026","footnotes":""},"categories":[73,54],"tags":[],"class_list":["post-185233","post","type-post","status-publish","format-standard","has-post-thumbnail","hentry","category-actualite","category-maroc"],"_links":{"self":[{"href":"https:\/\/linitiative.ca\/International\/wp-json\/wp\/v2\/posts\/185233","targetHints":{"allow":["GET"]}}],"collection":[{"href":"https:\/\/linitiative.ca\/International\/wp-json\/wp\/v2\/posts"}],"about":[{"href":"https:\/\/linitiative.ca\/International\/wp-json\/wp\/v2\/types\/post"}],"author":[{"embeddable":true,"href":"https:\/\/linitiative.ca\/International\/wp-json\/wp\/v2\/users\/1759"}],"replies":[{"embeddable":true,"href":"https:\/\/linitiative.ca\/International\/wp-json\/wp\/v2\/comments?post=185233"}],"version-history":[{"count":0,"href":"https:\/\/linitiative.ca\/International\/wp-json\/wp\/v2\/posts\/185233\/revisions"}],"wp:featuredmedia":[{"embeddable":true,"href":"https:\/\/linitiative.ca\/International\/wp-json\/wp\/v2\/media\/185234"}],"wp:attachment":[{"href":"https:\/\/linitiative.ca\/International\/wp-json\/wp\/v2\/media?parent=185233"}],"wp:term":[{"taxonomy":"category","embeddable":true,"href":"https:\/\/linitiative.ca\/International\/wp-json\/wp\/v2\/categories?post=185233"},{"taxonomy":"post_tag","embeddable":true,"href":"https:\/\/linitiative.ca\/International\/wp-json\/wp\/v2\/tags?post=185233"}],"curies":[{"name":"wp","href":"https:\/\/api.w.org\/{rel}","templated":true}]}}