{"id":185255,"date":"2026-04-27T16:21:08","date_gmt":"2026-04-27T20:21:08","guid":{"rendered":"https:\/\/linitiative.ca\/International\/ukraine-israel-tensions-diplomatiques-autour-dun-navire-de-cereales-ukrainiennes-volees\/"},"modified":"2026-04-27T16:21:08","modified_gmt":"2026-04-27T20:21:08","slug":"ukraine-israel-tensions-diplomatiques-autour-dun-navire-de-cereales-ukrainiennes-volees","status":"publish","type":"post","link":"https:\/\/linitiative.ca\/International\/ukraine-israel-tensions-diplomatiques-autour-dun-navire-de-cereales-ukrainiennes-volees\/","title":{"rendered":"Ukraine \u2013 Isra\u00ebl : tensions diplomatiques autour d\u2019un navire de c\u00e9r\u00e9ales ukrainiennes vol\u00e9es"},"content":{"rendered":"<div class=\"post-cont-out\">\n<div class=\"post-cont-in no-margin\">\n<div id=\"content-main\" class=\"left relative\">\n<div class=\"liveblog-section\">\n<div id=\"elb-liveblog\" class=\"elb-liveblog elb-theme-light\" data-append-timestamp=\"1\" data-status=\"open\" data-highlighted-entry=\"\" data-show-entries=\"25\" data-endpoint=\"https:\/\/www.tunisienumerique.com\/wp-json\/easy-liveblogs\/v1\/liveblog\/1109438\">\n<div class=\"elb-liveblog-closed-message\">Le blog en direct est termin\u00e9.<\/div>\n<p><button id=\"elb-show-new-posts\" class=\"elb-button button\"\/><\/p>\n<div class=\"elb-no-liveblog-entries-message\">Aucune mise \u00e0 jour du blog en direct pour le moment.<\/div>\n<p><button id=\"elb-load-more\" class=\"elb-button button\">Charger plus<\/button><\/div>\n<\/div>\n<div class=\"simplesocialbuttons simplesocial-round-btm-border simplesocialbuttons_inline simplesocialbuttons-align-left post-1109438 post simplesocialbuttons-inline-no-animation\"><button class=\"simplesocial-fb-share\" rel=\"nofollow\" target=\"_blank\" aria-label=\"Facebook Share\" data-href=\"https:\/\/www.facebook.com\/sharer\/sharer.php?u=https:\/\/www.tunisienumerique.com\/ukraine-israel-tensions-diplomatiques-autour-dun-navire-de-cereales-ukrainiennes-volees\/\" onclick=\"javascript:window.open(this.dataset.href, '', 'menubar=no,toolbar=no,resizable=yes,scrollbars=yes,height=600,width=600');return false;\"><span class=\"simplesocialtxt\">Facebook<\/span><\/button> <button class=\"simplesocial-twt-share\" rel=\"nofollow\" target=\"_blank\" aria-label=\"Twitter Share\" data-href=\"https:\/\/twitter.com\/intent\/tweet?text=Ukraine+%E2%80%93+Isra%C3%ABl+%3A+tensions+diplomatiques+autour+d%E2%80%99un+navire+de+c%C3%A9r%C3%A9ales+ukrainiennes+vol%C3%A9es&amp;url=https:\/\/www.tunisienumerique.com\/ukraine-israel-tensions-diplomatiques-autour-dun-navire-de-cereales-ukrainiennes-volees\/\" onclick=\"javascript:window.open(this.dataset.href, '', 'menubar=no,toolbar=no,resizable=yes,scrollbars=yes,height=600,width=600');return false;\"><span class=\"simplesocialtxt\">Twitter<\/span><\/button> <button rel=\"nofollow\" target=\"_blank\" class=\"simplesocial-linkedin-share\" aria-label=\"LinkedIn Share\" data-href=\"https:\/\/www.linkedin.com\/sharing\/share-offsite\/?url=https:\/\/www.tunisienumerique.com\/ukraine-israel-tensions-diplomatiques-autour-dun-navire-de-cereales-ukrainiennes-volees\/\" onclick=\"javascript:window.open(this.dataset.href, '', 'menubar=no,toolbar=no,resizable=yes,scrollbars=yes,height=600,width=600');return false;\"><span class=\"simplesocialtxt\">LinkedIn<\/span><\/button> <button onclick=\"javascript:window.open(this.dataset.href, '_blank' );return false;\" class=\"simplesocial-whatsapp-share\" rel=\"nofollow\" target=\"_blank\" aria-label=\"WhatsApp Share\" data-href=\"https:\/\/api.whatsapp.com\/send?text=https:\/\/www.tunisienumerique.com\/ukraine-israel-tensions-diplomatiques-autour-dun-navire-de-cereales-ukrainiennes-volees\/\"><span class=\"simplesocialtxt\">WhatsApp<\/span><\/button><\/p>\n<\/div>\n<p><button class=\"simplefavorite-button\" data-postid=\"1109438\" data-siteid=\"1\" data-groupid=\"1\" data-favoritecount=\"0\"> Lire plus tard<\/button><\/p>\n<p data-start=\"120\" data-end=\"539\">L\u2019Ukraine a convoqu\u00e9 l\u2019ambassadeur d\u2019Isra\u00ebl \u00e0 Kyiv apr\u00e8s l\u2019arriv\u00e9e, dans la baie de Ha\u00effa, d\u2019un navire transportant des c\u00e9r\u00e9ales que les autorit\u00e9s ukrainiennes affirment avoir \u00e9t\u00e9 vol\u00e9es par la Russie dans les territoires occup\u00e9s. L\u2019affaire, sensible sur le plan diplomatique, intervient dans un contexte d\u00e9j\u00e0 tendu entre Kyiv et Tel-Aviv autour du commerce de produits agricoles provenant de zones sous contr\u00f4le russe.<\/p>\n<p data-start=\"541\" data-end=\"1022\">Le ministre ukrainien des Affaires \u00e9trang\u00e8res, Andrii Sybiha, a d\u00e9clar\u00e9 que son pays avait officiellement convoqu\u00e9 l\u2019ambassadeur isra\u00e9lien afin de lui remettre une note de protestation et de demander des mesures appropri\u00e9es. Selon Kyiv, le navire en question transporte des c\u00e9r\u00e9ales issues de territoires ukrainiens occup\u00e9s par la Russie. L\u2019Ukraine avertit qu\u2019accepter ce type de cargaison pourrait nuire aux relations bilat\u00e9rales avec Isra\u00ebl.<\/p>\n<p data-start=\"1024\" data-end=\"1446\">Selon plusieurs m\u00e9dias, le navire concern\u00e9 serait le <strong data-start=\"1077\" data-end=\"1091\">Panormitis<\/strong>, un vraquier battant pavillon panam\u00e9en, arriv\u00e9 pr\u00e8s des c\u00f4tes isra\u00e9liennes ces derniers jours. Kyiv affirme qu\u2019il ne s\u2019agit pas d\u2019un cas isol\u00e9. Un pr\u00e9c\u00e9dent navire, l\u2019<strong data-start=\"1259\" data-end=\"1269\">Abinsk<\/strong>, avait d\u00e9j\u00e0 accost\u00e9 \u00e0 Ha\u00effa en avril avec pr\u00e8s de <strong data-start=\"1320\" data-end=\"1337\">44 000 tonnes<\/strong> de bl\u00e9 que l\u2019Ukraine consid\u00e8re comme provenant de territoires occup\u00e9s.<\/p>\n<p data-start=\"1448\" data-end=\"1930\">L\u2019Ukraine accuse r\u00e9guli\u00e8rement la Russie d\u2019exporter des c\u00e9r\u00e9ales issues de zones ukrainiennes sous occupation en les pr\u00e9sentant comme des produits russes. Reuters rappelle que Kyiv estime que plus de <strong data-start=\"1648\" data-end=\"1672\">2 millions de tonnes<\/strong> de c\u00e9r\u00e9ales pr\u00e9sum\u00e9es vol\u00e9es ont transit\u00e9 par la mer Noire l\u2019an dernier, tandis que les autorit\u00e9s ukrainiennes \u00e9valuent \u00e0 environ <strong data-start=\"1803\" data-end=\"1828\">15 millions de tonnes<\/strong> le volume total de grains vol\u00e9s depuis l\u2019escalade de la guerre.<\/p>\n<p data-start=\"1932\" data-end=\"2393\">Isra\u00ebl, de son c\u00f4t\u00e9, adopte une position prudente. Le ministre isra\u00e9lien des Affaires \u00e9trang\u00e8res, Gideon Sa\u2019ar, a qualifi\u00e9 les accusations ukrainiennes d\u2019\u201call\u00e9gations\u201d, indiquant que les preuves n\u00e9cessaires n\u2019avaient pas encore \u00e9t\u00e9 fournies et que le dossier serait examin\u00e9. Il a \u00e9galement appel\u00e9 Kyiv \u00e0 \u00e9viter de traiter ce type de diff\u00e9rend par les r\u00e9seaux sociaux ou les m\u00e9dias, en privil\u00e9giant les canaux diplomatiques.<\/p>\n<p data-start=\"2395\" data-end=\"2846\">Cette affaire intervient alors que les relations entre l\u2019Ukraine et Isra\u00ebl restent marqu\u00e9es par plusieurs sujets sensibles, notamment la position isra\u00e9lienne face \u00e0 la guerre en Ukraine, les \u00e9quilibres diplomatiques avec Moscou et les enjeux s\u00e9curitaires au Moyen-Orient. Pour Kyiv, le commerce de c\u00e9r\u00e9ales issues de ses territoires occup\u00e9s ne rel\u00e8ve pas seulement d\u2019un diff\u00e9rend commercial, mais d\u2019un prolongement \u00e9conomique de l\u2019effort de guerre russe.<\/p>\n<p data-start=\"2848\" data-end=\"3252\">Le dossier pourrait d\u00e9sormais prendre une dimension plus large si les autorit\u00e9s ukrainiennes d\u00e9cident d\u2019engager des d\u00e9marches diplomatiques ou juridiques suppl\u00e9mentaires.<\/p>\n<p data-start=\"2848\" data-end=\"3252\">Pour l\u2019heure, la principale ligne de fracture reste claire : l\u2019Ukraine demande \u00e0 Isra\u00ebl de ne pas accepter de cargaisons qu\u2019elle consid\u00e8re comme ill\u00e9gales, tandis qu\u2019Isra\u00ebl r\u00e9clame des \u00e9l\u00e9ments de preuve formels avant toute d\u00e9cision.<\/p>\n<div class=\"simplesocialbuttons simplesocial-round-btm-border simplesocialbuttons_inline simplesocialbuttons-align-left post-1109438 post simplesocialbuttons-inline-no-animation\"><button class=\"simplesocial-fb-share\" rel=\"nofollow\" target=\"_blank\" aria-label=\"Facebook Share\" data-href=\"https:\/\/www.facebook.com\/sharer\/sharer.php?u=https:\/\/www.tunisienumerique.com\/ukraine-israel-tensions-diplomatiques-autour-dun-navire-de-cereales-ukrainiennes-volees\/\" onclick=\"javascript:window.open(this.dataset.href, '', 'menubar=no,toolbar=no,resizable=yes,scrollbars=yes,height=600,width=600');return false;\"><span class=\"simplesocialtxt\">Facebook<\/span><\/button> <button class=\"simplesocial-twt-share\" rel=\"nofollow\" target=\"_blank\" aria-label=\"Twitter Share\" data-href=\"https:\/\/twitter.com\/intent\/tweet?text=Ukraine+%E2%80%93+Isra%C3%ABl+%3A+tensions+diplomatiques+autour+d%E2%80%99un+navire+de+c%C3%A9r%C3%A9ales+ukrainiennes+vol%C3%A9es&amp;url=https:\/\/www.tunisienumerique.com\/ukraine-israel-tensions-diplomatiques-autour-dun-navire-de-cereales-ukrainiennes-volees\/\" onclick=\"javascript:window.open(this.dataset.href, '', 'menubar=no,toolbar=no,resizable=yes,scrollbars=yes,height=600,width=600');return false;\"><span class=\"simplesocialtxt\">Twitter<\/span><\/button> <button rel=\"nofollow\" target=\"_blank\" class=\"simplesocial-linkedin-share\" aria-label=\"LinkedIn Share\" data-href=\"https:\/\/www.linkedin.com\/sharing\/share-offsite\/?url=https:\/\/www.tunisienumerique.com\/ukraine-israel-tensions-diplomatiques-autour-dun-navire-de-cereales-ukrainiennes-volees\/\" onclick=\"javascript:window.open(this.dataset.href, '', 'menubar=no,toolbar=no,resizable=yes,scrollbars=yes,height=600,width=600');return false;\"><span class=\"simplesocialtxt\">LinkedIn<\/span><\/button> <button onclick=\"javascript:window.open(this.dataset.href, '_blank' );return false;\" class=\"simplesocial-whatsapp-share\" rel=\"nofollow\" target=\"_blank\" aria-label=\"WhatsApp Share\" data-href=\"https:\/\/api.whatsapp.com\/send?text=https:\/\/www.tunisienumerique.com\/ukraine-israel-tensions-diplomatiques-autour-dun-navire-de-cereales-ukrainiennes-volees\/\"><span class=\"simplesocialtxt\">WhatsApp<\/span><\/button><\/p>\n<\/div>\n<p><strong>Que se passe-t-il en Tunisie?<\/strong><br \/>Nous expliquons sur notre <a href=\"https:\/\/www.youtube.com\/channel\/UCRzypVq0B_yBad5eGrwBx0Q?sub_confirmation=1\" target=\"_blank\">cha\u00eene YouTube<\/a> . <a href=\"https:\/\/www.youtube.com\/channel\/UCRzypVq0B_yBad5eGrwBx0Q?sub_confirmation=1\" target=\"_blank\">Abonnez-vous!<\/a><\/p>\n<div class=\"mvp-org-wrap\" itemprop=\"publisher\" itemscope=\"itemscope\" itemtype=\"https:\/\/schema.org\/Organization\">\n<div class=\"mvp-org-logo\" itemprop=\"logo\" itemscope=\"itemscope\" itemtype=\"https:\/\/schema.org\/ImageObject\">\n<p><img loading=\"lazy\" decoding=\"async\" width=\"290\" height=\"78\" src=\"https:\/\/www.tunisienumerique.com\/wp-content\/uploads\/2024\/03\/Logo-Tn1-1-3.png\"\/><\/p>\n<p><meta itemprop=\"url\" content=\"https:\/\/www.tunisienumerique.com\/wp-content\/uploads\/2024\/03\/Logo-Tn1-1-3.png\"\/><\/div>\n<p><meta itemprop=\"name\" content=\"Tunisie numerique\"\/><\/div>\n<div class=\"post-tags\"><span class=\"post-tags-header\">SUJETS CONNEXES:<\/span><span itemprop=\"keywords\"><a href=\"https:\/\/www.tunisienumerique.com\/tunisie-actualite\/abinsk\/\" rel=\"tag\">Abinsk<\/a>, <a href=\"https:\/\/www.tunisienumerique.com\/tunisie-actualite\/andrii-sybiha\/\" rel=\"tag\">Andrii Sybiha<\/a>, <a href=\"https:\/\/www.tunisienumerique.com\/tunisie-actualite\/cereales-volees\/\" rel=\"tag\">c\u00e9r\u00e9ales vol\u00e9es<\/a>, <a href=\"https:\/\/www.tunisienumerique.com\/tunisie-actualite\/commerce-maritime\/\" rel=\"tag\">Commerce maritime<\/a>, <a href=\"https:\/\/www.tunisienumerique.com\/tunisie-actualite\/gideon-saar\/\" rel=\"tag\">Gideon Saar<\/a>, <a href=\"https:\/\/www.tunisienumerique.com\/tunisie-actualite\/guerre-en-ukraine\/\" rel=\"tag\">Guerre en Ukraine<\/a>, <a href=\"https:\/\/www.tunisienumerique.com\/tunisie-actualite\/haifa\/\" rel=\"tag\">Ha\u00effa<\/a>, <a href=\"https:\/\/www.tunisienumerique.com\/tunisie-actualite\/israel\/\" rel=\"tag\">Isra\u00ebl<\/a>, <a href=\"https:\/\/www.tunisienumerique.com\/tunisie-actualite\/panormitis\/\" rel=\"tag\">Panormitis<\/a>, <a href=\"https:\/\/www.tunisienumerique.com\/tunisie-actualite\/russie\/\" rel=\"tag\">russie<\/a>, <a href=\"https:\/\/www.tunisienumerique.com\/tunisie-actualite\/territoires-occupes\/\" rel=\"tag\">territoires occup\u00e9s<\/a>, <a href=\"https:\/\/www.tunisienumerique.com\/tunisie-actualite\/ukraine\/\" rel=\"tag\">Ukraine<\/a><\/span><\/div>\n<div class=\"mvp-related-posts left relative\">\n<h4 class=\"post-header\"><span class=\"post-header\">LIRE AUSSI<\/span><\/h4>\n<\/div>\n<div id=\"article-ad\">\n  <ins class=\"adsbygoogle\" data-ad-client=\"ca-pub-2102118777505746\" data-ad-slot=\"6168283410\" data-ad-format=\"auto\" data-full-width-responsive=\"true\"\/>\n<\/div>\n<\/div>\n<\/div>\n<\/div>\n<p>Auteur: balkis T<br \/>\n<a href=\"https:\/\/www.tunisienumerique.com\/ukraine-israel-tensions-diplomatiques-autour-dun-navire-de-cereales-ukrainiennes-volees\/\">Cliquez ici pour lire l&rsquo;article depuis sa source.<\/a><\/p>\n","protected":false},"excerpt":{"rendered":"<p>Le blog en direct est termin\u00e9. Aucune mise \u00e0 jour du blog en direct pour le moment. Charger plus Facebook Twitter LinkedIn WhatsApp Lire plus tard L\u2019Ukraine a convoqu\u00e9 l\u2019ambassadeur d\u2019Isra\u00ebl \u00e0 Kyiv apr\u00e8s l\u2019arriv\u00e9e, dans la baie de Ha\u00effa, d\u2019un navire transportant des c\u00e9r\u00e9ales que les autorit\u00e9s ukrainiennes affirment avoir \u00e9t\u00e9 vol\u00e9es par la [&hellip;]<\/p>\n","protected":false},"author":1789,"featured_media":185256,"comment_status":"closed","ping_status":"closed","sticky":false,"template":"","format":"standard","meta":{"fifu_image_url":"https:\/\/www.tunisienumerique.com\/wp-content\/uploads\/2026\/04\/ukraine-israel-compressed.jpg","fifu_image_alt":"Ukraine \u2013 Isra\u00ebl : tensions diplomatiques autour d\u2019un navire de c\u00e9r\u00e9ales ukrainiennes vol\u00e9es","footnotes":""},"categories":[73,55],"tags":[],"class_list":["post-185255","post","type-post","status-publish","format-standard","has-post-thumbnail","hentry","category-actualite","category-tunisie"],"_links":{"self":[{"href":"https:\/\/linitiative.ca\/International\/wp-json\/wp\/v2\/posts\/185255","targetHints":{"allow":["GET"]}}],"collection":[{"href":"https:\/\/linitiative.ca\/International\/wp-json\/wp\/v2\/posts"}],"about":[{"href":"https:\/\/linitiative.ca\/International\/wp-json\/wp\/v2\/types\/post"}],"author":[{"embeddable":true,"href":"https:\/\/linitiative.ca\/International\/wp-json\/wp\/v2\/users\/1789"}],"replies":[{"embeddable":true,"href":"https:\/\/linitiative.ca\/International\/wp-json\/wp\/v2\/comments?post=185255"}],"version-history":[{"count":0,"href":"https:\/\/linitiative.ca\/International\/wp-json\/wp\/v2\/posts\/185255\/revisions"}],"wp:featuredmedia":[{"embeddable":true,"href":"https:\/\/linitiative.ca\/International\/wp-json\/wp\/v2\/media\/185256"}],"wp:attachment":[{"href":"https:\/\/linitiative.ca\/International\/wp-json\/wp\/v2\/media?parent=185255"}],"wp:term":[{"taxonomy":"category","embeddable":true,"href":"https:\/\/linitiative.ca\/International\/wp-json\/wp\/v2\/categories?post=185255"},{"taxonomy":"post_tag","embeddable":true,"href":"https:\/\/linitiative.ca\/International\/wp-json\/wp\/v2\/tags?post=185255"}],"curies":[{"name":"wp","href":"https:\/\/api.w.org\/{rel}","templated":true}]}}