{"id":185261,"date":"2026-04-27T17:15:00","date_gmt":"2026-04-27T21:15:00","guid":{"rendered":"https:\/\/linitiative.ca\/International\/beja-reunion-de-travail-pour-faire-le-point-sur-les-preparatifs-de-la-moisson-2026-et-garantir-les-meilleures-conditions-de-reussite\/"},"modified":"2026-04-27T17:15:00","modified_gmt":"2026-04-27T21:15:00","slug":"beja-reunion-de-travail-pour-faire-le-point-sur-les-preparatifs-de-la-moisson-2026-et-garantir-les-meilleures-conditions-de-reussite","status":"publish","type":"post","link":"https:\/\/linitiative.ca\/International\/beja-reunion-de-travail-pour-faire-le-point-sur-les-preparatifs-de-la-moisson-2026-et-garantir-les-meilleures-conditions-de-reussite\/","title":{"rendered":"B\u00e9ja : R\u00e9union de travail pour faire le point sur les pr\u00e9paratifs de la moisson 2026 et garantir les meilleures conditions de r\u00e9ussite"},"content":{"rendered":"<div class=\"post-cont-out\">\n<div class=\"post-cont-in no-margin\">\n<div id=\"content-main\" class=\"left relative\">\n<div class=\"liveblog-section\">\n<div id=\"elb-liveblog\" class=\"elb-liveblog elb-theme-light\" data-append-timestamp=\"1\" data-status=\"open\" data-highlighted-entry=\"\" data-show-entries=\"25\" data-endpoint=\"https:\/\/www.tunisienumerique.com\/wp-json\/easy-liveblogs\/v1\/liveblog\/1109441\">\n<div class=\"elb-liveblog-closed-message\">Le blog en direct est termin\u00e9.<\/div>\n<p><button id=\"elb-show-new-posts\" class=\"elb-button button\"\/><\/p>\n<div class=\"elb-no-liveblog-entries-message\">Aucune mise \u00e0 jour du blog en direct pour le moment.<\/div>\n<p><button id=\"elb-load-more\" class=\"elb-button button\">Charger plus<\/button><\/div>\n<\/div>\n<div class=\"simplesocialbuttons simplesocial-round-btm-border simplesocialbuttons_inline simplesocialbuttons-align-left post-1109441 post simplesocialbuttons-inline-no-animation\"><button class=\"simplesocial-fb-share\" rel=\"nofollow\" target=\"_blank\" aria-label=\"Facebook Share\" data-href=\"https:\/\/www.facebook.com\/sharer\/sharer.php?u=https:\/\/www.tunisienumerique.com\/beja-reunion-de-travail-pour-faire-le-point-sur-les-preparatifs-de-la-moisson-2026-et-garantir-les-meilleures-conditions-de-reussite\/\" onclick=\"javascript:window.open(this.dataset.href, '', 'menubar=no,toolbar=no,resizable=yes,scrollbars=yes,height=600,width=600');return false;\"><span class=\"simplesocialtxt\">Facebook<\/span><\/button> <button class=\"simplesocial-twt-share\" rel=\"nofollow\" target=\"_blank\" aria-label=\"Twitter Share\" data-href=\"https:\/\/twitter.com\/intent\/tweet?text=B%C3%A9ja+%3A+R%C3%A9union+de+travail+pour+faire+le+point+sur+les+pr%C3%A9paratifs+de+la+moisson+2026+et+garantir+les+meilleures+conditions+de+r%C3%A9ussite&amp;url=https:\/\/www.tunisienumerique.com\/beja-reunion-de-travail-pour-faire-le-point-sur-les-preparatifs-de-la-moisson-2026-et-garantir-les-meilleures-conditions-de-reussite\/\" onclick=\"javascript:window.open(this.dataset.href, '', 'menubar=no,toolbar=no,resizable=yes,scrollbars=yes,height=600,width=600');return false;\"><span class=\"simplesocialtxt\">Twitter<\/span><\/button> <button rel=\"nofollow\" target=\"_blank\" class=\"simplesocial-linkedin-share\" aria-label=\"LinkedIn Share\" data-href=\"https:\/\/www.linkedin.com\/sharing\/share-offsite\/?url=https:\/\/www.tunisienumerique.com\/beja-reunion-de-travail-pour-faire-le-point-sur-les-preparatifs-de-la-moisson-2026-et-garantir-les-meilleures-conditions-de-reussite\/\" onclick=\"javascript:window.open(this.dataset.href, '', 'menubar=no,toolbar=no,resizable=yes,scrollbars=yes,height=600,width=600');return false;\"><span class=\"simplesocialtxt\">LinkedIn<\/span><\/button> <button onclick=\"javascript:window.open(this.dataset.href, '_blank' );return false;\" class=\"simplesocial-whatsapp-share\" rel=\"nofollow\" target=\"_blank\" aria-label=\"WhatsApp Share\" data-href=\"https:\/\/api.whatsapp.com\/send?text=https:\/\/www.tunisienumerique.com\/beja-reunion-de-travail-pour-faire-le-point-sur-les-preparatifs-de-la-moisson-2026-et-garantir-les-meilleures-conditions-de-reussite\/\"><span class=\"simplesocialtxt\">WhatsApp<\/span><\/button><\/p>\n<\/div>\n<p><button class=\"simplefavorite-button\" data-postid=\"1109441\" data-siteid=\"1\" data-groupid=\"1\" data-favoritecount=\"0\"> Lire plus tard<\/button><\/p>\n<p>Dans le cadre de la pr\u00e9paration anticip\u00e9e de la campagne de r\u00e9colte 2026 et afin de garantir des conditions optimales pour son bon d\u00e9roulement, une r\u00e9union de travail s\u2019est tenue ce lundi 27 avril 2026 au si\u00e8ge du gouvernorat de B\u00e9ja, sous la pr\u00e9sidence du gouverneur de la r\u00e9gion, Ahmed Ben Kharrat, en pr\u00e9sence du secr\u00e9taire g\u00e9n\u00e9ral du gouvernorat, des d\u00e9l\u00e9gu\u00e9s, des secr\u00e9taires g\u00e9n\u00e9raux des municipalit\u00e9s, du repr\u00e9sentant de l\u2019Office des c\u00e9r\u00e9ales \u00e0 B\u00e9ja, ainsi que des repr\u00e9sentants des services s\u00e9curitaires et administratifs, du pr\u00e9sident de l\u2019Union r\u00e9gionale de l\u2019agriculture et de la p\u00eache, et de plusieurs responsables des centres de collecte des c\u00e9r\u00e9ales.<\/p>\n<p>La r\u00e9union a d\u00e9but\u00e9 par une pr\u00e9sentation des services de la d\u00e9l\u00e9gation r\u00e9gionale du d\u00e9veloppement agricole, consacr\u00e9e \u00e0 l\u2019\u00e9tat d\u2019avancement de la campagne des grandes cultures.<\/p>\n<p>Les superficies emblav\u00e9es cette saison ont atteint environ 155 000 hectares, un indicateur qui refl\u00e8te l\u2019importance du secteur agricole dans la r\u00e9gion et son r\u00f4le dans le soutien de la production nationale de c\u00e9r\u00e9ales.<\/p>\n<p>Les participants ont \u00e9galement examin\u00e9 une s\u00e9rie de mesures pr\u00e9ventives visant \u00e0 prot\u00e9ger les r\u00e9coltes contre les risques d\u2019incendie, notamment l\u2019am\u00e9nagement et le nettoyage des pistes agricoles, ainsi que le suivi et la maintenance des moissonneuses-batteuses, identifi\u00e9es comme l\u2019une des principales causes de d\u00e9parts de feu lors des saisons pr\u00e9c\u00e9dentes.<\/p>\n<p>Dans ce cadre, l\u2019accent a \u00e9t\u00e9 mis sur la n\u00e9cessit\u00e9 de renforcer les campagnes de sensibilisation sur le terrain \u00e0 destination des agriculteurs et des conducteurs de machines de r\u00e9colte, afin de les inciter \u00e0 prendre les pr\u00e9cautions n\u00e9cessaires et \u00e0 garantir une intervention rapide en cas d\u2019incident.<\/p>\n<p>De son c\u00f4t\u00e9, l\u2019inspecteur r\u00e9gional de l\u2019Office des c\u00e9r\u00e9ales a pr\u00e9sent\u00e9 un expos\u00e9 sur les pr\u00e9paratifs de la collecte de la r\u00e9colte de c\u00e9r\u00e9ales 2026, indiquant que le gouvernorat de B\u00e9ja dispose de 47 centres de collecte, dont deux nouveaux centres qui seront prochainement cr\u00e9\u00e9s, pour une capacit\u00e9 totale de stockage estim\u00e9e \u00e0 2,7 millions de quintaux, r\u00e9partie entre les coop\u00e9ratives, les collecteurs priv\u00e9s et les soci\u00e9t\u00e9s semenci\u00e8res.<\/p>\n<p>La r\u00e9union a \u00e9galement permis de passer en revue les principales insuffisances et r\u00e9serves relev\u00e9es par la commission charg\u00e9e d\u2019\u00e9valuer la pr\u00e9paration des centres de collecte et leur conformit\u00e9 aux conditions requises, ainsi que d\u2019\u00e9couter les difficult\u00e9s rencontr\u00e9es par certains exploitants de ces structures.<\/p>\n<p>Dans ce contexte, le gouverneur de la r\u00e9gion a insist\u00e9 sur la n\u00e9cessit\u00e9 d\u2019acc\u00e9l\u00e9rer la finalisation des proc\u00e9dures administratives et de statuer sur les dossiers en suspens, notamment ceux relatifs \u00e0 l\u2019homologation des syst\u00e8mes de pesage des v\u00e9hicules, afin de garantir la pleine op\u00e9rationnalit\u00e9 des centres avant le lancement de la campagne.<\/p>\n<p>En conclusion, le gouverneur de B\u00e9ja a salu\u00e9 les efforts de l\u2019ensemble des intervenants pour assurer le bon d\u00e9marrage de la campagne de r\u00e9colte, appelant \u00e0 poursuivre le travail dans un esprit de coordination et de coop\u00e9ration renforc\u00e9e pour garantir une saison r\u00e9ussie. Il a \u00e9galement soulign\u00e9 l\u2019importance de lancer d\u00e8s \u00e0 pr\u00e9sent les pr\u00e9paratifs de la prochaine campagne des grandes cultures, afin de surmonter les difficult\u00e9s constat\u00e9es et d\u2019am\u00e9liorer la productivit\u00e9 du secteur agricole dans la r\u00e9gion.<\/p>\n<div class=\"simplesocialbuttons simplesocial-round-btm-border simplesocialbuttons_inline simplesocialbuttons-align-left post-1109441 post simplesocialbuttons-inline-no-animation\"><button class=\"simplesocial-fb-share\" rel=\"nofollow\" target=\"_blank\" aria-label=\"Facebook Share\" data-href=\"https:\/\/www.facebook.com\/sharer\/sharer.php?u=https:\/\/www.tunisienumerique.com\/beja-reunion-de-travail-pour-faire-le-point-sur-les-preparatifs-de-la-moisson-2026-et-garantir-les-meilleures-conditions-de-reussite\/\" onclick=\"javascript:window.open(this.dataset.href, '', 'menubar=no,toolbar=no,resizable=yes,scrollbars=yes,height=600,width=600');return false;\"><span class=\"simplesocialtxt\">Facebook<\/span><\/button> <button class=\"simplesocial-twt-share\" rel=\"nofollow\" target=\"_blank\" aria-label=\"Twitter Share\" data-href=\"https:\/\/twitter.com\/intent\/tweet?text=B%C3%A9ja+%3A+R%C3%A9union+de+travail+pour+faire+le+point+sur+les+pr%C3%A9paratifs+de+la+moisson+2026+et+garantir+les+meilleures+conditions+de+r%C3%A9ussite&amp;url=https:\/\/www.tunisienumerique.com\/beja-reunion-de-travail-pour-faire-le-point-sur-les-preparatifs-de-la-moisson-2026-et-garantir-les-meilleures-conditions-de-reussite\/\" onclick=\"javascript:window.open(this.dataset.href, '', 'menubar=no,toolbar=no,resizable=yes,scrollbars=yes,height=600,width=600');return false;\"><span class=\"simplesocialtxt\">Twitter<\/span><\/button> <button rel=\"nofollow\" target=\"_blank\" class=\"simplesocial-linkedin-share\" aria-label=\"LinkedIn Share\" data-href=\"https:\/\/www.linkedin.com\/sharing\/share-offsite\/?url=https:\/\/www.tunisienumerique.com\/beja-reunion-de-travail-pour-faire-le-point-sur-les-preparatifs-de-la-moisson-2026-et-garantir-les-meilleures-conditions-de-reussite\/\" onclick=\"javascript:window.open(this.dataset.href, '', 'menubar=no,toolbar=no,resizable=yes,scrollbars=yes,height=600,width=600');return false;\"><span class=\"simplesocialtxt\">LinkedIn<\/span><\/button> <button onclick=\"javascript:window.open(this.dataset.href, '_blank' );return false;\" class=\"simplesocial-whatsapp-share\" rel=\"nofollow\" target=\"_blank\" aria-label=\"WhatsApp Share\" data-href=\"https:\/\/api.whatsapp.com\/send?text=https:\/\/www.tunisienumerique.com\/beja-reunion-de-travail-pour-faire-le-point-sur-les-preparatifs-de-la-moisson-2026-et-garantir-les-meilleures-conditions-de-reussite\/\"><span class=\"simplesocialtxt\">WhatsApp<\/span><\/button><\/p>\n<\/div>\n<p><strong>Que se passe-t-il en Tunisie?<\/strong><br \/>Nous expliquons sur notre <a href=\"https:\/\/www.youtube.com\/channel\/UCRzypVq0B_yBad5eGrwBx0Q?sub_confirmation=1\" target=\"_blank\">cha\u00eene YouTube<\/a> . <a href=\"https:\/\/www.youtube.com\/channel\/UCRzypVq0B_yBad5eGrwBx0Q?sub_confirmation=1\" target=\"_blank\">Abonnez-vous!<\/a><\/p>\n<div class=\"mvp-org-wrap\" itemprop=\"publisher\" itemscope=\"itemscope\" itemtype=\"https:\/\/schema.org\/Organization\">\n<div class=\"mvp-org-logo\" itemprop=\"logo\" itemscope=\"itemscope\" itemtype=\"https:\/\/schema.org\/ImageObject\"><img loading=\"lazy\" decoding=\"async\" width=\"290\" height=\"78\" src=\"https:\/\/www.tunisienumerique.com\/wp-content\/uploads\/2024\/03\/Logo-Tn1-1-3.png\"\/><br \/>\n<meta itemprop=\"url\" content=\"https:\/\/www.tunisienumerique.com\/wp-content\/uploads\/2024\/03\/Logo-Tn1-1-3.png\"\/><\/div>\n<p><meta itemprop=\"name\" content=\"Tunisie numerique\"\/><\/div>\n<div class=\"post-tags\"><span class=\"post-tags-header\">SUJETS CONNEXES:<\/span><\/div>\n<div id=\"article-ad\">\n  <ins class=\"adsbygoogle\" data-ad-client=\"ca-pub-2102118777505746\" data-ad-slot=\"6168283410\" data-ad-format=\"auto\" data-full-width-responsive=\"true\"\/>\n<\/div>\n<\/div>\n<\/div>\n<\/div>\n<p>Auteur: hamza ben khelifa<br \/>\n<a href=\"https:\/\/www.tunisienumerique.com\/beja-reunion-de-travail-pour-faire-le-point-sur-les-preparatifs-de-la-moisson-2026-et-garantir-les-meilleures-conditions-de-reussite\/\">Cliquez ici pour lire l&rsquo;article depuis sa source.<\/a><\/p>\n","protected":false},"excerpt":{"rendered":"<p>Le blog en direct est termin\u00e9. Aucune mise \u00e0 jour du blog en direct pour le moment. Charger plus Facebook Twitter LinkedIn WhatsApp Lire plus tard Dans le cadre de la pr\u00e9paration anticip\u00e9e de la campagne de r\u00e9colte 2026 et afin de garantir des conditions optimales pour son bon d\u00e9roulement, une r\u00e9union de travail s\u2019est [&hellip;]<\/p>\n","protected":false},"author":1789,"featured_media":185262,"comment_status":"closed","ping_status":"closed","sticky":false,"template":"","format":"standard","meta":{"fifu_image_url":"https:\/\/www.tunisienumerique.com\/wp-content\/uploads\/2026\/04\/IMG-20260427-WA0009.jpg","fifu_image_alt":"B\u00e9ja : R\u00e9union de travail pour faire le point sur les pr\u00e9paratifs de la moisson 2026 et garantir les meilleures conditions de r\u00e9ussite","footnotes":""},"categories":[73,55],"tags":[],"class_list":["post-185261","post","type-post","status-publish","format-standard","has-post-thumbnail","hentry","category-actualite","category-tunisie"],"_links":{"self":[{"href":"https:\/\/linitiative.ca\/International\/wp-json\/wp\/v2\/posts\/185261","targetHints":{"allow":["GET"]}}],"collection":[{"href":"https:\/\/linitiative.ca\/International\/wp-json\/wp\/v2\/posts"}],"about":[{"href":"https:\/\/linitiative.ca\/International\/wp-json\/wp\/v2\/types\/post"}],"author":[{"embeddable":true,"href":"https:\/\/linitiative.ca\/International\/wp-json\/wp\/v2\/users\/1789"}],"replies":[{"embeddable":true,"href":"https:\/\/linitiative.ca\/International\/wp-json\/wp\/v2\/comments?post=185261"}],"version-history":[{"count":0,"href":"https:\/\/linitiative.ca\/International\/wp-json\/wp\/v2\/posts\/185261\/revisions"}],"wp:featuredmedia":[{"embeddable":true,"href":"https:\/\/linitiative.ca\/International\/wp-json\/wp\/v2\/media\/185262"}],"wp:attachment":[{"href":"https:\/\/linitiative.ca\/International\/wp-json\/wp\/v2\/media?parent=185261"}],"wp:term":[{"taxonomy":"category","embeddable":true,"href":"https:\/\/linitiative.ca\/International\/wp-json\/wp\/v2\/categories?post=185261"},{"taxonomy":"post_tag","embeddable":true,"href":"https:\/\/linitiative.ca\/International\/wp-json\/wp\/v2\/tags?post=185261"}],"curies":[{"name":"wp","href":"https:\/\/api.w.org\/{rel}","templated":true}]}}