{"id":185263,"date":"2026-04-27T14:07:54","date_gmt":"2026-04-27T18:07:54","guid":{"rendered":"https:\/\/linitiative.ca\/International\/avis-a-candidature-selection-dun-medecin-du-travail\/"},"modified":"2026-04-27T14:07:54","modified_gmt":"2026-04-27T18:07:54","slug":"avis-a-candidature-selection-dun-medecin-du-travail","status":"publish","type":"post","link":"https:\/\/linitiative.ca\/International\/avis-a-candidature-selection-dun-medecin-du-travail\/","title":{"rendered":"AVIS \u00c0 CANDIDATURE: S\u00e9lection d\u2019un M\u00e9decin du Travail"},"content":{"rendered":"<p><span><span>La soci\u00e9t\u00e9 CIMBURKINA, sp\u00e9cialis\u00e9e dans la production et la commercialisation de ciment au Burkina Faso, lance un pr\u00e9sent avis \u00e0 candidature en vue de la s\u00e9lection d\u2019un m\u00e9decin du travail prestataire pour l\u2019accompagnement et la mise en \u0153uvre de ses activit\u00e9s de sant\u00e9 au travail sur son site industriel de Kossodo.<\/span><\/span><\/p>\n<p><span><span>1. Objet de la mission<\/span><\/span><\/p>\n<p><span><span>Le pr\u00e9sent avis vise \u00e0 recruter un m\u00e9decin du travail intervenant en qualit\u00e9 de prestataire, pour assurer des services de sant\u00e9 au travail au profit du personnel de CIMBURKINA, conform\u00e9ment \u00e0 la r\u00e9glementation en vigueur.<\/span><\/span><\/p>\n<p><span><span>2. Nature de la relation contractuelle<\/span><\/span><\/p>\n<p><span><span>Le prestataire interviendra dans le cadre d\u2019un contrat de prestation de services.<\/span><\/span><\/p>\n<p><span><span>3. \u00c9tendue des prestations attendues<\/span><\/span><\/p>\n<p><span><span>Le m\u00e9decin du travail aura notamment pour mission de :<\/span><\/span><\/p>\n<p><span><span>\u2013 Assurer la surveillance m\u00e9dicale des travailleurs (visites m\u00e9dicales r\u00e9glementaires) ;<\/span><\/span><\/p>\n<p><span><span>\u2013 Organiser et assurer la gestion fonctionnelle de l\u2019infirmerie du site ;<\/span><\/span><\/p>\n<p><span><span>\u2013 Proposer et mettre en \u0153uvre des actions de pr\u00e9vention des risques professionnels ;<\/span><\/span><\/p>\n<p><span><span>\u2013 Conseiller l\u2019entreprise en mati\u00e8re de sant\u00e9, s\u00e9curit\u00e9 et conditions de travail ;<\/span><\/span><\/p>\n<p><span><span>\u2013 Assurer la prise en charge des urgences m\u00e9dicales sur site ;<\/span><\/span><\/p>\n<p><span><span>\u2013 Mettre \u00e0 disposition, le cas \u00e9ch\u00e9ant, du personnel param\u00e9dical qualifi\u00e9 ;<\/span><\/span><\/p>\n<p><span><span>\u2013 Produire des rapports p\u00e9riodiques d\u2019activit\u00e9s.<\/span><\/span><\/p>\n<p><span><span>4. Profil du prestataire<\/span><\/span><\/p>\n<p><span><span>Peuvent faire acte de candidature :<\/span><\/span><\/p>\n<p><span><span>\u2013 Les m\u00e9decins inscrits au tableau de l\u2019Ordre des M\u00e9decins du Burkina Faso, sp\u00e9cialis\u00e9s en m\u00e9decine du travail ;<\/span><\/span><\/p>\n<p><span><span>Le candidat devra\u00a0:<\/span><\/span><\/p>\n<p><span><span>\u2013 Disposer des capacit\u00e9s techniques et organisationnelles n\u00e9cessaires ;<\/span><\/span><\/p>\n<p><span><span>\u2013 \u00catre en r\u00e8gle vis-\u00e0-vis de ses obligations professionnelles ;<\/span><\/span><\/p>\n<p><span><span>\u2013 une exp\u00e9rience en milieu industriel serait un atout<\/span><\/span><\/p>\n<p><span><span>5. Modalit\u00e9s d\u2019intervention<\/span><\/span><\/p>\n<p><span><span>Les modalit\u00e9s pratiques d\u2019intervention (fr\u00e9quence, dur\u00e9e, organisation, moyens, etc.) seront d\u00e9finies d\u2019un commun accord dans le contrat de prestation.<\/span><\/span><\/p>\n<p><span><span>6. Dossier de candidature<\/span><\/span><\/p>\n<p><span><span>Le dossier doit comprendre :<\/span><\/span><\/p>\n<p><span><span>\u2013 Un curriculum vitae<\/span><\/span><\/p>\n<p><span><span>\u2013 Les copies des dipl\u00f4mes et attestations ;<\/span><\/span><\/p>\n<p><span><span>\u2013 Une attestation d\u2019inscription \u00e0 l\u2019Ordre des M\u00e9decins;<\/span><\/span><\/p>\n<p><span><span>7. D\u00e9p\u00f4t des candidatures<\/span><\/span><\/p>\n<p><span><span>Les dossiers doivent \u00eatre transmis au plus tard le (date \u00e0 pr\u00e9ciser) \u00e0 l\u2019adresse suivante :email \u00e0 pr\u00e9ciser<\/span><\/span><\/p>\n<p><span><span>8. Dispositions finales<\/span><\/span><\/p>\n<p><span><span>Seuls les candidats pr\u00e9s\u00e9lectionn\u00e9s seront contact\u00e9s.<\/span><\/span><\/p>\n<p><span><span>CIMBURKINA se r\u00e9serve le droit de ne donner aucune suite au pr\u00e9sent avis \u00e0 candidature.<\/span><\/span><\/p>\n<p><span><span>Fait \u00e0 Ouagadougou, le<\/span><\/span><\/p>\n<p><span><span>La Direction G\u00e9n\u00e9rale<\/span><\/span><\/p>\n<p>\nAuteur: Editions LEPAYS<br \/>\n<a href=\"https:\/\/lepays.bf\/avis-a-candidature-selection-dun-medecin-du-travail\/\">Cliquez ici pour lire l&rsquo;article depuis sa source.<\/a><\/p>\n","protected":false},"excerpt":{"rendered":"<p>La soci\u00e9t\u00e9 CIMBURKINA, sp\u00e9cialis\u00e9e dans la production et la commercialisation de ciment au Burkina Faso, lance un pr\u00e9sent avis \u00e0 candidature en vue de la s\u00e9lection d\u2019un m\u00e9decin du travail prestataire pour l\u2019accompagnement et la mise en \u0153uvre de ses activit\u00e9s de sant\u00e9 au travail sur son site industriel de Kossodo. 1. Objet de la [&hellip;]<\/p>\n","protected":false},"author":1813,"featured_media":185264,"comment_status":"closed","ping_status":"closed","sticky":false,"template":"","format":"standard","meta":{"fifu_image_url":"https:\/\/lepays.bf\/wp-content\/uploads\/2015\/10\/lepays-featured.png","fifu_image_alt":"AVIS \u00c0 CANDIDATURE: S\u00e9lection d\u2019un M\u00e9decin du Travail","footnotes":""},"categories":[73,81],"tags":[],"class_list":["post-185263","post","type-post","status-publish","format-standard","has-post-thumbnail","hentry","category-actualite","category-burkina-faso"],"_links":{"self":[{"href":"https:\/\/linitiative.ca\/International\/wp-json\/wp\/v2\/posts\/185263","targetHints":{"allow":["GET"]}}],"collection":[{"href":"https:\/\/linitiative.ca\/International\/wp-json\/wp\/v2\/posts"}],"about":[{"href":"https:\/\/linitiative.ca\/International\/wp-json\/wp\/v2\/types\/post"}],"author":[{"embeddable":true,"href":"https:\/\/linitiative.ca\/International\/wp-json\/wp\/v2\/users\/1813"}],"replies":[{"embeddable":true,"href":"https:\/\/linitiative.ca\/International\/wp-json\/wp\/v2\/comments?post=185263"}],"version-history":[{"count":0,"href":"https:\/\/linitiative.ca\/International\/wp-json\/wp\/v2\/posts\/185263\/revisions"}],"wp:featuredmedia":[{"embeddable":true,"href":"https:\/\/linitiative.ca\/International\/wp-json\/wp\/v2\/media\/185264"}],"wp:attachment":[{"href":"https:\/\/linitiative.ca\/International\/wp-json\/wp\/v2\/media?parent=185263"}],"wp:term":[{"taxonomy":"category","embeddable":true,"href":"https:\/\/linitiative.ca\/International\/wp-json\/wp\/v2\/categories?post=185263"},{"taxonomy":"post_tag","embeddable":true,"href":"https:\/\/linitiative.ca\/International\/wp-json\/wp\/v2\/tags?post=185263"}],"curies":[{"name":"wp","href":"https:\/\/api.w.org\/{rel}","templated":true}]}}