{"id":185265,"date":"2026-04-26T21:04:09","date_gmt":"2026-04-27T01:04:09","guid":{"rendered":"https:\/\/linitiative.ca\/International\/attaques-terroristes-coordonnees-contre-plusieurs-villes-la-situation-totalement-sous-controle-des-forces-armees-et-de-securite\/"},"modified":"2026-04-26T21:04:09","modified_gmt":"2026-04-27T01:04:09","slug":"attaques-terroristes-coordonnees-contre-plusieurs-villes-la-situation-totalement-sous-controle-des-forces-armees-et-de-securite","status":"publish","type":"post","link":"https:\/\/linitiative.ca\/International\/attaques-terroristes-coordonnees-contre-plusieurs-villes-la-situation-totalement-sous-controle-des-forces-armees-et-de-securite\/","title":{"rendered":"Attaques terroristes coordonn\u00e9es contre plusieurs villes : la situation totalement sous contr\u00f4le des Forces arm\u00e9es et de s\u00e9curit\u00e9"},"content":{"rendered":"<div class=\"td-post-featured-image\">\n<figure><a href=\"https:\/\/www.sidwaya.info\/wp-content\/uploads\/2026\/04\/1-22-2.jpg\" data-caption=\"Le ministre malien de l'Administration territoriale et de la D\u00e9centralisation, Porte-parole du gouvernement, le g\u00e9n\u00e9ral de brigade Issa Ousmane Coulibaly, a exhort\u00e9 les populations \u00e0 d\u00e9noncer tout cas suspect aux forces de d\u00e9fense et de s\u00e9curit\u00e9.\"><img loading=\"lazy\" decoding=\"async\" width=\"600\" height=\"337\" class=\"entry-thumb td-modal-image\" src=\"https:\/\/www.sidwaya.info\/wp-content\/uploads\/2026\/04\/1-22-2.jpg\" srcset=\"https:\/\/www.sidwaya.info\/wp-content\/uploads\/2026\/04\/1-22-2.jpg 600w, https:\/\/www.sidwaya.info\/wp-content\/uploads\/2026\/04\/1-22-2-300x169.jpg 300w, https:\/\/www.sidwaya.info\/wp-content\/uploads\/2026\/04\/1-22-2-150x84.jpg 150w\" sizes=\"auto, (max-width: 600px) 100vw, 600px\" alt=\"\" title=\"1 (22)\"\/><\/a><figcaption class=\"wp-caption-text\">Le ministre malien de l&rsquo;Administration territoriale et de la D\u00e9centralisation, Porte-parole du gouvernement, le g\u00e9n\u00e9ral de brigade Issa Ousmane Coulibaly, a exhort\u00e9 les populations \u00e0 d\u00e9noncer tout cas suspect aux forces de d\u00e9fense et de s\u00e9curit\u00e9.<\/figcaption><\/figure>\n<\/div>\n<p class=\"p1\"><strong>Le ministre malien de l\u2019Administration territoriale et de la D\u00e9centralisation, Porte-parole du gouvernement, le g\u00e9n\u00e9ral de brigade Issa Ousmane Coulibaly, a annonc\u00e9 \u00e0 travers un communiqu\u00e9 que, dans la matin\u00e9e du samedi 25 avril, des groupes arm\u00e9s terroristes ont men\u00e9 des attaques complexes et coordonn\u00e9es visant plusieurs localit\u00e9s, notamment les villes garnisons de Kati, S\u00e9var\u00e9, Gao, Kidal et Bamako.<\/strong><\/p>\n<p class=\"p1\">Selon le communiqu\u00e9, ces actes terroristes ont caus\u00e9 des d\u00e9g\u00e2ts mat\u00e9riels limit\u00e9s et fait 16 bless\u00e9s, civils et militaires, lesquels ont \u00e9t\u00e9 imm\u00e9diatement pris en charge par les structures m\u00e9dicales. Gr\u00e2ce \u00e0 la promptitude, au professionnalisme et \u00e0 la d\u00e9termination des Forces arm\u00e9es et de s\u00e9curit\u00e9, ces offensives ont \u00e9t\u00e9 vigoureusement ma\u00eetris\u00e9es. \u00ab\u00a0Plusieurs terroristes ont \u00e9t\u00e9 neutralis\u00e9s et leur dessein funeste a \u00e9t\u00e9 mis en \u00e9chec\u00a0\u00bb, a pr\u00e9cis\u00e9 le gouvernement, qui a indiqu\u00e9 que la situation est totalement sous contr\u00f4le dans l\u2019ensemble des localit\u00e9s concern\u00e9es. Le gouvernement de la Transition appelle les populations \u00e0 faire preuve de vigilance et de s\u00e9r\u00e9nit\u00e9 face \u00e0 ces tentatives d\u00e9sesp\u00e9r\u00e9es des groupes arm\u00e9s terroristes et de leurs sponsors. Il les exhorte \u00e0 signaler tout mouvement suspect et \u00e0 se r\u00e9f\u00e9rer exclusivement aux canaux officiels pour acc\u00e9der \u00e0 des informations fiables.<\/p>\n<p class=\"p1\">Tout en condamnant avec la plus grande \u00e9nergie ces actes terroristes l\u00e2ches, les autorit\u00e9s rassurent les populations que le sacrifice ultime consenti par les dignes fils de la Nation ne sera pas vain. D\u2019apr\u00e8s le gouvernement, toutes les dispositions sont en cours pour traquer et traduire en justice les auteurs, complices et commanditaires de ces actes ignobles.<\/p>\n<p class=\"p1\">Le gouvernement r\u00e9affirme sa confiance aux Forces arm\u00e9es et de s\u00e9curit\u00e9, pleinement engag\u00e9es dans leur mission de d\u00e9fense de l\u2019int\u00e9grit\u00e9 territoriale et de restauration de la paix, de la s\u00e9curit\u00e9 sur l\u2019ensemble du territoire national.<\/p>\n<p class=\"p5\"><strong>L\u2019Essor\/Mali<\/strong><\/p>\n<p>Auteur: JK. Sidwaya<br \/>\n<a href=\"https:\/\/www.sidwaya.info\/attaques-terroristes-coordonnees-contre-plusieurs-villes-la-situation-totalement-sous-controle-des-forces-armees-et-de-securite\/\">Cliquez ici pour lire l&rsquo;article depuis sa source.<\/a><\/p>\n","protected":false},"excerpt":{"rendered":"<p>Le ministre malien de l&rsquo;Administration territoriale et de la D\u00e9centralisation, Porte-parole du gouvernement, le g\u00e9n\u00e9ral de brigade Issa Ousmane Coulibaly, a exhort\u00e9 les populations \u00e0 d\u00e9noncer tout cas suspect aux forces de d\u00e9fense et de s\u00e9curit\u00e9. Le ministre malien de l\u2019Administration territoriale et de la D\u00e9centralisation, Porte-parole du gouvernement, le g\u00e9n\u00e9ral de brigade Issa Ousmane [&hellip;]<\/p>\n","protected":false},"author":1816,"featured_media":185266,"comment_status":"closed","ping_status":"closed","sticky":false,"template":"","format":"standard","meta":{"fifu_image_url":"https:\/\/www.sidwaya.info\/wp-content\/uploads\/2026\/04\/1-22-2.jpg","fifu_image_alt":"Attaques terroristes coordonn\u00e9es contre plusieurs villes : la situation totalement sous contr\u00f4le des Forces arm\u00e9es et de s\u00e9curit\u00e9","footnotes":""},"categories":[73,81],"tags":[],"class_list":["post-185265","post","type-post","status-publish","format-standard","has-post-thumbnail","hentry","category-actualite","category-burkina-faso"],"_links":{"self":[{"href":"https:\/\/linitiative.ca\/International\/wp-json\/wp\/v2\/posts\/185265","targetHints":{"allow":["GET"]}}],"collection":[{"href":"https:\/\/linitiative.ca\/International\/wp-json\/wp\/v2\/posts"}],"about":[{"href":"https:\/\/linitiative.ca\/International\/wp-json\/wp\/v2\/types\/post"}],"author":[{"embeddable":true,"href":"https:\/\/linitiative.ca\/International\/wp-json\/wp\/v2\/users\/1816"}],"replies":[{"embeddable":true,"href":"https:\/\/linitiative.ca\/International\/wp-json\/wp\/v2\/comments?post=185265"}],"version-history":[{"count":0,"href":"https:\/\/linitiative.ca\/International\/wp-json\/wp\/v2\/posts\/185265\/revisions"}],"wp:featuredmedia":[{"embeddable":true,"href":"https:\/\/linitiative.ca\/International\/wp-json\/wp\/v2\/media\/185266"}],"wp:attachment":[{"href":"https:\/\/linitiative.ca\/International\/wp-json\/wp\/v2\/media?parent=185265"}],"wp:term":[{"taxonomy":"category","embeddable":true,"href":"https:\/\/linitiative.ca\/International\/wp-json\/wp\/v2\/categories?post=185265"},{"taxonomy":"post_tag","embeddable":true,"href":"https:\/\/linitiative.ca\/International\/wp-json\/wp\/v2\/tags?post=185265"}],"curies":[{"name":"wp","href":"https:\/\/api.w.org\/{rel}","templated":true}]}}