{"id":185267,"date":"2026-04-26T21:08:44","date_gmt":"2026-04-27T01:08:44","guid":{"rendered":"https:\/\/linitiative.ca\/International\/modification-dun-decret-pour-harmoniser-les-remunerations-des-personnels-des-societes-detat-des-etablissements-publics-de-prevoyances-sociales-et-des-societes-deconomie-mix\/"},"modified":"2026-04-26T21:08:44","modified_gmt":"2026-04-27T01:08:44","slug":"modification-dun-decret-pour-harmoniser-les-remunerations-des-personnels-des-societes-detat-des-etablissements-publics-de-prevoyances-sociales-et-des-societes-deconomie-mix","status":"publish","type":"post","link":"https:\/\/linitiative.ca\/International\/modification-dun-decret-pour-harmoniser-les-remunerations-des-personnels-des-societes-detat-des-etablissements-publics-de-prevoyances-sociales-et-des-societes-deconomie-mix\/","title":{"rendered":"Modification d\u2019un d\u00e9cret pour harmoniser les r\u00e9mun\u00e9rations des personnels des Soci\u00e9t\u00e9s d\u2019Etat, des Etablissements publics de pr\u00e9voyances sociales et des Soci\u00e9t\u00e9s d\u2019\u00e9conomie mixte"},"content":{"rendered":"<div class=\"td-post-featured-image\"><a href=\"https:\/\/www.sidwaya.info\/wp-content\/uploads\/2026\/04\/Armoiries-bon-1-696x452-1-2.jpg\" data-caption=\"\"><img loading=\"lazy\" decoding=\"async\" width=\"696\" height=\"452\" class=\"entry-thumb td-modal-image\" src=\"https:\/\/www.sidwaya.info\/wp-content\/uploads\/2026\/04\/Armoiries-bon-1-696x452-1-2.jpg\" srcset=\"https:\/\/www.sidwaya.info\/wp-content\/uploads\/2026\/04\/Armoiries-bon-1-696x452-1-2.jpg 696w, https:\/\/www.sidwaya.info\/wp-content\/uploads\/2026\/04\/Armoiries-bon-1-696x452-1-2-300x195.jpg 300w, https:\/\/www.sidwaya.info\/wp-content\/uploads\/2026\/04\/Armoiries-bon-1-696x452-1-2-647x420.jpg 647w, https:\/\/www.sidwaya.info\/wp-content\/uploads\/2026\/04\/Armoiries-bon-1-696x452-1-2-150x97.jpg 150w\" sizes=\"auto, (max-width: 696px) 100vw, 696px\" alt=\"\" title=\"Armoiries-bon-1-696x452-1\"\/><\/a><\/div>\n<p class=\"p1\"><strong>Le Conseil des ministres s\u2019est tenu \u00e0 Bobo-Dioulasso, le vendredi 24 avril 2026, en s\u00e9ance ordinaire, de 09H00 mn\u00e0 11H 44 mn, sous la pr\u00e9sidence de Son Excellence le Capitaine Ibrahim TRAORE, Pr\u00e9sident du Faso, Pr\u00e9sident du Conseil des ministres.<\/strong><\/p>\n<p>Lire le conseil en cliquant sur le lien ci-dessous:<\/p>\n<p><a href=\"https:\/\/www.sidwaya.info\/wp-content\/uploads\/2026\/04\/CONSEIL-DES-MINISTRES-N%C2%B014-DU-24-AVRIL-2026.pdf\">CONSEIL DES MINISTRES N\u00b014 DU 24 AVRIL 2026<\/a><\/p>\n<p>Auteur: JK. Sidwaya<br \/>\n<a href=\"https:\/\/www.sidwaya.info\/modification-dun-decret-pour-harmoniser-les-remunerations-des-personnels-des-societes-detat-des-etablissements-publics-de-prevoyances-sociales-et-des-societes-deconomie-mixte\/\">Cliquez ici pour lire l&rsquo;article depuis sa source.<\/a><\/p>\n","protected":false},"excerpt":{"rendered":"<p>Le Conseil des ministres s\u2019est tenu \u00e0 Bobo-Dioulasso, le vendredi 24 avril 2026, en s\u00e9ance ordinaire, de 09H00 mn\u00e0 11H 44 mn, sous la pr\u00e9sidence de Son Excellence le Capitaine Ibrahim TRAORE, Pr\u00e9sident du Faso, Pr\u00e9sident du Conseil des ministres. Lire le conseil en cliquant sur le lien ci-dessous: CONSEIL DES MINISTRES N\u00b014 DU 24 [&hellip;]<\/p>\n","protected":false},"author":1816,"featured_media":185268,"comment_status":"closed","ping_status":"closed","sticky":false,"template":"","format":"standard","meta":{"fifu_image_url":"https:\/\/www.sidwaya.info\/wp-content\/uploads\/2026\/04\/Armoiries-bon-1-696x452-1-2.jpg","fifu_image_alt":"Modification d\u2019un d\u00e9cret pour harmoniser les r\u00e9mun\u00e9rations des personnels des Soci\u00e9t\u00e9s d\u2019Etat, des Etablissements publics de pr\u00e9voyances sociales et des Soci\u00e9t\u00e9s d\u2019\u00e9conomie mixte","footnotes":""},"categories":[73,81],"tags":[],"class_list":["post-185267","post","type-post","status-publish","format-standard","has-post-thumbnail","hentry","category-actualite","category-burkina-faso"],"_links":{"self":[{"href":"https:\/\/linitiative.ca\/International\/wp-json\/wp\/v2\/posts\/185267","targetHints":{"allow":["GET"]}}],"collection":[{"href":"https:\/\/linitiative.ca\/International\/wp-json\/wp\/v2\/posts"}],"about":[{"href":"https:\/\/linitiative.ca\/International\/wp-json\/wp\/v2\/types\/post"}],"author":[{"embeddable":true,"href":"https:\/\/linitiative.ca\/International\/wp-json\/wp\/v2\/users\/1816"}],"replies":[{"embeddable":true,"href":"https:\/\/linitiative.ca\/International\/wp-json\/wp\/v2\/comments?post=185267"}],"version-history":[{"count":0,"href":"https:\/\/linitiative.ca\/International\/wp-json\/wp\/v2\/posts\/185267\/revisions"}],"wp:featuredmedia":[{"embeddable":true,"href":"https:\/\/linitiative.ca\/International\/wp-json\/wp\/v2\/media\/185268"}],"wp:attachment":[{"href":"https:\/\/linitiative.ca\/International\/wp-json\/wp\/v2\/media?parent=185267"}],"wp:term":[{"taxonomy":"category","embeddable":true,"href":"https:\/\/linitiative.ca\/International\/wp-json\/wp\/v2\/categories?post=185267"},{"taxonomy":"post_tag","embeddable":true,"href":"https:\/\/linitiative.ca\/International\/wp-json\/wp\/v2\/tags?post=185267"}],"curies":[{"name":"wp","href":"https:\/\/api.w.org\/{rel}","templated":true}]}}