{"id":185273,"date":"2026-04-27T09:33:00","date_gmt":"2026-04-27T13:33:00","guid":{"rendered":"https:\/\/linitiative.ca\/International\/amenagement-de-la-zad-de-bobo-dioulasso-le-premier-ministre-lance-officiellement-les-souscriptions-aux-parcelles\/"},"modified":"2026-04-27T09:33:00","modified_gmt":"2026-04-27T13:33:00","slug":"amenagement-de-la-zad-de-bobo-dioulasso-le-premier-ministre-lance-officiellement-les-souscriptions-aux-parcelles","status":"publish","type":"post","link":"https:\/\/linitiative.ca\/International\/amenagement-de-la-zad-de-bobo-dioulasso-le-premier-ministre-lance-officiellement-les-souscriptions-aux-parcelles\/","title":{"rendered":"Am\u00e9nagement de la ZAD de Bobo-Dioulasso: le Premier ministre lance officiellement les souscriptions aux parcelles"},"content":{"rendered":"<p>\u200e<\/p>\n<p>\u200e<strong>Le Premier ministre, Chef du Gouvernement, Rimtalba Jean Emmanuel Ou\u00e9draogo, a pr\u00e9sid\u00e9, ce lundi 27 avril 2026, la c\u00e9r\u00e9monie officielle de lancement des souscriptions aux parcelles de la Zone d\u2019activit\u00e9s diverses (ZAD) de Bobo-Dioulasso. Port\u00e9e par la Chambre de commerce et d\u2019industrie du Burkina Faso (CCI-BF), cette op\u00e9ration marque une \u00e9tape d\u00e9cisive dans la mise en \u0153uvre de cet espace \u00e9conomique strat\u00e9gique, destin\u00e9 \u00e0 renforcer l\u2019industrialisation, l\u2019entrepreneuriat et la comp\u00e9titivit\u00e9 de la r\u00e9gion du Guiriko.<\/strong><\/p>\n<p>\u200e<\/p>\n<p>\u200eD\u2019une superficie d\u2019environ 80 hectares, la ZAD de la ville de Sya se veut un p\u00f4le \u00e9conomique int\u00e9gr\u00e9, moderne et comp\u00e9titif. Elle est con\u00e7ue pour accompagner la transformation du tissu productif, renforcer l\u2019ancrage industriel de l\u2019\u00e9conomie r\u00e9gionale et contribuer \u00e0 la dynamique nationale de d\u00e9veloppement.<\/p>\n<p>\u200e<\/p>\n<p>\u200eLe projet pr\u00e9voit notamment un espace d\u00e9di\u00e9 aux unit\u00e9s industrielles, des espaces logistiques de stockage et d\u2019entreposage, des bureaux administratifs et commerciaux, des showrooms pour la promotion des produits, ainsi que des services d\u2019appui comprenant des garages, des parkings et un centre de vie. Des infrastructures modernes en mati\u00e8re de voirie, d\u2019\u00e9nergie, d\u2019eau, de fibre optique et de s\u00e9curit\u00e9 sont \u00e9galement pr\u00e9vues.<\/p>\n<p>\u200e<\/p>\n<p>\u200eAu total, 162 parcelles am\u00e9nag\u00e9es, repr\u00e9sentant plus de 580 000 m\u00b2, soit 58 hectares de surface utile, seront progressivement mises \u00e0 la disposition des investisseurs. Le mod\u00e8le \u00e9conomique retenu combine la cession directe et le bail emphyt\u00e9otique. Il r\u00e9pond \u00e0 un double imp\u00e9ratif : assurer l\u2019autofinancement du projet, dont le co\u00fbt d\u2019am\u00e9nagement est estim\u00e9 \u00e0 10,8 milliards de FCFA, et pr\u00e9server durablement le patrimoine foncier et \u00e9conomique.<\/p>\n<div dir=\"auto\">\u200e<a href=\"https:\/\/www.sidwaya.info\/amenagement-de-la-zad-de-bobo-dioulasso-le-premier-ministre-lance-officiellement-les-souscriptions-aux-parcelles\/whatsapp-image-2026-04-27-at-13-16-52-1\/\" rel=\"attachment wp-att-161822\"><img fetchpriority=\"high\" decoding=\"async\" data-attachment-id=\"161822\" data-permalink=\"https:\/\/www.sidwaya.info\/amenagement-de-la-zad-de-bobo-dioulasso-le-premier-ministre-lance-officiellement-les-souscriptions-aux-parcelles\/whatsapp-image-2026-04-27-at-13-16-52-1\/\" data-orig-file=\"https:\/\/www.sidwaya.info\/wp-content\/uploads\/2026\/04\/WhatsApp-Image-2026-04-27-at-13.16.52-1.jpeg\" data-orig-size=\"1600,975\" data-comments-opened=\"1\" data-image-meta=\"{&quot;aperture&quot;:&quot;0&quot;,&quot;credit&quot;:&quot;&quot;,&quot;camera&quot;:&quot;&quot;,&quot;caption&quot;:&quot;&quot;,&quot;created_timestamp&quot;:&quot;0&quot;,&quot;copyright&quot;:&quot;&quot;,&quot;focal_length&quot;:&quot;0&quot;,&quot;iso&quot;:&quot;0&quot;,&quot;shutter_speed&quot;:&quot;0&quot;,&quot;title&quot;:&quot;&quot;,&quot;orientation&quot;:&quot;0&quot;}\" data-image-title=\"WhatsApp Image 2026-04-27 at 13.16.52 (1)\" data-image-description=\"\" data-image-caption=\"\" data-medium-file=\"https:\/\/www.sidwaya.info\/wp-content\/uploads\/2026\/04\/WhatsApp-Image-2026-04-27-at-13.16.52-1-300x183.jpeg\" data-large-file=\"https:\/\/www.sidwaya.info\/wp-content\/uploads\/2026\/04\/WhatsApp-Image-2026-04-27-at-13.16.52-1-1024x624.jpeg\" class=\"aligncenter size-full wp-image-161822\" src=\"https:\/\/www.sidwaya.info\/wp-content\/uploads\/2026\/04\/WhatsApp-Image-2026-04-27-at-13.16.52-1.jpeg\" alt=\"\" width=\"1600\" height=\"975\" srcset=\"https:\/\/www.sidwaya.info\/wp-content\/uploads\/2026\/04\/WhatsApp-Image-2026-04-27-at-13.16.52-1.jpeg 1600w, https:\/\/www.sidwaya.info\/wp-content\/uploads\/2026\/04\/WhatsApp-Image-2026-04-27-at-13.16.52-1-300x183.jpeg 300w, https:\/\/www.sidwaya.info\/wp-content\/uploads\/2026\/04\/WhatsApp-Image-2026-04-27-at-13.16.52-1-1024x624.jpeg 1024w, https:\/\/www.sidwaya.info\/wp-content\/uploads\/2026\/04\/WhatsApp-Image-2026-04-27-at-13.16.52-1-768x468.jpeg 768w, https:\/\/www.sidwaya.info\/wp-content\/uploads\/2026\/04\/WhatsApp-Image-2026-04-27-at-13.16.52-1-1536x936.jpeg 1536w, https:\/\/www.sidwaya.info\/wp-content\/uploads\/2026\/04\/WhatsApp-Image-2026-04-27-at-13.16.52-1-689x420.jpeg 689w, https:\/\/www.sidwaya.info\/wp-content\/uploads\/2026\/04\/WhatsApp-Image-2026-04-27-at-13.16.52-1-150x91.jpeg 150w, https:\/\/www.sidwaya.info\/wp-content\/uploads\/2026\/04\/WhatsApp-Image-2026-04-27-at-13.16.52-1-696x424.jpeg 696w, https:\/\/www.sidwaya.info\/wp-content\/uploads\/2026\/04\/WhatsApp-Image-2026-04-27-at-13.16.52-1-1068x651.jpeg 1068w\" sizes=\"(max-width: 1600px) 100vw, 1600px\"\/><\/a><\/div>\n<p>\u200eCe projet s\u2019inscrit dans la deuxi\u00e8me phase du projet de port sec de Bobo-Dioulasso, avec l\u2019ambition de doter la ville d\u2019infrastructures adapt\u00e9es \u00e0 son r\u00f4le de capitale \u00e9conomique et de carrefour commercial.<\/p>\n<p>\u200e<\/p>\n<div dir=\"auto\" readability=\"11.166666666667\">\u200eDans un souci de modernisation et de transparence, une plateforme num\u00e9rique de souscription a \u00e9t\u00e9 mise en place \u00e0 l\u2019adresse : <span class=\"html-span xdj266r x14z9mp xat24cr x1lziwak xexx8yu xyri2b x18d9i69 x1c1uobl x1hl2dhg x16tdsg8 x1vvkbs\"><a class=\"x1i10hfl xjbqb8w x1ejq31n x18oe1m7 x1sy0etr xstzfhl x972fbf x10w94by x1qhh985 x14e42zd x9f619 x1ypdohk xt0psk2 x3ct3a4 xdj266r x14z9mp xat24cr x1lziwak xexx8yu xyri2b x18d9i69 x1c1uobl x16tdsg8 x1hl2dhg xggy1nq x1a2a7pz xkrqix3 x1sur9pj x1fey0fg x1s688f\" role=\"link\" href=\"https:\/\/l.facebook.com\/l.php?u=http%3A%2F%2Fzadbobo.cci.bf%2F%3Ffbclid%3DIwZXh0bgNhZW0CMTAAYnJpZBExVEZSUmI4MTI0d1VCTmVCZXNydGMGYXBwX2lkEDIyMjAzOTE3ODgyMDA4OTIAAR5SnSOC2nsKQzFJHuScvrbDbdl6pSqdw0HeIzrOUPndHAtDdFfStgpiAWQE0A_aem_xfw0wDhmuWWFzv0JSGk4uQ&amp;h=AT5o7wb0GvDu-KnsmEsB1woBpJ-n2nAhvIxKTv0HRqMsMEVR0ag7N5gqobYVNSI0c-7KRP9BJXUch4Vtimau0XZKN01lD8pL1NTb2bi5JexXoXsH6zALtNsymIPS6gU2V7Po8d8wqCiDBrXBiIR7-g&amp;__tn__=-UK-R&amp;c[0]=AT7lMyYRKaO6X6epZl4RAZyyldgFxZrhlZQnxfqfowNp_LLiXGGbSWd0hrIX9otVg6Dl3ACcIInb8XCPBfZ7Amli1G_mH6XfqfQfbhAi_kHS905iM7R0gE21pGs430WYPlg5k-NQP8_CfT2BL-nxrhS5d9ndmFqqrURjqrMv0fV_XLxfbRQEQ-krTu9c8tOwEcPmTDAE4KPYsivStRLDYbUJJQ\" target=\"_blank\" rel=\"nofollow noopener noreferrer\">zadbobo.cci.bf.<\/a><\/span> Les souscriptions sont ouvertes jusqu\u2019au 31 mai 2026, \u00e0 23h59.<\/div>\n<p>\u200e<\/p>\n<p>\u200eAu cours de la c\u00e9r\u00e9monie, le Chef du Gouvernement a insist\u00e9 sur l\u2019exigence de transparence dans la conduite du processus et sur la n\u00e9cessit\u00e9 de lutter contre toute forme de sp\u00e9culation fonci\u00e8re.<\/p>\n<p>\u200e<\/p>\n<p>\u200e\u00ab Il y a des choses qui ne seront pas tol\u00e9r\u00e9es dans cette op\u00e9ration. Elle doit \u00eatre transparente, afin que tous les souscripteurs aient la m\u00eame chance. L\u2019op\u00e9ration n\u2019a pas pour objectif d\u2019attribuer des parcelles. Tout souscripteur doit \u00eatre porteur d\u2019un projet m\u00fbr, clair, avec des moyens d\u2019investissement. Tout attributaire qui ne respecte pas le cahier des charges et les d\u00e9lais d\u2019investissement se verra retirer son terrain. Le cahier des charges sera revu et nous serons tr\u00e8s fermes sur les d\u00e9lais d\u2019investissement \u00bb, a indiqu\u00e9 le Premier ministre, avec fermet\u00e9.<\/p>\n<div dir=\"auto\">\u200e<a href=\"https:\/\/www.sidwaya.info\/amenagement-de-la-zad-de-bobo-dioulasso-le-premier-ministre-lance-officiellement-les-souscriptions-aux-parcelles\/whatsapp-image-2026-04-27-at-13-16-52\/\" rel=\"attachment wp-att-161824\"><img loading=\"lazy\" decoding=\"async\" data-attachment-id=\"161824\" data-permalink=\"https:\/\/www.sidwaya.info\/amenagement-de-la-zad-de-bobo-dioulasso-le-premier-ministre-lance-officiellement-les-souscriptions-aux-parcelles\/whatsapp-image-2026-04-27-at-13-16-52\/\" data-orig-file=\"https:\/\/www.sidwaya.info\/wp-content\/uploads\/2026\/04\/WhatsApp-Image-2026-04-27-at-13.16.52.jpeg\" data-orig-size=\"1600,1026\" data-comments-opened=\"1\" data-image-meta=\"{&quot;aperture&quot;:&quot;0&quot;,&quot;credit&quot;:&quot;&quot;,&quot;camera&quot;:&quot;&quot;,&quot;caption&quot;:&quot;&quot;,&quot;created_timestamp&quot;:&quot;0&quot;,&quot;copyright&quot;:&quot;&quot;,&quot;focal_length&quot;:&quot;0&quot;,&quot;iso&quot;:&quot;0&quot;,&quot;shutter_speed&quot;:&quot;0&quot;,&quot;title&quot;:&quot;&quot;,&quot;orientation&quot;:&quot;0&quot;}\" data-image-title=\"WhatsApp Image 2026-04-27 at 13.16.52\" data-image-description=\"\" data-image-caption=\"\" data-medium-file=\"https:\/\/www.sidwaya.info\/wp-content\/uploads\/2026\/04\/WhatsApp-Image-2026-04-27-at-13.16.52-300x192.jpeg\" data-large-file=\"https:\/\/www.sidwaya.info\/wp-content\/uploads\/2026\/04\/WhatsApp-Image-2026-04-27-at-13.16.52-1024x657.jpeg\" class=\"aligncenter size-full wp-image-161824\" src=\"https:\/\/www.sidwaya.info\/wp-content\/uploads\/2026\/04\/WhatsApp-Image-2026-04-27-at-13.16.52.jpeg\" alt=\"\" width=\"1600\" height=\"1026\" srcset=\"https:\/\/www.sidwaya.info\/wp-content\/uploads\/2026\/04\/WhatsApp-Image-2026-04-27-at-13.16.52.jpeg 1600w, https:\/\/www.sidwaya.info\/wp-content\/uploads\/2026\/04\/WhatsApp-Image-2026-04-27-at-13.16.52-300x192.jpeg 300w, https:\/\/www.sidwaya.info\/wp-content\/uploads\/2026\/04\/WhatsApp-Image-2026-04-27-at-13.16.52-1024x657.jpeg 1024w, https:\/\/www.sidwaya.info\/wp-content\/uploads\/2026\/04\/WhatsApp-Image-2026-04-27-at-13.16.52-768x492.jpeg 768w, https:\/\/www.sidwaya.info\/wp-content\/uploads\/2026\/04\/WhatsApp-Image-2026-04-27-at-13.16.52-1536x985.jpeg 1536w, https:\/\/www.sidwaya.info\/wp-content\/uploads\/2026\/04\/WhatsApp-Image-2026-04-27-at-13.16.52-655x420.jpeg 655w, https:\/\/www.sidwaya.info\/wp-content\/uploads\/2026\/04\/WhatsApp-Image-2026-04-27-at-13.16.52-150x96.jpeg 150w, https:\/\/www.sidwaya.info\/wp-content\/uploads\/2026\/04\/WhatsApp-Image-2026-04-27-at-13.16.52-696x446.jpeg 696w, https:\/\/www.sidwaya.info\/wp-content\/uploads\/2026\/04\/WhatsApp-Image-2026-04-27-at-13.16.52-1068x685.jpeg 1068w\" sizes=\"auto, (max-width: 1600px) 100vw, 1600px\"\/><\/a><\/div>\n<p>\u200eSelon le Directeur g\u00e9n\u00e9ral de la CCI-BF, Seydou Tou, l\u2019acc\u00e8s aux parcelles est strictement r\u00e9serv\u00e9 aux entreprises formellement constitu\u00e9es, sur la base de projets viables, cr\u00e9dibles et financi\u00e8rement soutenables.<\/p>\n<p>\u200e<\/p>\n<p>\u200eAu nom des acteurs \u00e9conomiques du Guiriko et de l\u2019ensemble du secteur priv\u00e9 national, le pr\u00e9sident de la d\u00e9l\u00e9gation sp\u00e9ciale consulaire du Guiriko de la CCI-BF, Bachirou Tera, a exprim\u00e9 sa gratitude aux plus hautes autorit\u00e9s du pays pour la concr\u00e9tisation de cette vision porteuse d\u2019espoir pour le monde \u00e9conomique.<\/p>\n<p>\u200e<\/p>\n<p>\u200eL\u2019\u00c9tat, pour sa part, s\u2019engage \u00e0 finaliser les travaux de voirie, d\u2019\u00e9lectrification, d\u2019adduction d\u2019eau et d\u2019assainissement de la zone, afin de garantir aux futurs investisseurs un cadre fonctionnel et propice au d\u00e9veloppement de leurs activit\u00e9s.<\/p>\n<p>\u200e<\/p>\n<p>\u200eAvec la ZAD, Bobo-Dioulasso conforte son statut de capitale \u00e9conomique et s\u2019arrime \u00e0 la politique nationale d\u2019am\u00e9nagement de zones \u00e9conomiques d\u00e9di\u00e9es, en vue d\u2019acc\u00e9l\u00e9rer la transformation structurelle de l\u2019\u00e9conomie burkinab\u00e8.<\/p>\n<p>\u200e<\/p>\n<p>\u200e\ud835\udc03\ud835\udc02\ud835\udc11\ud835\udc0f\/\ud835\udc0f\ud835\udc2b\ud835\udc22\ud835\udc26\ud835\udc1a\ud835\udc2d\ud835\udc2e\ud835\udc2b\ud835\udc1e<\/p>\n<p>Auteur: BH SIDWAYA<br \/>\n<a href=\"https:\/\/www.sidwaya.info\/amenagement-de-la-zad-de-bobo-dioulasso-le-premier-ministre-lance-officiellement-les-souscriptions-aux-parcelles\/\">Cliquez ici pour lire l&rsquo;article depuis sa source.<\/a><\/p>\n","protected":false},"excerpt":{"rendered":"<p>\u200e \u200eLe Premier ministre, Chef du Gouvernement, Rimtalba Jean Emmanuel Ou\u00e9draogo, a pr\u00e9sid\u00e9, ce lundi 27 avril 2026, la c\u00e9r\u00e9monie officielle de lancement des souscriptions aux parcelles de la Zone d\u2019activit\u00e9s diverses (ZAD) de Bobo-Dioulasso. Port\u00e9e par la Chambre de commerce et d\u2019industrie du Burkina Faso (CCI-BF), cette op\u00e9ration marque une \u00e9tape d\u00e9cisive dans la [&hellip;]<\/p>\n","protected":false},"author":1816,"featured_media":185274,"comment_status":"closed","ping_status":"closed","sticky":false,"template":"","format":"standard","meta":{"fifu_image_url":"https:\/\/www.sidwaya.info\/wp-content\/uploads\/2026\/04\/WhatsApp-Image-2026-04-27-at-13.16.53-2.jpeg","fifu_image_alt":"Am\u00e9nagement de la ZAD de Bobo-Dioulasso: le Premier ministre lance officiellement les souscriptions aux parcelles","footnotes":""},"categories":[73,81],"tags":[],"class_list":["post-185273","post","type-post","status-publish","format-standard","has-post-thumbnail","hentry","category-actualite","category-burkina-faso"],"_links":{"self":[{"href":"https:\/\/linitiative.ca\/International\/wp-json\/wp\/v2\/posts\/185273","targetHints":{"allow":["GET"]}}],"collection":[{"href":"https:\/\/linitiative.ca\/International\/wp-json\/wp\/v2\/posts"}],"about":[{"href":"https:\/\/linitiative.ca\/International\/wp-json\/wp\/v2\/types\/post"}],"author":[{"embeddable":true,"href":"https:\/\/linitiative.ca\/International\/wp-json\/wp\/v2\/users\/1816"}],"replies":[{"embeddable":true,"href":"https:\/\/linitiative.ca\/International\/wp-json\/wp\/v2\/comments?post=185273"}],"version-history":[{"count":0,"href":"https:\/\/linitiative.ca\/International\/wp-json\/wp\/v2\/posts\/185273\/revisions"}],"wp:featuredmedia":[{"embeddable":true,"href":"https:\/\/linitiative.ca\/International\/wp-json\/wp\/v2\/media\/185274"}],"wp:attachment":[{"href":"https:\/\/linitiative.ca\/International\/wp-json\/wp\/v2\/media?parent=185273"}],"wp:term":[{"taxonomy":"category","embeddable":true,"href":"https:\/\/linitiative.ca\/International\/wp-json\/wp\/v2\/categories?post=185273"},{"taxonomy":"post_tag","embeddable":true,"href":"https:\/\/linitiative.ca\/International\/wp-json\/wp\/v2\/tags?post=185273"}],"curies":[{"name":"wp","href":"https:\/\/api.w.org\/{rel}","templated":true}]}}