{"id":185277,"date":"2026-04-27T06:02:51","date_gmt":"2026-04-27T10:02:51","guid":{"rendered":"https:\/\/linitiative.ca\/International\/secousses-economiques-la-beac-muscle-sa-strategie-a-washington\/"},"modified":"2026-04-27T06:02:51","modified_gmt":"2026-04-27T10:02:51","slug":"secousses-economiques-la-beac-muscle-sa-strategie-a-washington","status":"publish","type":"post","link":"https:\/\/linitiative.ca\/International\/secousses-economiques-la-beac-muscle-sa-strategie-a-washington\/","title":{"rendered":"Secousses \u00e9conomiques: La BEAC muscle sa strat\u00e9gie \u00e0 Washington"},"content":{"rendered":"<h3>R\u00e9unie avec les grandes institutions financi\u00e8res internationales, la BEAC a d\u00e9fendu \u00e0 Washington une ligne de fermet\u00e9 et de r\u00e9formes pour consolider la r\u00e9silience de la CEMAC dans un contexte global incertain.<\/h3>\n<p>La Banque des \u00c9tats de l\u2019Afrique Centrale (BEAC) s\u2019est invit\u00e9e au c\u0153ur des d\u00e9bats \u00e9conomiques mondiaux lors des R\u00e9unions de printemps 2026 du FMI et de la Banque mondiale, tenues du 13 au 17 avril \u00e0 Washington. Conduite par son gouverneur, Yvon Sana Bangui, la d\u00e9l\u00e9gation a port\u00e9 la voix d\u2019une sous-r\u00e9gion en qu\u00eate de stabilit\u00e9 durable, \u00e0 l\u2019heure o\u00f9 les tensions g\u00e9opolitiques et les chocs \u00e9nerg\u00e9tiques redessinent les \u00e9quilibres \u00e9conomiques.<\/p>\n<p>Au centre des \u00e9changes : inflation persistante, acc\u00e8s au financement et vuln\u00e9rabilit\u00e9 des \u00e9conomies face aux crises externes, notamment celles li\u00e9es au conflit au Moyen-Orient. Les discussions ont \u00e9galement insist\u00e9 sur l\u2019urgence d\u2019acc\u00e9l\u00e9rer les r\u00e9formes structurelles pour stimuler l\u2019investissement priv\u00e9, cr\u00e9er des emplois et soutenir une croissance inclusive.<\/p>\n<div readability=\"7\">\n<p>LA SUITE APR\u00c8S LA PUBLICIT\u00c9<\/p>\n<p><ins class=\"adsbygoogle\" data-ad-client=\"ca-pub-9760088965124508\" data-ad-slot=\"2140806877\"\/><br \/>\n<\/div>\n<p>Face aux responsables du FMI et de la Banque mondiale, la BEAC a mis en avant les progr\u00e8s enregistr\u00e9s dans la CEMAC. Poursuite des programmes avec le FMI, am\u00e9lioration de la production statistique, renforcement de la supervision bancaire via la COBAC, application plus rigoureuse de la r\u00e9glementation des changes : autant de signaux destin\u00e9s \u00e0 rassurer les partenaires.<\/p>\n<p>Le gouverneur a r\u00e9affirm\u00e9 l\u2019engagement des \u00c9tats \u00e0 appliquer les d\u00e9cisions issues du sommet extraordinaire de janvier 2026 \u00e0 Brazzaville, pierre angulaire du redressement r\u00e9gional. La consolidation du r\u00f4le de la BDEAC et les avanc\u00e9es en mati\u00e8re d\u2019inclusion financi\u00e8re et de digitalisation figurent \u00e9galement parmi les priorit\u00e9s.<\/p>\n<p>En marge des r\u00e9unions, la BEAC a multipli\u00e9 les \u00e9changes avec des acteurs bancaires internationaux et des partenaires techniques, abordant des projets concrets de coop\u00e9ration. Sur le dossier sensible des fonds de restauration des sites extractifs, l\u2019institution a clarifi\u00e9 sa position : les n\u00e9gociations se poursuivront au niveau bilat\u00e9ral, avec un appui technique de la banque centrale, tout en pr\u00e9servant son immunit\u00e9 d\u2019ex\u00e9cution.<br \/>Dans un environnement mondial instable, la BEAC entend ainsi consolider son r\u00f4le de garant de la stabilit\u00e9 financi\u00e8re sous-r\u00e9gionale, tout en renfor\u00e7ant la cr\u00e9dibilit\u00e9 \u00e9conomique de la CEMAC.<\/p>\n<p>Auteur: Arnaud Nicolas MAWEL<br \/>\n<a href=\"https:\/\/fr.journalducameroun.com\/secousses-economiques-la-beac-muscle-sa-strategie-a-washington\/\">Cliquez ici pour lire l&rsquo;article depuis sa source.<\/a><\/p>\n","protected":false},"excerpt":{"rendered":"<p>R\u00e9unie avec les grandes institutions financi\u00e8res internationales, la BEAC a d\u00e9fendu \u00e0 Washington une ligne de fermet\u00e9 et de r\u00e9formes pour consolider la r\u00e9silience de la CEMAC dans un contexte global incertain. La Banque des \u00c9tats de l\u2019Afrique Centrale (BEAC) s\u2019est invit\u00e9e au c\u0153ur des d\u00e9bats \u00e9conomiques mondiaux lors des R\u00e9unions de printemps 2026 du [&hellip;]<\/p>\n","protected":false},"author":1965,"featured_media":185278,"comment_status":"closed","ping_status":"closed","sticky":false,"template":"","format":"standard","meta":{"fifu_image_url":"https:\/\/fr.journalducameroun.com\/wp-content\/uploads\/2026\/04\/BEAC-INANCE.jpeg","fifu_image_alt":"Secousses \u00e9conomiques: La BEAC muscle sa strat\u00e9gie \u00e0 Washington","footnotes":""},"categories":[73,82],"tags":[],"class_list":["post-185277","post","type-post","status-publish","format-standard","has-post-thumbnail","hentry","category-actualite","category-cameroun"],"_links":{"self":[{"href":"https:\/\/linitiative.ca\/International\/wp-json\/wp\/v2\/posts\/185277","targetHints":{"allow":["GET"]}}],"collection":[{"href":"https:\/\/linitiative.ca\/International\/wp-json\/wp\/v2\/posts"}],"about":[{"href":"https:\/\/linitiative.ca\/International\/wp-json\/wp\/v2\/types\/post"}],"author":[{"embeddable":true,"href":"https:\/\/linitiative.ca\/International\/wp-json\/wp\/v2\/users\/1965"}],"replies":[{"embeddable":true,"href":"https:\/\/linitiative.ca\/International\/wp-json\/wp\/v2\/comments?post=185277"}],"version-history":[{"count":0,"href":"https:\/\/linitiative.ca\/International\/wp-json\/wp\/v2\/posts\/185277\/revisions"}],"wp:featuredmedia":[{"embeddable":true,"href":"https:\/\/linitiative.ca\/International\/wp-json\/wp\/v2\/media\/185278"}],"wp:attachment":[{"href":"https:\/\/linitiative.ca\/International\/wp-json\/wp\/v2\/media?parent=185277"}],"wp:term":[{"taxonomy":"category","embeddable":true,"href":"https:\/\/linitiative.ca\/International\/wp-json\/wp\/v2\/categories?post=185277"},{"taxonomy":"post_tag","embeddable":true,"href":"https:\/\/linitiative.ca\/International\/wp-json\/wp\/v2\/tags?post=185277"}],"curies":[{"name":"wp","href":"https:\/\/api.w.org\/{rel}","templated":true}]}}