{"id":185279,"date":"2026-04-27T06:05:57","date_gmt":"2026-04-27T10:05:57","guid":{"rendered":"https:\/\/linitiative.ca\/International\/cemac-le-choc-petrolier-ravive-les-equilibres-fragiles\/"},"modified":"2026-04-27T06:05:57","modified_gmt":"2026-04-27T10:05:57","slug":"cemac-le-choc-petrolier-ravive-les-equilibres-fragiles","status":"publish","type":"post","link":"https:\/\/linitiative.ca\/International\/cemac-le-choc-petrolier-ravive-les-equilibres-fragiles\/","title":{"rendered":"CEMAC : le choc p\u00e9trolier ravive les \u00e9quilibres fragiles"},"content":{"rendered":"<h3>Entre reflux des r\u00e9serves de change et risque de pouss\u00e9e inflationniste, la sous-r\u00e9gion CEMAC aborde 2026 sous tension. Une \u00e9ventuelle hausse des cours des hydrocarbures pourrait offrir un r\u00e9pit, sans dissiper les vuln\u00e9rabilit\u00e9s structurelles.<\/h3>\n<p>La Communaut\u00e9 \u00e9conomique et mon\u00e9taire de l\u2019Afrique centrale (CEMAC) entre dans une zone d\u2019incertitude. D\u2019un c\u00f4t\u00e9, l\u2019\u00e9rosion r\u00e9cente des r\u00e9serves de change interroge la solidit\u00e9 ext\u00e9rieure ; de l\u2019autre, la remont\u00e9e attendue des prix internationaux de l\u2019\u00e9nergie fait planer un risque inflationniste renouvel\u00e9.<\/p>\n<p>Au 31 octobre 2025, les r\u00e9serves de change se sont \u00e9tablies \u00e0 6 203 milliards de FCFA, en recul de 146 milliards sur un an et de 1 133 milliards depuis fin 2024. Une contraction imputable, selon le minist\u00e8re des Finances, \u00e0 \u00ab des transferts nets n\u00e9gatifs cumul\u00e9s de 1 300 milliards \u00bb, dans un contexte marqu\u00e9 par la baisse des cours du p\u00e9trole, des d\u00e9ficits commerciaux persistants et des r\u00e8glements accrus des engagements ext\u00e9rieurs. Si cette \u00e9volution n\u2019entame pas encore la stabilit\u00e9 ext\u00e9rieure, elle r\u00e9duit les marges de man\u0153uvre \u00e0 l\u2019approche d\u2019\u00e9ch\u00e9ances importantes de dette en 2026, synonymes de sorties de devises.<\/p>\n<div readability=\"7\">\n<p>LA SUITE APR\u00c8S LA PUBLICIT\u00c9<\/p>\n<p><ins class=\"adsbygoogle\" data-ad-client=\"ca-pub-9760088965124508\" data-ad-slot=\"2140806877\"\/><br \/>\n<\/div>\n<p>Dans ce paysage contraint, la hausse des prix des hydrocarbures li\u00e9e aux tensions g\u00e9opolitiques pourrait jouer un r\u00f4le d\u2019amortisseur. Exportatrice nette de p\u00e9trole et de gaz, la sous-r\u00e9gion tirerait parti d\u2019un regain de recettes en devises, premi\u00e8re source d\u2019alimentation des r\u00e9serves. Le minist\u00e8re des Finances nuance toutefois cet espoir : \u00ab le risque li\u00e9 au transport pourrait affecter les exportations \u00bb, limitant l\u2019effet positif attendu.<\/p>\n<p>Mais ce possible r\u00e9pit ext\u00e9rieur s\u2019accompagne d\u2019un revers int\u00e9rieur. La flamb\u00e9e des co\u00fbts \u00e9nerg\u00e9tiques, conjugu\u00e9e aux perturbations des cha\u00eenes d\u2019approvisionnement, devrait rench\u00e9rir les importations et, par ricochet, les prix domestiques. Une dynamique pr\u00e9occupante pour des \u00e9conomies encore d\u00e9pendantes de l\u2019ext\u00e9rieur.<\/p>\n<p>Apr\u00e8s un pic \u00e0 5,6 % en 2022 et 2023, l\u2019inflation avait \u00e9t\u00e9 ramen\u00e9e \u00e0 2,2 % en 2025, sous le seuil communautaire, gr\u00e2ce aux mesures publiques et mon\u00e9taires. La Banque des \u00c9tats de l\u2019Afrique centrale (BEAC) tablait sur 2,7 % en 2026. Mais la hausse attendue des carburants pourrait enrayer cette d\u00e9sinflation. Les co\u00fbts de transport, en particulier, risquent de diffuser la pression sur l\u2019ensemble des secteurs.<\/p>\n<p>Entre soutien conjoncturel et fragilit\u00e9s persistantes, la CEMAC avance ainsi sur une ligne de cr\u00eate, o\u00f9 chaque choc externe recompose les \u00e9quilibres internes.<\/p>\n<p>Auteur: Arnaud Nicolas MAWEL<br \/>\n<a href=\"https:\/\/fr.journalducameroun.com\/cemac-le-choc-petrolier-ravive-les-equilibres-fragiles\/\">Cliquez ici pour lire l&rsquo;article depuis sa source.<\/a><\/p>\n","protected":false},"excerpt":{"rendered":"<p>Entre reflux des r\u00e9serves de change et risque de pouss\u00e9e inflationniste, la sous-r\u00e9gion CEMAC aborde 2026 sous tension. Une \u00e9ventuelle hausse des cours des hydrocarbures pourrait offrir un r\u00e9pit, sans dissiper les vuln\u00e9rabilit\u00e9s structurelles. La Communaut\u00e9 \u00e9conomique et mon\u00e9taire de l\u2019Afrique centrale (CEMAC) entre dans une zone d\u2019incertitude. D\u2019un c\u00f4t\u00e9, l\u2019\u00e9rosion r\u00e9cente des r\u00e9serves de [&hellip;]<\/p>\n","protected":false},"author":1965,"featured_media":185280,"comment_status":"closed","ping_status":"closed","sticky":false,"template":"","format":"standard","meta":{"fifu_image_url":"https:\/\/fr.journalducameroun.com\/wp-content\/uploads\/2026\/04\/LOUIS-PAUL-MOTAZE-DIRECT.jpeg","fifu_image_alt":"CEMAC : le choc p\u00e9trolier ravive les \u00e9quilibres fragiles","footnotes":""},"categories":[73,82],"tags":[],"class_list":["post-185279","post","type-post","status-publish","format-standard","has-post-thumbnail","hentry","category-actualite","category-cameroun"],"_links":{"self":[{"href":"https:\/\/linitiative.ca\/International\/wp-json\/wp\/v2\/posts\/185279","targetHints":{"allow":["GET"]}}],"collection":[{"href":"https:\/\/linitiative.ca\/International\/wp-json\/wp\/v2\/posts"}],"about":[{"href":"https:\/\/linitiative.ca\/International\/wp-json\/wp\/v2\/types\/post"}],"author":[{"embeddable":true,"href":"https:\/\/linitiative.ca\/International\/wp-json\/wp\/v2\/users\/1965"}],"replies":[{"embeddable":true,"href":"https:\/\/linitiative.ca\/International\/wp-json\/wp\/v2\/comments?post=185279"}],"version-history":[{"count":0,"href":"https:\/\/linitiative.ca\/International\/wp-json\/wp\/v2\/posts\/185279\/revisions"}],"wp:featuredmedia":[{"embeddable":true,"href":"https:\/\/linitiative.ca\/International\/wp-json\/wp\/v2\/media\/185280"}],"wp:attachment":[{"href":"https:\/\/linitiative.ca\/International\/wp-json\/wp\/v2\/media?parent=185279"}],"wp:term":[{"taxonomy":"category","embeddable":true,"href":"https:\/\/linitiative.ca\/International\/wp-json\/wp\/v2\/categories?post=185279"},{"taxonomy":"post_tag","embeddable":true,"href":"https:\/\/linitiative.ca\/International\/wp-json\/wp\/v2\/tags?post=185279"}],"curies":[{"name":"wp","href":"https:\/\/api.w.org\/{rel}","templated":true}]}}