{"id":185281,"date":"2026-04-27T06:08:44","date_gmt":"2026-04-27T10:08:44","guid":{"rendered":"https:\/\/linitiative.ca\/International\/conflit-au-moyen-orient-un-choc-externe-aux-repercussions-bien-reelles-pour-leconomie-camerounaise\/"},"modified":"2026-04-27T06:08:44","modified_gmt":"2026-04-27T10:08:44","slug":"conflit-au-moyen-orient-un-choc-externe-aux-repercussions-bien-reelles-pour-leconomie-camerounaise","status":"publish","type":"post","link":"https:\/\/linitiative.ca\/International\/conflit-au-moyen-orient-un-choc-externe-aux-repercussions-bien-reelles-pour-leconomie-camerounaise\/","title":{"rendered":"Conflit au Moyen-Orient : un choc externe aux r\u00e9percussions bien r\u00e9elles pour l\u2019\u00e9conomie camerounaise"},"content":{"rendered":"<h2>Malgr\u00e9 des \u00e9changes directs limit\u00e9s avec la r\u00e9gion, le Cameroun reste expos\u00e9 aux effets indirects d\u2019une crise \u00e9nerg\u00e9tique mondiale qui pourrait raviver tensions inflationnistes et perturbations d\u2019approvisionnement.<\/h2>\n<p>L\u2019escalade militaire d\u00e9clench\u00e9e le 28 f\u00e9vrier 2026 entre les \u00c9tats-Unis, Isra\u00ebl et l\u2019Iran fait peser une menace s\u00e9rieuse sur les \u00e9quilibres \u00e9conomiques mondiaux. Pour le Cameroun, l\u2019impact direct pourrait sembler contenu. \u00ab Les \u00e9changes avec les pays du Moyen-Orient ne d\u00e9passent pas 3 % du commerce ext\u00e9rieur \u00bb, souligne le minist\u00e8re des Finances, laissant entrevoir une exposition commerciale limit\u00e9e.<\/p>\n<p>Dans les faits, les exportations camerounaises vers cette zone restent modestes, inf\u00e9rieures \u00e0 30 milliards de FCFA, domin\u00e9es par le cacao et le gaz naturel liqu\u00e9fi\u00e9. En revanche, la d\u00e9pendance aux importations est bien plus significative. Chaque ann\u00e9e, pr\u00e8s de 200 milliards de FCFA de biens sont import\u00e9s depuis ces pays, dont 120 milliards en carburants et lubrifiants, repr\u00e9sentant 12 % de la consommation nationale.<\/p>\n<div readability=\"7\">\n<p>LA SUITE APR\u00c8S LA PUBLICIT\u00c9<\/p>\n<p><ins class=\"adsbygoogle\" data-ad-client=\"ca-pub-9760088965124508\" data-ad-slot=\"2140806877\"\/><br \/>\n<\/div>\n<p>\u00ab Le remplacement de ces circuits d\u2019approvisionnement pourrait engendrer des surco\u00fbts importants \u00bb, avertit le minist\u00e8re des Finances, avec des r\u00e9percussions attendues sur les prix \u00e0 la pompe, mais aussi sur des intrants strat\u00e9giques comme les engrais, en pleine p\u00e9riode de semis.<\/p>\n<p>Au-del\u00e0 de ces effets directs, le principal risque r\u00e9side dans les canaux indirects. Les grandes puissances \u00e9conomiques comme la Chine, Union europ\u00e9enne, Inde ou \u00c9tats-Unis fortement d\u00e9pendantes du p\u00e9trole du Golfe, sont aussi les partenaires cl\u00e9s du Cameroun. Toute perturbation de leurs approvisionnements se r\u00e9percutera m\u00e9caniquement sur les co\u00fbts et les flux commerciaux.<\/p>\n<p>D\u00e9j\u00e0, les importations camerounaises de carburants, estim\u00e9es \u00e0 974 milliards de FCFA en 2024 et 788 milliards en 2025, proviennent majoritairement de pays tiers comme la Belgique (36 %), les \u00c9tats-Unis (9 %) ou l\u2019Inde (8,5 %). \u00ab Ces partenaires constituent des vecteurs de transmission des chocs ext\u00e9rieurs \u00bb, pr\u00e9cise le minist\u00e8re.<\/p>\n<p>L\u2019exp\u00e9rience r\u00e9cente du conflit russo-ukrainien a d\u00e9montr\u00e9 la vuln\u00e9rabilit\u00e9 de la zone CEMAC face aux crises globales. Hausse des prix \u00e9nerg\u00e9tiques, tensions logistiques et inflation import\u00e9e avaient durement affect\u00e9 l\u2019\u00e9conomie camerounaise.<br \/>Dans ce contexte, la dur\u00e9e du conflit au Moyen-Orient sera d\u00e9terminante. Une crise prolong\u00e9e pourrait raviver ces d\u00e9s\u00e9quilibres, accentuant la pression sur les finances publiques et le pouvoir d\u2019achat des m\u00e9nages.<\/p>\n<p>Auteur: Arnaud Nicolas MAWEL<br \/>\n<a href=\"https:\/\/fr.journalducameroun.com\/conflit-au-moyen-orient-un-choc-externe-aux-repercussions-bien-reelles-pour-leconomie-camerounaise\/\">Cliquez ici pour lire l&rsquo;article depuis sa source.<\/a><\/p>\n","protected":false},"excerpt":{"rendered":"<p>Malgr\u00e9 des \u00e9changes directs limit\u00e9s avec la r\u00e9gion, le Cameroun reste expos\u00e9 aux effets indirects d\u2019une crise \u00e9nerg\u00e9tique mondiale qui pourrait raviver tensions inflationnistes et perturbations d\u2019approvisionnement. L\u2019escalade militaire d\u00e9clench\u00e9e le 28 f\u00e9vrier 2026 entre les \u00c9tats-Unis, Isra\u00ebl et l\u2019Iran fait peser une menace s\u00e9rieuse sur les \u00e9quilibres \u00e9conomiques mondiaux. Pour le Cameroun, l\u2019impact direct [&hellip;]<\/p>\n","protected":false},"author":1965,"featured_media":185282,"comment_status":"closed","ping_status":"closed","sticky":false,"template":"","format":"standard","meta":{"fifu_image_url":"https:\/\/fr.journalducameroun.com\/wp-content\/uploads\/2026\/04\/Eco-petrole.jpeg","fifu_image_alt":"Conflit au Moyen-Orient : un choc externe aux r\u00e9percussions bien r\u00e9elles pour l\u2019\u00e9conomie camerounaise","footnotes":""},"categories":[73,82],"tags":[],"class_list":["post-185281","post","type-post","status-publish","format-standard","has-post-thumbnail","hentry","category-actualite","category-cameroun"],"_links":{"self":[{"href":"https:\/\/linitiative.ca\/International\/wp-json\/wp\/v2\/posts\/185281","targetHints":{"allow":["GET"]}}],"collection":[{"href":"https:\/\/linitiative.ca\/International\/wp-json\/wp\/v2\/posts"}],"about":[{"href":"https:\/\/linitiative.ca\/International\/wp-json\/wp\/v2\/types\/post"}],"author":[{"embeddable":true,"href":"https:\/\/linitiative.ca\/International\/wp-json\/wp\/v2\/users\/1965"}],"replies":[{"embeddable":true,"href":"https:\/\/linitiative.ca\/International\/wp-json\/wp\/v2\/comments?post=185281"}],"version-history":[{"count":0,"href":"https:\/\/linitiative.ca\/International\/wp-json\/wp\/v2\/posts\/185281\/revisions"}],"wp:featuredmedia":[{"embeddable":true,"href":"https:\/\/linitiative.ca\/International\/wp-json\/wp\/v2\/media\/185282"}],"wp:attachment":[{"href":"https:\/\/linitiative.ca\/International\/wp-json\/wp\/v2\/media?parent=185281"}],"wp:term":[{"taxonomy":"category","embeddable":true,"href":"https:\/\/linitiative.ca\/International\/wp-json\/wp\/v2\/categories?post=185281"},{"taxonomy":"post_tag","embeddable":true,"href":"https:\/\/linitiative.ca\/International\/wp-json\/wp\/v2\/tags?post=185281"}],"curies":[{"name":"wp","href":"https:\/\/api.w.org\/{rel}","templated":true}]}}