{"id":185283,"date":"2026-04-27T08:59:46","date_gmt":"2026-04-27T12:59:46","guid":{"rendered":"https:\/\/linitiative.ca\/International\/energie-cap-sur-le-solaire-et-le-redressement-du-secteur\/"},"modified":"2026-04-27T08:59:46","modified_gmt":"2026-04-27T12:59:46","slug":"energie-cap-sur-le-solaire-et-le-redressement-du-secteur","status":"publish","type":"post","link":"https:\/\/linitiative.ca\/International\/energie-cap-sur-le-solaire-et-le-redressement-du-secteur\/","title":{"rendered":"\u00c9nergie : cap sur le solaire et le redressement du secteur"},"content":{"rendered":"<h2>Le MINEE et Premier Energies Ltd ont \u00e9chang\u00e9 sur des solutions concr\u00e8tes pour l\u2019acc\u00e8s \u00e0 l\u2019\u00e9nergie, dans un contexte de r\u00e9formes en cours.<\/h2>\n<p>Le ministre de l\u2019Eau et de l\u2019\u00c9nergie a re\u00e7u ce 27 avril une d\u00e9l\u00e9gation de Premier Energies Ltd. \u00c0 sa t\u00eate, Efi Frager, accompagn\u00e9e d\u2019Ibrahim Barry et Adrien Rebet.<br \/>Au centre des discussions, un projet de kits solaires avec pour objectif d\u2019\u00e9quiper b\u00e2timents publics et m\u00e9nages, surtout en zones rurales.<br \/>Le constat reste pos\u00e9. Le secteur \u00e9lectrique est fragilis\u00e9. Des mesures sont engag\u00e9es. Lutte contre la fraude. Ajustements tarifaires. R\u00e9vision des volumes. Renationalisation de la centrale \u00e0 gaz de Kribi. Redressement d\u2019Eneo apr\u00e8s le d\u00e9part d\u2019Actis.<br \/>Sur le terrain, des avanc\u00e9es. L\u2019interconnexion RIS\u2013RIN est r\u00e9alis\u00e9e \u00e0 35 %. Une \u00e9tape vers un r\u00e9seau unifi\u00e9.<br \/>C\u00f4t\u00e9 eau, le programme SEWASH est lanc\u00e9. Il vise un meilleur acc\u00e8s \u00e0 l\u2019eau potable et \u00e0 l\u2019assainissement.<br \/>Cap fix\u00e9 : stabiliser le secteur et retrouver l\u2019\u00e9quilibre d\u2019ici 2027.<\/p>\n<div readability=\"7\">\n<p>LA SUITE APR\u00c8S LA PUBLICIT\u00c9<\/p>\n<p><ins class=\"adsbygoogle\" data-ad-client=\"ca-pub-9760088965124508\" data-ad-slot=\"2140806877\"\/><br \/>\n<\/div>\n<p>Auteur: Arnaud Nicolas MAWEL<br \/>\n<a href=\"https:\/\/fr.journalducameroun.com\/energie-cap-sur-le-solaire-et-le-redressement-du-secteur\/\">Cliquez ici pour lire l&rsquo;article depuis sa source.<\/a><\/p>\n","protected":false},"excerpt":{"rendered":"<p>Le MINEE et Premier Energies Ltd ont \u00e9chang\u00e9 sur des solutions concr\u00e8tes pour l\u2019acc\u00e8s \u00e0 l\u2019\u00e9nergie, dans un contexte de r\u00e9formes en cours. Le ministre de l\u2019Eau et de l\u2019\u00c9nergie a re\u00e7u ce 27 avril une d\u00e9l\u00e9gation de Premier Energies Ltd. \u00c0 sa t\u00eate, Efi Frager, accompagn\u00e9e d\u2019Ibrahim Barry et Adrien Rebet.Au centre des discussions, [&hellip;]<\/p>\n","protected":false},"author":1965,"featured_media":185284,"comment_status":"closed","ping_status":"closed","sticky":false,"template":"","format":"standard","meta":{"fifu_image_url":"https:\/\/fr.journalducameroun.com\/wp-content\/uploads\/2026\/04\/MINEE-ET.jpeg","fifu_image_alt":"\u00c9nergie : cap sur le solaire et le redressement du secteur","footnotes":""},"categories":[73,82],"tags":[],"class_list":["post-185283","post","type-post","status-publish","format-standard","has-post-thumbnail","hentry","category-actualite","category-cameroun"],"_links":{"self":[{"href":"https:\/\/linitiative.ca\/International\/wp-json\/wp\/v2\/posts\/185283","targetHints":{"allow":["GET"]}}],"collection":[{"href":"https:\/\/linitiative.ca\/International\/wp-json\/wp\/v2\/posts"}],"about":[{"href":"https:\/\/linitiative.ca\/International\/wp-json\/wp\/v2\/types\/post"}],"author":[{"embeddable":true,"href":"https:\/\/linitiative.ca\/International\/wp-json\/wp\/v2\/users\/1965"}],"replies":[{"embeddable":true,"href":"https:\/\/linitiative.ca\/International\/wp-json\/wp\/v2\/comments?post=185283"}],"version-history":[{"count":0,"href":"https:\/\/linitiative.ca\/International\/wp-json\/wp\/v2\/posts\/185283\/revisions"}],"wp:featuredmedia":[{"embeddable":true,"href":"https:\/\/linitiative.ca\/International\/wp-json\/wp\/v2\/media\/185284"}],"wp:attachment":[{"href":"https:\/\/linitiative.ca\/International\/wp-json\/wp\/v2\/media?parent=185283"}],"wp:term":[{"taxonomy":"category","embeddable":true,"href":"https:\/\/linitiative.ca\/International\/wp-json\/wp\/v2\/categories?post=185283"},{"taxonomy":"post_tag","embeddable":true,"href":"https:\/\/linitiative.ca\/International\/wp-json\/wp\/v2\/tags?post=185283"}],"curies":[{"name":"wp","href":"https:\/\/api.w.org\/{rel}","templated":true}]}}