{"id":185287,"date":"2026-04-27T08:33:44","date_gmt":"2026-04-27T12:33:44","guid":{"rendered":"https:\/\/linitiative.ca\/International\/bvmac-safacam-annonce-un-dividende-2025-de-2-200-fcfa-en-hausse-de-23\/"},"modified":"2026-04-27T08:33:44","modified_gmt":"2026-04-27T12:33:44","slug":"bvmac-safacam-annonce-un-dividende-2025-de-2-200-fcfa-en-hausse-de-23","status":"publish","type":"post","link":"https:\/\/linitiative.ca\/International\/bvmac-safacam-annonce-un-dividende-2025-de-2-200-fcfa-en-hausse-de-23\/","title":{"rendered":"Bvmac : Safacam annonce un dividende 2025 de 2 200 FCFA, en hausse de 23 %"},"content":{"rendered":"<div>Safacam pr\u00e9voit de relever la r\u00e9mun\u00e9ration de ses actionnaires au titre de l\u2019exercice 2025, port\u00e9e par une am\u00e9lioration de ses r\u00e9sultats. Une annonce bien accueillie \u00e0 la BVMAC, o\u00f9 le titre s\u2019est appr\u00e9ci\u00e9, malgr\u00e9 une activit\u00e9 op\u00e9rationnelle plus mitig\u00e9e.<\/div>\n<p>Auteur: Cedrick JIONGO<br \/>\n<a href=\"https:\/\/ecomatin.net\/bvmac-safacam-annonce-un-dividende-2025-de-2-200-fcfa-en-hausse-de-23\">Cliquez ici pour lire l&rsquo;article depuis sa source.<\/a><\/p>\n","protected":false},"excerpt":{"rendered":"<p>Safacam pr\u00e9voit de relever la r\u00e9mun\u00e9ration de ses actionnaires au titre de l\u2019exercice 2025, port\u00e9e par une am\u00e9lioration de ses r\u00e9sultats. Une annonce bien accueillie \u00e0 la BVMAC, o\u00f9 le titre s\u2019est appr\u00e9ci\u00e9, malgr\u00e9 une activit\u00e9 op\u00e9rationnelle plus mitig\u00e9e. Auteur: Cedrick JIONGO Cliquez ici pour lire l&rsquo;article depuis sa source.<\/p>\n","protected":false},"author":1969,"featured_media":0,"comment_status":"closed","ping_status":"closed","sticky":false,"template":"","format":"standard","meta":{"fifu_image_url":"","fifu_image_alt":"","footnotes":""},"categories":[82,78],"tags":[],"class_list":["post-185287","post","type-post","status-publish","format-standard","hentry","category-cameroun","category-economie"],"_links":{"self":[{"href":"https:\/\/linitiative.ca\/International\/wp-json\/wp\/v2\/posts\/185287","targetHints":{"allow":["GET"]}}],"collection":[{"href":"https:\/\/linitiative.ca\/International\/wp-json\/wp\/v2\/posts"}],"about":[{"href":"https:\/\/linitiative.ca\/International\/wp-json\/wp\/v2\/types\/post"}],"author":[{"embeddable":true,"href":"https:\/\/linitiative.ca\/International\/wp-json\/wp\/v2\/users\/1969"}],"replies":[{"embeddable":true,"href":"https:\/\/linitiative.ca\/International\/wp-json\/wp\/v2\/comments?post=185287"}],"version-history":[{"count":0,"href":"https:\/\/linitiative.ca\/International\/wp-json\/wp\/v2\/posts\/185287\/revisions"}],"wp:attachment":[{"href":"https:\/\/linitiative.ca\/International\/wp-json\/wp\/v2\/media?parent=185287"}],"wp:term":[{"taxonomy":"category","embeddable":true,"href":"https:\/\/linitiative.ca\/International\/wp-json\/wp\/v2\/categories?post=185287"},{"taxonomy":"post_tag","embeddable":true,"href":"https:\/\/linitiative.ca\/International\/wp-json\/wp\/v2\/tags?post=185287"}],"curies":[{"name":"wp","href":"https:\/\/api.w.org\/{rel}","templated":true}]}}