{"id":185288,"date":"2026-04-27T11:34:52","date_gmt":"2026-04-27T15:34:52","guid":{"rendered":"https:\/\/linitiative.ca\/International\/transfert-dargent-fitch-abaisse-moneygram-a-b-fragilise-sur-le-marche-dafrique-centrale\/"},"modified":"2026-04-27T11:34:52","modified_gmt":"2026-04-27T15:34:52","slug":"transfert-dargent-fitch-abaisse-moneygram-a-b-fragilise-sur-le-marche-dafrique-centrale","status":"publish","type":"post","link":"https:\/\/linitiative.ca\/International\/transfert-dargent-fitch-abaisse-moneygram-a-b-fragilise-sur-le-marche-dafrique-centrale\/","title":{"rendered":"Transfert d\u2019argent : Fitch abaisse MoneyGram \u00e0 \u00ab B- \u00bb, fragilis\u00e9 sur le march\u00e9 d\u2019Afrique centrale"},"content":{"rendered":"<div>L\u2019agence Fitch Ratings a abaiss\u00e9 la note de l&rsquo;op\u00e9rateur am\u00e9ricain MoneyGram \u00e0 \u00ab B- \u00bb, pointant notamment des \u00ab performances financi\u00e8res d\u00e9cevantes \u00bb. Une d\u00e9cision qui intervient dans un contexte marqu\u00e9 par l\u2019arr\u00eat des transferts d\u2019argent entre les pays de la zone CEMAC.<\/div>\n<p>Auteur: Arthur WANDJI<br \/>\n<a href=\"https:\/\/ecomatin.net\/transfert-dargent-fitch-abaisse-moneygram-a-b-fragilise-sur-le-marche-dafrique-centrale\">Cliquez ici pour lire l&rsquo;article depuis sa source.<\/a><\/p>\n","protected":false},"excerpt":{"rendered":"<p>L\u2019agence Fitch Ratings a abaiss\u00e9 la note de l&rsquo;op\u00e9rateur am\u00e9ricain MoneyGram \u00e0 \u00ab B- \u00bb, pointant notamment des \u00ab performances financi\u00e8res d\u00e9cevantes \u00bb. Une d\u00e9cision qui intervient dans un contexte marqu\u00e9 par l\u2019arr\u00eat des transferts d\u2019argent entre les pays de la zone CEMAC. Auteur: Arthur WANDJI Cliquez ici pour lire l&rsquo;article depuis sa source.<\/p>\n","protected":false},"author":1969,"featured_media":0,"comment_status":"closed","ping_status":"closed","sticky":false,"template":"","format":"standard","meta":{"fifu_image_url":"","fifu_image_alt":"","footnotes":""},"categories":[82,78],"tags":[],"class_list":["post-185288","post","type-post","status-publish","format-standard","hentry","category-cameroun","category-economie"],"_links":{"self":[{"href":"https:\/\/linitiative.ca\/International\/wp-json\/wp\/v2\/posts\/185288","targetHints":{"allow":["GET"]}}],"collection":[{"href":"https:\/\/linitiative.ca\/International\/wp-json\/wp\/v2\/posts"}],"about":[{"href":"https:\/\/linitiative.ca\/International\/wp-json\/wp\/v2\/types\/post"}],"author":[{"embeddable":true,"href":"https:\/\/linitiative.ca\/International\/wp-json\/wp\/v2\/users\/1969"}],"replies":[{"embeddable":true,"href":"https:\/\/linitiative.ca\/International\/wp-json\/wp\/v2\/comments?post=185288"}],"version-history":[{"count":0,"href":"https:\/\/linitiative.ca\/International\/wp-json\/wp\/v2\/posts\/185288\/revisions"}],"wp:attachment":[{"href":"https:\/\/linitiative.ca\/International\/wp-json\/wp\/v2\/media?parent=185288"}],"wp:term":[{"taxonomy":"category","embeddable":true,"href":"https:\/\/linitiative.ca\/International\/wp-json\/wp\/v2\/categories?post=185288"},{"taxonomy":"post_tag","embeddable":true,"href":"https:\/\/linitiative.ca\/International\/wp-json\/wp\/v2\/tags?post=185288"}],"curies":[{"name":"wp","href":"https:\/\/api.w.org\/{rel}","templated":true}]}}