{"id":185290,"date":"2026-04-28T07:27:57","date_gmt":"2026-04-28T11:27:57","guid":{"rendered":"https:\/\/linitiative.ca\/International\/un-reseau-de-faux-medecins-esthetiques-demantele\/"},"modified":"2026-04-28T07:27:57","modified_gmt":"2026-04-28T11:27:57","slug":"un-reseau-de-faux-medecins-esthetiques-demantele","status":"publish","type":"post","link":"https:\/\/linitiative.ca\/International\/un-reseau-de-faux-medecins-esthetiques-demantele\/","title":{"rendered":"Un r\u00e9seau de faux m\u00e9decins esth\u00e9tiques d\u00e9mantel\u00e9"},"content":{"rendered":"<p><span><strong>Scandale<\/strong><\/span><br \/><strong>Il y a quelques semaines une affaire concernant des interventions esth\u00e9tiques ill\u00e9gales et de distribution de produits non autoris\u00e9s entre Marrakech et Casablanca a d\u00e9fray\u00e9 la chronique, apr\u00e8s l\u2019arrestation d\u2019un couple \u00e9tranger. L\u2019affaire est loin d\u2019\u00eatre finie puisque les enqu\u00eateurs ont arr\u00eat\u00e9, samedi dernier, \u00e0 Marrakech, le g\u00e9rant d\u2019un salon de beaut\u00e9 et la fermeture imm\u00e9diate de son \u00e9tablissement.<\/strong><\/p>\n<p>L\u2019affaire a commenc\u00e9, il y a quelques semaines, avec une descente effectu\u00e9e par les \u00e9l\u00e9ments du centre judiciaire de la gendarmerie royale \u00e0 Marrakech dans une villa soup\u00e7onn\u00e9e d\u2019abriter des activit\u00e9s illicites concernant des interventions esth\u00e9tiques ill\u00e9gales. La perquisition effectu\u00e9e par les limiers a \u00e9t\u00e9 sold\u00e9e par la saisie et l\u2019examen de t\u00e9l\u00e9phones portables. Ils sont tomb\u00e9s sur des photos et vid\u00e9os d\u2019interventions esth\u00e9tiques douteuses, de stocks de produits cosm\u00e9tiques non homologu\u00e9s, des seringues destin\u00e9es \u00e0 l\u2019injection labiale et au gonflement fessier et des produits utilis\u00e9s dans le botox, ainsi que des m\u00e9dicaments d\u2019origine inconnue. De plus, le stockage de ces produits a \u00e9t\u00e9 effectu\u00e9 dans des conditions qui ne respectent pas les normes \u00e9l\u00e9mentaires de conservation, ni de temp\u00e9rature ad\u00e9quate, ni d\u2019hygi\u00e8ne, ni de conditionnement appropri\u00e9. Des objets d\u2019injection potentiellement non st\u00e9rilis\u00e9s ont \u00e9galement \u00e9t\u00e9 saisis. Aussit\u00f4t, les propri\u00e9taires de la villa, un couple \u00e9tranger, ont \u00e9t\u00e9 arr\u00eat\u00e9s et plac\u00e9s en garde \u00e0 vue. Lors de leur interrogatoire, le couple a r\u00e9v\u00e9l\u00e9 l\u2019existence d\u2019une activit\u00e9 similaire \u00e0 Casablanca. Pas une seconde \u00e0 perdre, les enqu\u00eateurs de la gendarmerie royale se sont rendus au quartier Ma\u00e2rif, \u00e0 Casablanca, o\u00f9 ils ont d\u00e9couvert un appartement am\u00e9nag\u00e9 en cabinet m\u00e9dical non autoris\u00e9. L\u2019enqu\u00eate a permis de savoir que la suspecte officiait \u00e0 l\u2019aide d\u2019un faux dipl\u00f4me, en violation de la r\u00e9glementation encadrant l\u2019exercice de la m\u00e9decine esth\u00e9tique.<br \/>Lors de leurs interrogatoires, le couple a avou\u00e9 \u00e9galement avoir approvisionn\u00e9 plusieurs salons de beaut\u00e9 \u00e0 Marrakech et \u00e0 Casablanca en produits prohib\u00e9s. L\u2019un d\u2019eux, situ\u00e9 \u00e0 la place Jama\u00e2 El Fna, a \u00e9t\u00e9 aussit\u00f4t identifi\u00e9. Son propri\u00e9taire a \u00e9t\u00e9 arr\u00eat\u00e9, samedi dernier, et d\u2019importantes quantit\u00e9s des m\u00eames substances ont \u00e9t\u00e9 saisies. Des experts ainsi que des repr\u00e9sentants de l\u2019Ordre des m\u00e9decins et des pharmaciens sont mobilis\u00e9s pour \u00e9valuer la dangerosit\u00e9 des produits saisis.<br \/>Actuellement trois suspects sont impliqu\u00e9s dans cette affaire dont la ressortissante \u00e9trang\u00e8re, son mari et le propri\u00e9taire d\u2019un salon de beaut\u00e9 \u00e0 Marrakech. L\u2019enqu\u00eate judiciaire se poursuit encore afin d\u2019identifier l\u2019ensemble des \u00e9tablissements ayant b\u00e9n\u00e9fici\u00e9 des services ou des produits du r\u00e9seau d\u00e9mantel\u00e9.<\/p>\n<p>Auteur: Abderrafii ALOUMLIKI<br \/>\n<a href=\"https:\/\/aujourdhui.ma\/faits-divers\/un-reseau-de-faux-medecins-esthetiques-demantele\">Cliquez ici pour lire l&rsquo;article depuis sa source.<\/a><\/p>\n","protected":false},"excerpt":{"rendered":"<p>ScandaleIl y a quelques semaines une affaire concernant des interventions esth\u00e9tiques ill\u00e9gales et de distribution de produits non autoris\u00e9s entre Marrakech et Casablanca a d\u00e9fray\u00e9 la chronique, apr\u00e8s l\u2019arrestation d\u2019un couple \u00e9tranger. L\u2019affaire est loin d\u2019\u00eatre finie puisque les enqu\u00eateurs ont arr\u00eat\u00e9, samedi dernier, \u00e0 Marrakech, le g\u00e9rant d\u2019un salon de beaut\u00e9 et la fermeture [&hellip;]<\/p>\n","protected":false},"author":1759,"featured_media":185291,"comment_status":"closed","ping_status":"closed","sticky":false,"template":"","format":"standard","meta":{"fifu_image_url":"https:\/\/aujourdhui.ma\/wp-content\/uploads\/2025\/05\/Arrestation1-large.png","fifu_image_alt":"Un r\u00e9seau de faux m\u00e9decins esth\u00e9tiques d\u00e9mantel\u00e9","footnotes":""},"categories":[73,54],"tags":[],"class_list":["post-185290","post","type-post","status-publish","format-standard","has-post-thumbnail","hentry","category-actualite","category-maroc"],"_links":{"self":[{"href":"https:\/\/linitiative.ca\/International\/wp-json\/wp\/v2\/posts\/185290","targetHints":{"allow":["GET"]}}],"collection":[{"href":"https:\/\/linitiative.ca\/International\/wp-json\/wp\/v2\/posts"}],"about":[{"href":"https:\/\/linitiative.ca\/International\/wp-json\/wp\/v2\/types\/post"}],"author":[{"embeddable":true,"href":"https:\/\/linitiative.ca\/International\/wp-json\/wp\/v2\/users\/1759"}],"replies":[{"embeddable":true,"href":"https:\/\/linitiative.ca\/International\/wp-json\/wp\/v2\/comments?post=185290"}],"version-history":[{"count":0,"href":"https:\/\/linitiative.ca\/International\/wp-json\/wp\/v2\/posts\/185290\/revisions"}],"wp:featuredmedia":[{"embeddable":true,"href":"https:\/\/linitiative.ca\/International\/wp-json\/wp\/v2\/media\/185291"}],"wp:attachment":[{"href":"https:\/\/linitiative.ca\/International\/wp-json\/wp\/v2\/media?parent=185290"}],"wp:term":[{"taxonomy":"category","embeddable":true,"href":"https:\/\/linitiative.ca\/International\/wp-json\/wp\/v2\/categories?post=185290"},{"taxonomy":"post_tag","embeddable":true,"href":"https:\/\/linitiative.ca\/International\/wp-json\/wp\/v2\/tags?post=185290"}],"curies":[{"name":"wp","href":"https:\/\/api.w.org\/{rel}","templated":true}]}}