{"id":185292,"date":"2026-04-28T07:28:52","date_gmt":"2026-04-28T11:28:52","guid":{"rendered":"https:\/\/linitiative.ca\/International\/fes-un-mort-et-un-blesse-dans-une-rixe-entre-deux-fratries\/"},"modified":"2026-04-28T07:28:52","modified_gmt":"2026-04-28T11:28:52","slug":"fes-un-mort-et-un-blesse-dans-une-rixe-entre-deux-fratries","status":"publish","type":"post","link":"https:\/\/linitiative.ca\/International\/fes-un-mort-et-un-blesse-dans-une-rixe-entre-deux-fratries\/","title":{"rendered":"F\u00e8s : Un mort et un bless\u00e9  dans une rixe entre deux fratries"},"content":{"rendered":"<p><strong>Homicide<\/strong><br \/>Une altercation qui a eu lieu, la nuit de jeudi \u00e0 vendredi, 23 \u00e0 24 avril, au quartier Bourniyet relevant de l\u2019arrondissement Al-Mariniyine \u00e0 F\u00e8s, a d\u00e9g\u00e9n\u00e9r\u00e9 en un affrontement meurtrier, faisant un mort et un bless\u00e9. En effet, aux alentours d\u2019une heure du matin, une dispute a oppos\u00e9 deux paires de fr\u00e8res avant de virer en une bagarre au couteau. L\u2019un des protagonistes a re\u00e7u un coup en pleine poitrine. \u00c9vacu\u00e9 dans un \u00e9tat critique vers l\u2019h\u00f4pital Hassan II de F\u00e8s, il a succomb\u00e9 \u00e0 ses blessures. Son fr\u00e8re, atteint \u00e0 la main, est toujours hospitalis\u00e9.<br \/>Alert\u00e9s, les \u00e9l\u00e9ments de la police judiciaire pr\u00e9fectorale sont intervenus rapidement. Le mis en cause principal a \u00e9t\u00e9 arr\u00eat\u00e9, tandis que les recherches se poursuivent activement pour interpeller un second mis en cause, actuellement en fuite. Une autopsie a \u00e9t\u00e9 ordonn\u00e9e par le parquet g\u00e9n\u00e9ral et l\u2019enqu\u00eate est toujours en cours afin d\u2019\u00e9tablir les circonstances du drame et de d\u00e9terminer les responsabilit\u00e9s.<\/p>\n<p>Auteur: Abderrafii ALOUMLIKI<br \/>\n<a href=\"https:\/\/aujourdhui.ma\/faits-divers\/fes-un-mort-et-un-blesse-dans-une-rixe-entre-deux-fratries\">Cliquez ici pour lire l&rsquo;article depuis sa source.<\/a><\/p>\n","protected":false},"excerpt":{"rendered":"<p>HomicideUne altercation qui a eu lieu, la nuit de jeudi \u00e0 vendredi, 23 \u00e0 24 avril, au quartier Bourniyet relevant de l\u2019arrondissement Al-Mariniyine \u00e0 F\u00e8s, a d\u00e9g\u00e9n\u00e9r\u00e9 en un affrontement meurtrier, faisant un mort et un bless\u00e9. En effet, aux alentours d\u2019une heure du matin, une dispute a oppos\u00e9 deux paires de fr\u00e8res avant de [&hellip;]<\/p>\n","protected":false},"author":1759,"featured_media":185293,"comment_status":"closed","ping_status":"closed","sticky":false,"template":"","format":"standard","meta":{"fifu_image_url":"https:\/\/aujourdhui.ma\/wp-content\/uploads\/2016\/09\/Couteau-Crime-Tueur.jpg","fifu_image_alt":"F\u00e8s : Un mort et un bless\u00e9  dans une rixe entre deux fratries","footnotes":""},"categories":[73,54],"tags":[],"class_list":["post-185292","post","type-post","status-publish","format-standard","has-post-thumbnail","hentry","category-actualite","category-maroc"],"_links":{"self":[{"href":"https:\/\/linitiative.ca\/International\/wp-json\/wp\/v2\/posts\/185292","targetHints":{"allow":["GET"]}}],"collection":[{"href":"https:\/\/linitiative.ca\/International\/wp-json\/wp\/v2\/posts"}],"about":[{"href":"https:\/\/linitiative.ca\/International\/wp-json\/wp\/v2\/types\/post"}],"author":[{"embeddable":true,"href":"https:\/\/linitiative.ca\/International\/wp-json\/wp\/v2\/users\/1759"}],"replies":[{"embeddable":true,"href":"https:\/\/linitiative.ca\/International\/wp-json\/wp\/v2\/comments?post=185292"}],"version-history":[{"count":0,"href":"https:\/\/linitiative.ca\/International\/wp-json\/wp\/v2\/posts\/185292\/revisions"}],"wp:featuredmedia":[{"embeddable":true,"href":"https:\/\/linitiative.ca\/International\/wp-json\/wp\/v2\/media\/185293"}],"wp:attachment":[{"href":"https:\/\/linitiative.ca\/International\/wp-json\/wp\/v2\/media?parent=185292"}],"wp:term":[{"taxonomy":"category","embeddable":true,"href":"https:\/\/linitiative.ca\/International\/wp-json\/wp\/v2\/categories?post=185292"},{"taxonomy":"post_tag","embeddable":true,"href":"https:\/\/linitiative.ca\/International\/wp-json\/wp\/v2\/tags?post=185292"}],"curies":[{"name":"wp","href":"https:\/\/api.w.org\/{rel}","templated":true}]}}