{"id":185294,"date":"2026-04-28T07:34:33","date_gmt":"2026-04-28T11:34:33","guid":{"rendered":"https:\/\/linitiative.ca\/International\/ain-leuh-un-pharmacien-arrete-pour-vente-de-psychotropes-sans-ordonnance\/"},"modified":"2026-04-28T07:34:33","modified_gmt":"2026-04-28T11:34:33","slug":"ain-leuh-un-pharmacien-arrete-pour-vente-de-psychotropes-sans-ordonnance","status":"publish","type":"post","link":"https:\/\/linitiative.ca\/International\/ain-leuh-un-pharmacien-arrete-pour-vente-de-psychotropes-sans-ordonnance\/","title":{"rendered":"A\u00efn Leuh : Un pharmacien arr\u00eat\u00e9 pour vente de psychotropes sans ordonnance"},"content":{"rendered":"<p><strong>Drogue<\/strong><br \/>Pour trafic de drogue, un pharmacien et son employ\u00e9 ont \u00e9t\u00e9 arr\u00eat\u00e9s \u00e0 A\u00efn Leuh qui rel\u00e8ve de la province d\u2019Ifrane.<br \/>L\u2019affaire remonte au jeudi 23 avril lorsque trois jeunes hommes ont \u00e9t\u00e9 arr\u00eat\u00e9s en flagrant d\u00e9lit de consommation de comprim\u00e9s psychotropes. Soumis aux interrogatoires, ils ont facilement d\u00e9voil\u00e9 leur fournisseur, une pharmacie locale. Le lendemain, vendredi 24 avril, les gendarmes ont proc\u00e9d\u00e9 \u00e0 l\u2019arrestation du pharmacien et d\u2019un de ses employ\u00e9s, soup\u00e7onn\u00e9s de d\u00e9livrer des m\u00e9dicaments psychotropes sans exiger de prescription m\u00e9dicale, en violation flagrante de la r\u00e9glementation pharmaceutique et de la l\u00e9gislation sur les substances toxiques.<br \/>A la suite des instructions du parquet, le propri\u00e9taire de l\u2019officine a \u00e9t\u00e9 laiss\u00e9 en libert\u00e9 provisoire en raison de son \u00e9tat de sant\u00e9, tandis que les enqu\u00eates se poursuivent pour \u00e9tablir l\u2019\u00e9tendue du r\u00e9seau et identifier d\u2019\u00e9ventuels autres complices.<\/p>\n<p>Auteur: Abderrafii ALOUMLIKI<br \/>\n<a href=\"https:\/\/aujourdhui.ma\/faits-divers\/ain-leuh-un-pharmacien-arrete-pour-vente-de-psychotropes-sans-ordonnance\">Cliquez ici pour lire l&rsquo;article depuis sa source.<\/a><\/p>\n","protected":false},"excerpt":{"rendered":"<p>DroguePour trafic de drogue, un pharmacien et son employ\u00e9 ont \u00e9t\u00e9 arr\u00eat\u00e9s \u00e0 A\u00efn Leuh qui rel\u00e8ve de la province d\u2019Ifrane.L\u2019affaire remonte au jeudi 23 avril lorsque trois jeunes hommes ont \u00e9t\u00e9 arr\u00eat\u00e9s en flagrant d\u00e9lit de consommation de comprim\u00e9s psychotropes. Soumis aux interrogatoires, ils ont facilement d\u00e9voil\u00e9 leur fournisseur, une pharmacie locale. Le lendemain, [&hellip;]<\/p>\n","protected":false},"author":1759,"featured_media":185295,"comment_status":"closed","ping_status":"closed","sticky":false,"template":"","format":"standard","meta":{"fifu_image_url":"https:\/\/aujourdhui.ma\/wp-content\/uploads\/2024\/08\/comprimes-psychotropes-large.jpg","fifu_image_alt":"A\u00efn Leuh : Un pharmacien arr\u00eat\u00e9 pour vente de psychotropes sans ordonnance","footnotes":""},"categories":[73,54],"tags":[],"class_list":["post-185294","post","type-post","status-publish","format-standard","has-post-thumbnail","hentry","category-actualite","category-maroc"],"_links":{"self":[{"href":"https:\/\/linitiative.ca\/International\/wp-json\/wp\/v2\/posts\/185294","targetHints":{"allow":["GET"]}}],"collection":[{"href":"https:\/\/linitiative.ca\/International\/wp-json\/wp\/v2\/posts"}],"about":[{"href":"https:\/\/linitiative.ca\/International\/wp-json\/wp\/v2\/types\/post"}],"author":[{"embeddable":true,"href":"https:\/\/linitiative.ca\/International\/wp-json\/wp\/v2\/users\/1759"}],"replies":[{"embeddable":true,"href":"https:\/\/linitiative.ca\/International\/wp-json\/wp\/v2\/comments?post=185294"}],"version-history":[{"count":0,"href":"https:\/\/linitiative.ca\/International\/wp-json\/wp\/v2\/posts\/185294\/revisions"}],"wp:featuredmedia":[{"embeddable":true,"href":"https:\/\/linitiative.ca\/International\/wp-json\/wp\/v2\/media\/185295"}],"wp:attachment":[{"href":"https:\/\/linitiative.ca\/International\/wp-json\/wp\/v2\/media?parent=185294"}],"wp:term":[{"taxonomy":"category","embeddable":true,"href":"https:\/\/linitiative.ca\/International\/wp-json\/wp\/v2\/categories?post=185294"},{"taxonomy":"post_tag","embeddable":true,"href":"https:\/\/linitiative.ca\/International\/wp-json\/wp\/v2\/tags?post=185294"}],"curies":[{"name":"wp","href":"https:\/\/api.w.org\/{rel}","templated":true}]}}