{"id":185304,"date":"2026-04-28T17:18:11","date_gmt":"2026-04-28T21:18:11","guid":{"rendered":"https:\/\/linitiative.ca\/International\/musk-vs-altman-le-choc-des-egos-au-proces-autour-dopenai\/"},"modified":"2026-04-28T17:18:11","modified_gmt":"2026-04-28T21:18:11","slug":"musk-vs-altman-le-choc-des-egos-au-proces-autour-dopenai","status":"publish","type":"post","link":"https:\/\/linitiative.ca\/International\/musk-vs-altman-le-choc-des-egos-au-proces-autour-dopenai\/","title":{"rendered":"Musk VS Altman: le choc des \u00e9gos au proc\u00e8s autour d\u2019OpenAI"},"content":{"rendered":"<p><strong>Elon Musk et Sam Altman ont pris place, mardi 28 avril, \u00e0 quelques m\u00e8tres l\u2019un de l\u2019autre pour l\u2019ouverture en Californie du proc\u00e8s dans lequel le patron de SpaceX accuse celui d\u2019OpenAI d\u2019avoir trahi la vocation non lucrative de la start-up d\u2019intelligence artificielle (IA).<\/strong><\/p>\n<p>D\u2019embl\u00e9e, la juge Yvonne Gonzalez Rogers a r\u00e9primand\u00e9 l\u2019homme le plus riche du monde et le puissant leader de l\u2019IA g\u00e9n\u00e9rative pour leurs \u00e9changes acrimonieux sur X, l\u2019ex-Twitter devenu la propri\u00e9t\u00e9 de Musk. Apr\u00e8s leur avoir fait promettre de ne plus commenter le proc\u00e8s sur les r\u00e9seaux sociaux, la magistrate f\u00e9d\u00e9rale a donn\u00e9 la parole \u00e0 l\u2019avocat d\u2019Elon Musk pour son propos introductif.<\/p>\n<p>\u00ab\u00a0Nous sommes ici aujourd\u2019hui parce que les d\u00e9fendeurs ont vol\u00e9 une organisation caritative\u00a0\u00bb, a d\u00e9clar\u00e9 Steven Molo, premier \u00e0 s\u2019exprimer avant les conseils d\u2019OpenAI et Microsoft. Elon Musk \u00ab\u00a0est une l\u00e9gende, que vous l\u2019aimiez ou non\u00a0\u00bb, a-t-il d\u00e9clar\u00e9 aux neuf jur\u00e9s.<\/p>\n<p><strong><strong>Lire aussi | <a href=\"https:\/\/www.challenge.ma\/google-lance-deux-nouvelles-puces-pour-sadapter-a-lere-des-agents-ia-319411\/#:~:text=TECH%20%2D%20NUM%C3%89RIQUE-,Google%20lance%20deux%20nouvelles%20puces%20pour%20s%E2%80%99adapter%20%C3%A0%20l%E2%80%99%C3%A8re%20des%20agents%20IA,-written%20by%20Challenge\" target=\"_blank\" rel=\"noreferrer noopener\">Google lance deux nouvelles puces pour s\u2019adapter \u00e0 l\u2019\u00e8re des agents IA<\/a><\/strong><\/strong><\/p>\n<p>Leur s\u00e9lection lundi a montr\u00e9 les importantes r\u00e9serves de citoyens am\u00e9ricains au sujet du quinquag\u00e9naire, admir\u00e9 comme entrepreneur mais critiqu\u00e9 pour son virage tr\u00e8s politis\u00e9 et son passage dans l\u2019administration Trump. Apr\u00e8s la s\u00e9lection du jury, seulement charg\u00e9 de donner un avis consultatif \u00e0 la juge qui tranchera seule, le proc\u00e8s, dans une cour f\u00e9d\u00e9rale d\u2019Oakland, entre donc dans le vif du sujet.<\/p>\n<p><strong>Qui doit contr\u00f4ler l\u2019IA ?<\/strong><\/p>\n<p>Si le temps d\u2019audience le permet, Elon Musk pourrait t\u00e9moigner d\u00e8s la fin de matin\u00e9e, pr\u00e9c\u00e9dant d\u2019autres auditions tr\u00e8s attendues de Sam Altman et de Satya Nadella, le PDG de Microsoft. Derri\u00e8re l\u2019affrontement entre ces personnalit\u00e9s devenues incontournables dans l\u2019industrie de la tech, cette affaire remet sur le devant de la sc\u00e8ne une question fondamentale: qui doit contr\u00f4ler l\u2019intelligence artificielle, et au profit de qui ?<\/p>\n<p>L\u2019histoire remonte \u00e0 2015, quand Sam Altman convainc son a\u00een\u00e9 de cofonder OpenAI, promettant un laboratoire \u00e0 but non lucratif dont \u00ab\u00a0la technologie appartiendrait au monde\u00a0\u00bb. Elon Musk y investit au moins 38 millions de dollars.<\/p>\n<p><strong>Lire aussi | <a href=\"https:\/\/www.challenge.ma\/tim-cook-quitte-apple-son-successeur-est-un-cadre-de-la-maison-319314\/#:~:text=TECH%20%2D%20NUM%C3%89RIQUE-,Tim%20Cook%20quitte%20Apple%2C%20son%20successeur%20est%20un%20cadre%20de%20la%20maison,-written%20by%20Challenge\" target=\"_blank\" rel=\"noreferrer noopener\">Tim Cook quitte Apple, son successeur est un cadre de la maison<\/a><\/strong><\/p>\n<p>Mais la rupture est consomm\u00e9e \u00e0 l\u2019hiver 2017-2018, et la fondation OpenAI cr\u00e9e sa filiale commerciale en 2019. Microsoft commence \u00e0 y investir et porte sa participation \u00e0 13 milliards de dollars (valoris\u00e9e \u00e0 environ 135 milliards d\u00e9sormais).<\/p>\n<p>Dix ans plus tard, OpenAI est devenu un colosse commercial, valoris\u00e9 \u00e0 852 milliards de dollars et sur la voie d\u2019une entr\u00e9e en bourse retentissante. Elon Musk, lui, a fini par monter son propre laboratoire, xAI.<\/p>\n<p><strong>Un proc\u00e8s et trois questions<\/strong><\/p>\n<p>En f\u00e9vrier, il l\u2019a absorb\u00e9 dans son entreprise SpaceX, elle-m\u00eame valoris\u00e9e \u00e0 1.250 milliards de dollars et dont l\u2019introduction en Bourse attendue en juin pourrait devenir la plus monumentale de l\u2019histoire du capitalisme. La juge entend trancher d\u2019ici mi-mai trois questions soulev\u00e9es par la plainte de Musk: OpenAI a-t-elle viol\u00e9 sa mission philanthropique originelle ? S\u2019est-elle enrichie injustement ? Ses liens avec Microsoft violent-ils le droit de la concurrence ?<\/p>\n<p><strong>Lire aussi |\u00a0<a href=\"https:\/\/www.challenge.ma\/professeur-edward-e-barbey-ia-cest-lavenir-civilisationnel-qui-est-en-jeu-316462\/#:~:text=TRIBUNE%20ET%20D%C3%89BATS-,Professeur%20Edward%20E.%20Barbey%3A%C2%A0%C2%ABIA%2C%20c%E2%80%99est%20l%E2%80%99avenir%20civilisationnel%20qui%20est%20en%20jeu%C2%BB,-written%20by%20Challenge\" target=\"_blank\" rel=\"noreferrer noopener\">Professeur Edward E. Barbey:\u00a0\u00abIA, c\u2019est l\u2019avenir civilisationnel qui est en jeu\u00bb<\/a><\/strong><\/p>\n<p>Outre un retour au statut non lucratif \u2013qui bloquerait l\u2019entr\u00e9e en Bourse d\u2019OpenAI\u2013, Elon Musk r\u00e9clame l\u2019\u00e9viction de Sam Altman et de Greg Brockman, cofondateur et pr\u00e9sident d\u2019OpenAI, ainsi que la rupture des liens avec Microsoft.<\/p>\n<p>OpenAI r\u00e9torque qu\u2019Elon Musk savait d\u00e9j\u00e0 en 2017 qu\u2019un tournant commercial \u00e9tait in\u00e9vitable pour obtenir les montants colossaux d\u2019investissement n\u00e9cessaires au d\u00e9veloppement de l\u2019IA, et que la rupture n\u2019a \u00e9t\u00e9 provoqu\u00e9e que par son exigence de contr\u00f4le absolu. \u00ab\u00a0Cette affaire a toujours \u00e9t\u00e9 motiv\u00e9e par l\u2019ego, la jalousie et le d\u00e9sir de ralentir un concurrent\u00a0\u00bb, a r\u00e9agi l\u2019entreprise en avril, dans une allusion sans ambigu\u00eft\u00e9 au laboratoire d\u2019IA que Musk a fond\u00e9 apr\u00e8s sa rupture avec OpenAI.<\/p>\n<p>\u00ab\u00a0Quoi qu\u2019il en soit, Musk a les mains sales\u00a0\u00bb, estiment les avocats de Microsoft \u00e0 la proc\u00e9dure: \u00ab\u00a0C\u2019est lui-m\u00eame qui a propos\u00e9 de transformer OpenAI en +public benefit corporation+, c\u2019est-\u00e0-dire une structure \u00e0 but lucratif, et il a tent\u00e9 d\u2019adosser OpenAI \u00e0 sa propre soci\u00e9t\u00e9 \u00e0 but lucratif (Tesla)\u00a0\u00bb.<\/p>\n<p><strong>Lire aussi |\u00a0<a href=\"https:\/\/www.challenge.ma\/lia-nouveau-moteur-de-croissance-318640\/#:~:text=GITEX%20AFRICA%202026-,L%E2%80%99IA%2C%20nouveau%20moteur%20de%20croissance,-written%20by%20Wafaa\" target=\"_blank\" rel=\"noreferrer noopener\">L\u2019IA, nouveau moteur de croissance<\/a><\/strong><\/p>\n<p>S\u2019il a remport\u00e9 une victoire symbolique en obtenant l\u2019ouverture de ce proc\u00e8s, le patron de SpaceX aborde toutefois la proc\u00e9dure en position fragilis\u00e9e. La juge a largement r\u00e9duit le champ de ses griefs, rejetant plusieurs demandes cl\u00e9s de l\u2019accusation. Si le jury et la magistrate donnent raison au multimilliardaire sur le fond, c\u2019est n\u00e9anmoins seule que la juge d\u00e9cidera des cons\u00e9quences juridiques, lors d\u2019une deuxi\u00e8me phase du proc\u00e8s, pr\u00e9vue la semaine du 18 mai.<\/p>\n<p><strong>Challenge (Avec AFP)<\/strong><\/p>\n<p>Auteur: Challenge<br \/>\n<a href=\"https:\/\/www.challenge.ma\/musk-vs-altman-le-choc-des-egos-au-proces-autour-dopenai-319664\/\">Cliquez ici pour lire l&rsquo;article depuis sa source.<\/a><\/p>\n","protected":false},"excerpt":{"rendered":"<p>Elon Musk et Sam Altman ont pris place, mardi 28 avril, \u00e0 quelques m\u00e8tres l\u2019un de l\u2019autre pour l\u2019ouverture en Californie du proc\u00e8s dans lequel le patron de SpaceX accuse celui d\u2019OpenAI d\u2019avoir trahi la vocation non lucrative de la start-up d\u2019intelligence artificielle (IA). D\u2019embl\u00e9e, la juge Yvonne Gonzalez Rogers a r\u00e9primand\u00e9 l\u2019homme le plus [&hellip;]<\/p>\n","protected":false},"author":1787,"featured_media":185305,"comment_status":"closed","ping_status":"closed","sticky":false,"template":"","format":"standard","meta":{"fifu_image_url":"https:\/\/www.challenge.ma\/wp-content\/uploads\/2026\/04\/Musk-VS-Altman.png","fifu_image_alt":"Musk VS Altman: le choc des \u00e9gos au proc\u00e8s autour d\u2019OpenAI","footnotes":""},"categories":[78,54],"tags":[],"class_list":["post-185304","post","type-post","status-publish","format-standard","has-post-thumbnail","hentry","category-economie","category-maroc"],"_links":{"self":[{"href":"https:\/\/linitiative.ca\/International\/wp-json\/wp\/v2\/posts\/185304","targetHints":{"allow":["GET"]}}],"collection":[{"href":"https:\/\/linitiative.ca\/International\/wp-json\/wp\/v2\/posts"}],"about":[{"href":"https:\/\/linitiative.ca\/International\/wp-json\/wp\/v2\/types\/post"}],"author":[{"embeddable":true,"href":"https:\/\/linitiative.ca\/International\/wp-json\/wp\/v2\/users\/1787"}],"replies":[{"embeddable":true,"href":"https:\/\/linitiative.ca\/International\/wp-json\/wp\/v2\/comments?post=185304"}],"version-history":[{"count":0,"href":"https:\/\/linitiative.ca\/International\/wp-json\/wp\/v2\/posts\/185304\/revisions"}],"wp:featuredmedia":[{"embeddable":true,"href":"https:\/\/linitiative.ca\/International\/wp-json\/wp\/v2\/media\/185305"}],"wp:attachment":[{"href":"https:\/\/linitiative.ca\/International\/wp-json\/wp\/v2\/media?parent=185304"}],"wp:term":[{"taxonomy":"category","embeddable":true,"href":"https:\/\/linitiative.ca\/International\/wp-json\/wp\/v2\/categories?post=185304"},{"taxonomy":"post_tag","embeddable":true,"href":"https:\/\/linitiative.ca\/International\/wp-json\/wp\/v2\/tags?post=185304"}],"curies":[{"name":"wp","href":"https:\/\/api.w.org\/{rel}","templated":true}]}}