{"id":185306,"date":"2026-04-28T17:18:14","date_gmt":"2026-04-28T21:18:14","guid":{"rendered":"https:\/\/linitiative.ca\/International\/sahara-le-canada-soutient-le-plan-dautonomie-marocain\/"},"modified":"2026-04-28T17:18:14","modified_gmt":"2026-04-28T21:18:14","slug":"sahara-le-canada-soutient-le-plan-dautonomie-marocain","status":"publish","type":"post","link":"https:\/\/linitiative.ca\/International\/sahara-le-canada-soutient-le-plan-dautonomie-marocain\/","title":{"rendered":"Sahara: le Canada soutient le plan d\u2019autonomie marocain"},"content":{"rendered":"<p><strong>Le Canada a annonc\u00e9, mardi 28 avril, qu\u2019il reconnait le plan d\u2019autonomie pour le Sahara propos\u00e9 par le Maroc \u00abcomme base d\u2019une solution mutuellement acceptable et comme une initiative s\u00e9rieuse et cr\u00e9dible en vue d\u2019un r\u00e8glement juste et durable du conflit\u00bb.<\/strong><\/p>\n<p>Dans ce contexte, Ottawa a soulign\u00e9 \u00abla n\u00e9cessit\u00e9 de parvenir \u00e0 un r\u00e8glement politique durable, juste et mutuellement acceptable, conform\u00e9ment aux principes de la Charte des Nations Unies et aux r\u00e9solutions pertinentes du Conseil de s\u00e9curit\u00e9\u00bb, particuli\u00e8rement la r\u00e9solution 2797 du Conseil de s\u00e9curit\u00e9 des Nations unies.<\/p>\n<p>La nouvelle position de ce pays du G7, qui rejoint celle d\u2019un grand nombre de pays influents dans le monde, a \u00e9t\u00e9 exprim\u00e9e par la ministre des Affaires \u00e9trang\u00e8res Anita\u00a0Anand au cours de ses entretiens t\u00e9l\u00e9phoniques avec son homologue marocain Nasser\u00a0Bourita.<\/p>\n<p><strong>Lire aussi |\u00a0<a href=\"https:\/\/www.challenge.ma\/sahara-la-suisse-prend-une-position-historique-319538\/#:~:text=POLITIQUE-,Sahara%3A%20la%20Suisse%20prend%20une%20position%20historique,-written%20by%20Challenge\" target=\"_blank\" rel=\"noreferrer noopener\">Sahara: la Suisse prend une position historique<\/a><\/strong><\/p>\n<p>Selon un communiqu\u00e9 de la diplomatie canadienne, les deux ministres ont, par ailleurs, pass\u00e9 en revue les diff\u00e9rents aspects des relations entre le Canada et le Maroc. Ils ont r\u00e9affirm\u00e9 leur attachement \u00e0 une relation bilat\u00e9rale renouvel\u00e9e, fond\u00e9e sur le respect mutuel, le dialogue constructif et l\u2019ouverture, ainsi que leur volont\u00e9 commune de la renforcer et de lui insuffler une nouvelle dynamique en tant que partenaires.<\/p>\n<p>la ministre Anand a fait part \u00ab\u00a0de son int\u00e9r\u00eat pour effectuer une visite officielle au Maroc dans les semaines \u00e0 venir\u00a0\u00bb. C\u2019est ainsi que les deux ministres ont convenu d\u2019\u0153uvrer en ce sens afin d\u2019approfondir le dialogue sur les relations entre les deux pays et d\u2019intensifier les discussions sur le Sahara\u00bb.<\/p>\n<p>Auteur: Challenge<br \/>\n<a href=\"https:\/\/www.challenge.ma\/sahara-le-canada-soutient-le-plan-dautonomie-marocain-319667\/\">Cliquez ici pour lire l&rsquo;article depuis sa source.<\/a><\/p>\n","protected":false},"excerpt":{"rendered":"<p>Le Canada a annonc\u00e9, mardi 28 avril, qu\u2019il reconnait le plan d\u2019autonomie pour le Sahara propos\u00e9 par le Maroc \u00abcomme base d\u2019une solution mutuellement acceptable et comme une initiative s\u00e9rieuse et cr\u00e9dible en vue d\u2019un r\u00e8glement juste et durable du conflit\u00bb. Dans ce contexte, Ottawa a soulign\u00e9 \u00abla n\u00e9cessit\u00e9 de parvenir \u00e0 un r\u00e8glement politique [&hellip;]<\/p>\n","protected":false},"author":1787,"featured_media":185307,"comment_status":"closed","ping_status":"closed","sticky":false,"template":"","format":"standard","meta":{"fifu_image_url":"https:\/\/www.challenge.ma\/wp-content\/uploads\/2026\/04\/Drapeau-canadien-1.jpg","fifu_image_alt":"Sahara: le Canada soutient le plan d\u2019autonomie marocain","footnotes":""},"categories":[78,54],"tags":[],"class_list":["post-185306","post","type-post","status-publish","format-standard","has-post-thumbnail","hentry","category-economie","category-maroc"],"_links":{"self":[{"href":"https:\/\/linitiative.ca\/International\/wp-json\/wp\/v2\/posts\/185306","targetHints":{"allow":["GET"]}}],"collection":[{"href":"https:\/\/linitiative.ca\/International\/wp-json\/wp\/v2\/posts"}],"about":[{"href":"https:\/\/linitiative.ca\/International\/wp-json\/wp\/v2\/types\/post"}],"author":[{"embeddable":true,"href":"https:\/\/linitiative.ca\/International\/wp-json\/wp\/v2\/users\/1787"}],"replies":[{"embeddable":true,"href":"https:\/\/linitiative.ca\/International\/wp-json\/wp\/v2\/comments?post=185306"}],"version-history":[{"count":0,"href":"https:\/\/linitiative.ca\/International\/wp-json\/wp\/v2\/posts\/185306\/revisions"}],"wp:featuredmedia":[{"embeddable":true,"href":"https:\/\/linitiative.ca\/International\/wp-json\/wp\/v2\/media\/185307"}],"wp:attachment":[{"href":"https:\/\/linitiative.ca\/International\/wp-json\/wp\/v2\/media?parent=185306"}],"wp:term":[{"taxonomy":"category","embeddable":true,"href":"https:\/\/linitiative.ca\/International\/wp-json\/wp\/v2\/categories?post=185306"},{"taxonomy":"post_tag","embeddable":true,"href":"https:\/\/linitiative.ca\/International\/wp-json\/wp\/v2\/tags?post=185306"}],"curies":[{"name":"wp","href":"https:\/\/api.w.org\/{rel}","templated":true}]}}