{"id":185312,"date":"2026-04-28T16:37:00","date_gmt":"2026-04-28T20:37:00","guid":{"rendered":"https:\/\/linitiative.ca\/International\/gueguerre-entre-faye-sonko-le-pouvoir-en-danger\/"},"modified":"2026-04-28T16:37:00","modified_gmt":"2026-04-28T20:37:00","slug":"gueguerre-entre-faye-sonko-le-pouvoir-en-danger","status":"publish","type":"post","link":"https:\/\/linitiative.ca\/International\/gueguerre-entre-faye-sonko-le-pouvoir-en-danger\/","title":{"rendered":"GUEGUERRE ENTRE FAYE\/SONKO : Le pouvoir en danger"},"content":{"rendered":"<p><em>Afin de consolider l\u2019Etat de droit, am\u00e9liorer l\u2019inclusion politique et garantir une plus grande transparence \u00e9lectorale, le S\u00e9n\u00e9gal a entrepris des r\u00e9formes politiques et institutionnelles. Elles portent, entre autres, sur la r\u00e9vision de la Constitution, la r\u00e9forme de la Cour constitutionnelle, l\u2019adoption d\u2019un nouveau Code \u00e9lectoral avec la mise en place d\u2019une Commission \u00e9lectoralle nationale ind\u00e9pendante (CENI) ainsi que l\u2019encadrement des partis politiques. Si elles sont op\u00e9r\u00e9es, ces r\u00e9formes permettront non seulement de moderniser le syst\u00e8me politique, mais aussi de renforcer les m\u00e9canismes d\u00e9mocratiques du pays. Mais seront-elles adopt\u00e9es par l\u2019Assembl\u00e9e nationale\u00a0? On peut en douter.<\/em><\/p>\n<p><em>\u00a0<\/em><\/p>\n<p><strong><em>Le pouvoir s\u00e9n\u00e9galais est face \u00e0\u00a0 un choc des ambitions<\/em><\/strong><\/p>\n<p><em>\u00a0<\/em><\/p>\n<p><em>Car, comme on le sait, l\u2019opposition se dit ouvertement oppos\u00e9e \u00e0 la d\u00e9marche qu\u2019elle associe \u00e0 une strat\u00e9gie visant \u00e0 garantir l\u2019\u00e9ligibilit\u00e9 du Premier ministre, Ousmane Sonko, sous le coup de condamnations judiciaires. On pouvait y voir une simple posture politique de la part de l\u2019opposition si cette derni\u00e8re ne b\u00e9n\u00e9ficiait pas du soutien tacite d\u2019une frange, et pas des moindres, de la majorit\u00e9\u00a0 pr\u00e9sidentielle, en l\u2019occurrence la Coalition Diomaye pr\u00e9sident. En effet, cette derni\u00e8re, sans aller avec le dos de la cuill\u00e8re, formule beaucoup de griefs au texte port\u00e9 par des d\u00e9put\u00e9s du parti au pouvoir, d\u00e9non\u00e7ant, entre autres, l\u2019absence de concertation avec l\u2019opposition et une r\u00e9forme centr\u00e9e autour de la seule question de l\u2019\u00e9ligibilit\u00e9. La Coalition Diomaye pr\u00e9sident voudrait apporter de l\u2019eau au moulin de l\u2019opposition qu\u2019elle ne s\u2019y prendrait pas autrement. Tout se passe, en effet, comme si elle a choisi d\u2019enfoncer le clou, se d\u00e9marquant ouvertement d\u2019une r\u00e9forme port\u00e9e par le pouvoir. La Coalition Diomaye pr\u00e9sident soul\u00e8ve-t-elle, ici, un simple probl\u00e8me de m\u00e9thode comme elle tente de le faire croire\u00a0? Ou est-elle dans des calculs politiques\u00a0? En effet, quand on conna\u00eet la rivalit\u00e9, pour ainsi dire, qui existe entre le pr\u00e9sident Diomaye Faye et son Premier ministre Ousmane Sonko, on peut dire qu\u2019en toile de fond se joue une querelle de positionnement pour la pr\u00e9sidentielle de 2029. En fait, Ousmane Sonko ronge ses freins si fait qu\u2019il se voit d\u00e9j\u00e0 dans les starting-blocks alors que Diomaye Faye fait aussi des pieds et des mains pour briguer un second mandat.\u00a0<\/em> <em>C\u2019est dire si le pouvoir s\u00e9n\u00e9galais est face \u00e0\u00a0 un choc des ambitions qui le met en danger si rien n\u2019est fait pour rabibocher le duo Faye-Sonko. Le PASTEF survivra-t-il \u00e0 la gu\u00e9guerre qui oppose ses deux leaders\u00a0? On attend de voir. En tout cas, si Ousmane Sonko se targue d\u2019avoir une bonne assise politique, force est de reconna\u00eetre que Diomaye Faye ne reste pas non plus les bras crois\u00e9s. Ce dernier, \u00e0 ce qu\u2019on dit, a, ces derniers jours, discr\u00e8tement rencontr\u00e9 l\u2019ex-Premier ministre, Amadou Ba et candidat malheureux \u00e0 la derni\u00e8re pr\u00e9sidentielle. De quoi ont-ils parl\u00e9\u00a0? Myst\u00e8re et boule de gomme. Mais une chose est certaine, la politique n\u2019excluant pas d\u2019alliances entre adversaires d\u2019hier, Diomaye Faye, en cas de divorce consomm\u00e9 avec Ousmane Sonko, pourrait pactiser avec l\u2019ex-parti au pouvoir, en l\u2019occurrence l\u2019Alliance pour la R\u00e9publique (APR-Yaakaar) de Macky Sall.<\/em><\/p>\n<p><em>\u00a0<\/em><\/p>\n<p><strong><em>L\u2019attelage Faye- Sonko est en sursis<\/em><\/strong><\/p>\n<p><em>\u00a0<\/em><\/p>\n<p><em>C\u2019est dire si l\u2019attelage Faye- Sonko est en sursis. S\u2019il survit aux r\u00e9formes politiques et institutionnelles en cours et ce, gr\u00e2ce \u00e0 la force des institutions s\u00e9n\u00e9galaises,\u00a0 il se heurtera aux app\u00e9tits et aux ego surdimensionn\u00e9s des uns et des autres. A moins que prenant toute la mesure de la situation, les deux hommes ne se ravisent pendant qu\u2019il est temps en sauvant l\u2019essentiel. A d\u00e9faut, ce serait la fin des haricots avec tous les risques qui pourraient en d\u00e9couler. Ce sursaut est-il seulement possible quand on conna\u00eet le temp\u00e9rament bien tremp\u00e9 du Premier ministre Ousmane Sonko qui voit Diomaye Faye comme un pr\u00e9sident par d\u00e9faut\u00a0? N\u2019est-ce pas d\u2019ailleurs ceci qui explique cela\u00a0?<\/em><\/p>\n<p><em>\u00a0<\/em><\/p>\n<p><strong><em>\u00ab\u00a0Le Pays\u00a0\u00bb<\/em><\/strong><\/p>\n<p><em>\u00a0<\/em><\/p>\n<p>\nAuteur: Editions LEPAYS<br \/>\n<a href=\"https:\/\/lepays.bf\/gueguerre-entre-faye-sonko-le-pouvoir-en-danger\/\">Cliquez ici pour lire l&rsquo;article depuis sa source.<\/a><\/p>\n","protected":false},"excerpt":{"rendered":"<p>Afin de consolider l\u2019Etat de droit, am\u00e9liorer l\u2019inclusion politique et garantir une plus grande transparence \u00e9lectorale, le S\u00e9n\u00e9gal a entrepris des r\u00e9formes politiques et institutionnelles. Elles portent, entre autres, sur la r\u00e9vision de la Constitution, la r\u00e9forme de la Cour constitutionnelle, l\u2019adoption d\u2019un nouveau Code \u00e9lectoral avec la mise en place d\u2019une Commission \u00e9lectoralle nationale [&hellip;]<\/p>\n","protected":false},"author":1813,"featured_media":185313,"comment_status":"closed","ping_status":"closed","sticky":false,"template":"","format":"standard","meta":{"fifu_image_url":"https:\/\/lepays.bf\/wp-content\/uploads\/2026\/04\/SENEGAL-1.jpeg","fifu_image_alt":"GUEGUERRE ENTRE FAYE\/SONKO : Le pouvoir en danger","footnotes":""},"categories":[73,81],"tags":[],"class_list":["post-185312","post","type-post","status-publish","format-standard","has-post-thumbnail","hentry","category-actualite","category-burkina-faso"],"_links":{"self":[{"href":"https:\/\/linitiative.ca\/International\/wp-json\/wp\/v2\/posts\/185312","targetHints":{"allow":["GET"]}}],"collection":[{"href":"https:\/\/linitiative.ca\/International\/wp-json\/wp\/v2\/posts"}],"about":[{"href":"https:\/\/linitiative.ca\/International\/wp-json\/wp\/v2\/types\/post"}],"author":[{"embeddable":true,"href":"https:\/\/linitiative.ca\/International\/wp-json\/wp\/v2\/users\/1813"}],"replies":[{"embeddable":true,"href":"https:\/\/linitiative.ca\/International\/wp-json\/wp\/v2\/comments?post=185312"}],"version-history":[{"count":0,"href":"https:\/\/linitiative.ca\/International\/wp-json\/wp\/v2\/posts\/185312\/revisions"}],"wp:featuredmedia":[{"embeddable":true,"href":"https:\/\/linitiative.ca\/International\/wp-json\/wp\/v2\/media\/185313"}],"wp:attachment":[{"href":"https:\/\/linitiative.ca\/International\/wp-json\/wp\/v2\/media?parent=185312"}],"wp:term":[{"taxonomy":"category","embeddable":true,"href":"https:\/\/linitiative.ca\/International\/wp-json\/wp\/v2\/categories?post=185312"},{"taxonomy":"post_tag","embeddable":true,"href":"https:\/\/linitiative.ca\/International\/wp-json\/wp\/v2\/tags?post=185312"}],"curies":[{"name":"wp","href":"https:\/\/api.w.org\/{rel}","templated":true}]}}