{"id":185322,"date":"2026-04-28T13:59:00","date_gmt":"2026-04-28T17:59:00","guid":{"rendered":"https:\/\/linitiative.ca\/International\/le-comite-dorganisation-de-la-snc-doit-travailler-a-impliquer-la-diaspora-burkinabe-dans-la-dynamique-de-valorisation-culturelle-pr-salaka-sanou-president-du-comite-theme-et-l\/"},"modified":"2026-04-28T13:59:00","modified_gmt":"2026-04-28T17:59:00","slug":"le-comite-dorganisation-de-la-snc-doit-travailler-a-impliquer-la-diaspora-burkinabe-dans-la-dynamique-de-valorisation-culturelle-pr-salaka-sanou-president-du-comite-theme-et-l","status":"publish","type":"post","link":"https:\/\/linitiative.ca\/International\/le-comite-dorganisation-de-la-snc-doit-travailler-a-impliquer-la-diaspora-burkinabe-dans-la-dynamique-de-valorisation-culturelle-pr-salaka-sanou-president-du-comite-theme-et-l\/","title":{"rendered":"\u00ab Le comit\u00e9 d\u2019organisation de la SNC doit travailler \u00e0 impliquer la diaspora burkinab\u00e8 dans la dynamique de valorisation culturelle \u00bb, Pr Salaka Sanou, pr\u00e9sident du comit\u00e9 th\u00e8me et litt\u00e9rature de la SNC Bobo 2026."},"content":{"rendered":"<p><head><br \/>\n<title>\u00ab Le comit\u00e9 d\u2019organisation de la SNC doit travailler \u00e0 impliquer la diaspora burkinab\u00e8 dans la dynamique de valorisation culturelle \u00bb, Pr Salaka Sanou, pr\u00e9sident du comit\u00e9 th\u00e8me et litt\u00e9rature de la SNC Bobo 2026. | Quotidien Sidwaya<\/title><br \/>\n<meta charset=\"UTF-8\"\/><br \/>\n<meta name=\"viewport\" content=\"width=device-width, initial-scale=1.0\"\/>\n<link rel=\"pingback\" href=\"https:\/\/www.sidwaya.info\/xmlrpc.php\"\/>\n<meta name=\"robots\" content=\"max-image-preview:large\"\/>\n<link rel=\"icon\" type=\"image\/png\" href=\"https:\/\/www.sidwaya.info\/wp-content\/uploads\/2025\/11\/Logo-Edditions-Sidwaya.png\"\/>\n<link rel=\"apple-touch-icon\" sizes=\"76x76\" href=\"https:\/\/www.sidwaya.info\/wp-content\/uploads\/2025\/11\/Logo-Edditions-Sidwaya.png\"\/>\n<link rel=\"apple-touch-icon\" sizes=\"120x120\" href=\"https:\/\/www.sidwaya.info\/wp-content\/uploads\/2025\/11\/Logo-Edditions-Sidwaya.png\"\/>\n<link rel=\"apple-touch-icon\" sizes=\"152x152\" href=\"https:\/\/www.sidwaya.info\/wp-content\/uploads\/2025\/11\/Logo-Edditions-Sidwaya.png\"\/>\n<link rel=\"apple-touch-icon\" sizes=\"114x114\" href=\"https:\/\/www.sidwaya.info\/wp-content\/uploads\/2025\/11\/Logo-Edditions-Sidwaya.png\"\/>\n<link rel=\"apple-touch-icon\" sizes=\"144x144\" href=\"https:\/\/www.sidwaya.info\/wp-content\/uploads\/2025\/11\/Logo-Edditions-Sidwaya.png\"\/>\n<p><meta name=\"google-site-verification\" content=\"UhLI5Vh6FYyPfaR008QHlrkDqDAWjot3n0Chmb5_0IU\"\/>\n<link rel=\"dns-prefetch\" href=\"\/\/stats.wp.com\"\/>\n<link rel=\"dns-prefetch\" href=\"\/\/fonts.googleapis.com\"\/>\n<link rel=\"dns-prefetch\" href=\"\/\/widgets.wp.com\"\/>\n<link rel=\"dns-prefetch\" href=\"\/\/s0.wp.com\"\/>\n<link rel=\"dns-prefetch\" href=\"\/\/0.gravatar.com\"\/>\n<link rel=\"dns-prefetch\" href=\"\/\/1.gravatar.com\"\/>\n<link rel=\"dns-prefetch\" href=\"\/\/2.gravatar.com\"\/>\n<link rel=\"dns-prefetch\" href=\"\/\/jetpack.wordpress.com\"\/>\n<link rel=\"dns-prefetch\" href=\"\/\/public-api.wordpress.com\"\/>\n<link rel=\"alternate\" type=\"application\/rss+xml\" title=\"Quotidien Sidwaya \u00bb Flux\" href=\"https:\/\/www.sidwaya.info\/feed\/\"\/>\n<link rel=\"alternate\" type=\"application\/rss+xml\" title=\"Quotidien Sidwaya \u00bb Flux des commentaires\" href=\"https:\/\/www.sidwaya.info\/comments\/feed\/\"\/>\n<link rel=\"alternate\" type=\"application\/rss+xml\" title=\"Quotidien Sidwaya \u00bb \u00ab Le comit\u00e9 d\u2019organisation de la SNC doit travailler \u00e0 impliquer la diaspora burkinab\u00e8 dans la dynamique de valorisation culturelle \u00bb, Pr Salaka Sanou, pr\u00e9sident du comit\u00e9 th\u00e8me et litt\u00e9rature de la SNC Bobo 2026. Flux des commentaires\" href=\"https:\/\/www.sidwaya.info\/le-comite-dorganisation-de-la-snc-doit-travailler-a-impliquer-la-diaspora-burkinabe-dans-la-dynamique-de-valorisation-culturelle-pr-salaka-sanou-president-du-comite-theme-et-l\/feed\/\"\/>\n<link rel=\"alternate\" title=\"oEmbed (JSON)\" type=\"application\/json+oembed\" href=\"https:\/\/www.sidwaya.info\/wp-json\/oembed\/1.0\/embed?url=https%3A%2F%2Fwww.sidwaya.info%2Fle-comite-dorganisation-de-la-snc-doit-travailler-a-impliquer-la-diaspora-burkinabe-dans-la-dynamique-de-valorisation-culturelle-pr-salaka-sanou-president-du-comite-theme-et-l%2F\"\/>\n<link rel=\"alternate\" title=\"oEmbed (XML)\" type=\"text\/xml+oembed\" href=\"https:\/\/www.sidwaya.info\/wp-json\/oembed\/1.0\/embed?url=https%3A%2F%2Fwww.sidwaya.info%2Fle-comite-dorganisation-de-la-snc-doit-travailler-a-impliquer-la-diaspora-burkinabe-dans-la-dynamique-de-valorisation-culturelle-pr-salaka-sanou-president-du-comite-theme-et-l%2F&amp;format=xml\"\/>\n<link rel=\"stylesheet\" id=\"cmplz-general-css\" href=\"https:\/\/www.sidwaya.info\/wp-content\/plugins\/complianz-gdpr\/assets\/css\/cookieblocker.min.css?ver=1766507245\" type=\"text\/css\" media=\"all\"\/>\n<link rel=\"stylesheet\" id=\"td-plugin-multi-purpose-css\" href=\"https:\/\/www.sidwaya.info\/wp-content\/plugins\/td-composer\/td-multi-purpose\/style.css?ver=7cd248d7ca13c255207c3f8b916c3f00\" type=\"text\/css\" media=\"all\"\/>\n<link rel=\"stylesheet\" id=\"google-fonts-style-css\" href=\"https:\/\/fonts.googleapis.com\/css?family=Rubik%3A400%7CNiramit%3A400%7CUbuntu%3A400%7CMontserrat%3A400%7CPoppins%3A400%7COpen+Sans%3A400%2C600%2C700%7CRoboto%3A400%2C600%2C700%7CRubik%3A500%2C400%7CNiramit%3A500%2C400%7CUbuntu%3A700%2C600%2C400%7CMontserrat%3A700%2C400%7CPoppins%3A400&amp;display=swap&amp;ver=12.7.3\" type=\"text\/css\" media=\"all\"\/>\n<link rel=\"stylesheet\" id=\"jetpack_likes-css\" href=\"https:\/\/www.sidwaya.info\/wp-content\/plugins\/jetpack\/modules\/likes\/style.css?ver=15.4\" type=\"text\/css\" media=\"all\"\/>\n<link rel=\"stylesheet\" id=\"tds-front-css\" href=\"https:\/\/www.sidwaya.info\/wp-content\/plugins\/td-subscription\/assets\/css\/tds-front.css?ver=1.7.1\" type=\"text\/css\" media=\"all\"\/>\n<link rel=\"stylesheet\" id=\"td-theme-css\" href=\"https:\/\/www.sidwaya.info\/wp-content\/themes\/Newspaper\/style.css?ver=12.7.3\" type=\"text\/css\" media=\"all\"\/>\n<link rel=\"stylesheet\" id=\"td-legacy-framework-front-style-css\" href=\"https:\/\/www.sidwaya.info\/wp-content\/plugins\/td-composer\/legacy\/Newspaper\/assets\/css\/td_legacy_main.css?ver=7cd248d7ca13c255207c3f8b916c3f00\" type=\"text\/css\" media=\"all\"\/>\n<link rel=\"stylesheet\" id=\"td-standard-pack-framework-front-style-css\" href=\"https:\/\/www.sidwaya.info\/wp-content\/plugins\/td-standard-pack\/Newspaper\/assets\/css\/td_standard_pack_main.css?ver=c12e6da63ed2f212e87e44e5e9b9a302\" type=\"text\/css\" media=\"all\"\/>\n<link rel=\"stylesheet\" id=\"tdb_style_cloud_templates_front-css\" href=\"https:\/\/www.sidwaya.info\/wp-content\/plugins\/td-cloud-library\/assets\/css\/tdb_main.css?ver=6127d3b6131f900b2e62bb855b13dc3b\" type=\"text\/css\" media=\"all\"\/>\n<link rel=\"https:\/\/api.w.org\/\" href=\"https:\/\/www.sidwaya.info\/wp-json\/\"\/>\n<link rel=\"alternate\" title=\"JSON\" type=\"application\/json\" href=\"https:\/\/www.sidwaya.info\/wp-json\/wp\/v2\/posts\/161881\"\/>\n<link rel=\"canonical\" href=\"https:\/\/www.sidwaya.info\/le-comite-dorganisation-de-la-snc-doit-travailler-a-impliquer-la-diaspora-burkinabe-dans-la-dynamique-de-valorisation-culturelle-pr-salaka-sanou-president-du-comite-theme-et-l\/\"\/>\n<p><meta property=\"og:type\" content=\"article\"\/><br \/>\n<meta property=\"og:title\" content=\"\u00ab Le comit\u00e9 d\u2019organisation de la SNC doit travailler \u00e0 impliquer la diaspora burkinab\u00e8 dans la dynamique de valorisation culturelle \u00bb, Pr Salaka Sanou, pr\u00e9sident du comit\u00e9 th\u00e8me et litt\u00e9rature de la SNC Bobo 2026.\"\/><br \/>\n<meta property=\"og:url\" content=\"https:\/\/www.sidwaya.info\/le-comite-dorganisation-de-la-snc-doit-travailler-a-impliquer-la-diaspora-burkinabe-dans-la-dynamique-de-valorisation-culturelle-pr-salaka-sanou-president-du-comite-theme-et-l\/\"\/><br \/>\n<meta property=\"og:description\" content=\"Voir l\u2019article pour en savoir plus.\"\/><br \/>\n<meta property=\"article:published_time\" content=\"2026-04-28T17:59:00+00:00\"\/><br \/>\n<meta property=\"article:modified_time\" content=\"2026-04-28T17:59:08+00:00\"\/><br \/>\n<meta property=\"og:site_name\" content=\"Quotidien Sidwaya\"\/><br \/>\n<meta property=\"og:image\" content=\"https:\/\/img.youtube.com\/vi\/IkcmeLl_x9A\/0.jpg\"\/><br \/>\n<meta property=\"og:image:secure_url\" content=\"https:\/\/img.youtube.com\/vi\/IkcmeLl_x9A\/0.jpg\"\/><br \/>\n<meta property=\"og:image:width\" content=\"512\"\/><br \/>\n<meta property=\"og:image:height\" content=\"512\"\/><br \/>\n<meta property=\"og:image:alt\" content=\"\"\/><br \/>\n<meta property=\"og:locale\" content=\"fr_FR\"\/><br \/>\n<meta property=\"og:video:type\" content=\"text\/html\"\/><br \/>\n<meta property=\"og:video\" content=\"http:\/\/www.youtube.com\/embed\/IkcmeLl_x9A\"\/><br \/>\n<meta property=\"og:video:secure_url\" content=\"https:\/\/www.youtube.com\/embed\/IkcmeLl_x9A\"\/><br \/>\n<meta name=\"twitter:text:title\" content=\"\u00ab Le comit\u00e9 d\u2019organisation de la SNC doit travailler \u00e0 impliquer la diaspora burkinab\u00e8 dans la dynamique de valorisation culturelle \u00bb, Pr Salaka Sanou, pr\u00e9sident du comit\u00e9 th\u00e8me et litt\u00e9rature de la SNC Bobo 2026.\"\/><br \/>\n<meta name=\"twitter:image\" content=\"http:\/\/img.youtube.com\/vi\/IkcmeLl_x9A\/0.jpg?w=640\"\/><br \/>\n<meta name=\"twitter:card\" content=\"summary_large_image\"\/><br \/>\n<meta name=\"twitter:description\" content=\"Vid\u00e9o.\"\/><\/p>\n<link rel=\"icon\" href=\"https:\/\/www.sidwaya.info\/wp-content\/uploads\/2024\/06\/cropped-Logo-Les-Editions-Sidwaya-512-1-32x32.png\" sizes=\"32x32\"\/>\n<link rel=\"icon\" href=\"https:\/\/www.sidwaya.info\/wp-content\/uploads\/2024\/06\/cropped-Logo-Les-Editions-Sidwaya-512-1-192x192.png\" sizes=\"192x192\"\/>\n<link rel=\"apple-touch-icon\" href=\"https:\/\/www.sidwaya.info\/wp-content\/uploads\/2024\/06\/cropped-Logo-Les-Editions-Sidwaya-512-1-180x180.png\"\/>\n<meta name=\"msapplication-TileImage\" content=\"https:\/\/www.sidwaya.info\/wp-content\/uploads\/2024\/06\/cropped-Logo-Les-Editions-Sidwaya-512-1-270x270.png\"\/><\/p>\n<link rel=\"stylesheet\" id=\"mediaelement-css\" href=\"https:\/\/www.sidwaya.info\/wp-includes\/js\/mediaelement\/mediaelementplayer-legacy.min.css?ver=4.2.17\" type=\"text\/css\" media=\"all\"\/>\n<link rel=\"stylesheet\" id=\"wp-mediaelement-css\" href=\"https:\/\/www.sidwaya.info\/wp-includes\/js\/mediaelement\/wp-mediaelement.min.css?ver=e246e3adf1ed82e193258520076e5b80\" type=\"text\/css\" media=\"all\"\/>\n<p><\/head><br \/>\n<body data-rsssl=\"1\" class=\"wp-singular post-template-default single single-post postid-161881 single-format-standard wp-theme-Newspaper td-standard-pack le-comite-dorganisation-de-la-snc-doit-travailler-a-impliquer-la-diaspora-burkinabe-dans-la-dynamique-de-valorisation-culturelle-pr-salaka-sanou-president-du-comite-theme-et-l global-block-template-1 tdc-header-template tdc-footer-template td-animation-stack-type0 td-full-layout\" itemscope=\"itemscope\" itemtype=\"https:\/\/schema.org\/WebPage\" id=\"readabilityBody\"><\/p>\n<div id=\"td-outer-wrap\" class=\"td-theme-wrap\">\n<div class=\"td-main-content-wrap td-container-wrap\">\n<div class=\"td-container td-post-template-default\">\n<div class=\"td-crumb-container\">\n<div class=\"entry-crumbs\"><span><a title=\"\" class=\"entry-crumb\" href=\"https:\/\/www.sidwaya.info\/\">Accueil<\/a><\/span> <span><a title=\"Voir tous les articles dans MEDIAS\" class=\"entry-crumb\" href=\"https:\/\/www.sidwaya.info\/bfcategories\/medias\/\">MEDIAS<\/a><\/span> <span class=\"td-bred-no-url-last\">\u00ab Le comit\u00e9 d\u2019organisation de la SNC doit travailler \u00e0 impliquer la&#8230;<\/span><\/div>\n<\/div>\n<\/div>\n<\/div>\n<\/div>\n<p><\/body><\/p>\n<p>Auteur: BS. Sidwaya<br \/>\n<a href=\"https:\/\/www.sidwaya.info\/le-comite-dorganisation-de-la-snc-doit-travailler-a-impliquer-la-diaspora-burkinabe-dans-la-dynamique-de-valorisation-culturelle-pr-salaka-sanou-president-du-comite-theme-et-l\/\">Cliquez ici pour lire l&rsquo;article depuis sa source.<\/a><\/p>\n","protected":false},"excerpt":{"rendered":"<p>\u00ab Le comit\u00e9 d\u2019organisation de la SNC doit travailler \u00e0 impliquer la diaspora burkinab\u00e8 dans la dynamique de valorisation culturelle \u00bb, Pr Salaka Sanou, pr\u00e9sident du comit\u00e9 th\u00e8me et litt\u00e9rature de la SNC Bobo 2026. | Quotidien Sidwaya Accueil MEDIAS \u00ab Le comit\u00e9 d\u2019organisation de la SNC doit travailler \u00e0 impliquer la&#8230; Auteur: BS. Sidwaya [&hellip;]<\/p>\n","protected":false},"author":1816,"featured_media":185323,"comment_status":"closed","ping_status":"closed","sticky":false,"template":"","format":"standard","meta":{"fifu_image_url":"https:\/\/img.youtube.com\/vi\/IkcmeLl_x9A\/0.jpg","fifu_image_alt":"\u00ab Le comit\u00e9 d\u2019organisation de la SNC doit travailler \u00e0 impliquer la diaspora burkinab\u00e8 dans la dynamique de valorisation culturelle \u00bb, Pr Salaka Sanou, pr\u00e9sident du comit\u00e9 th\u00e8me et litt\u00e9rature de la SNC Bobo 2026.","footnotes":""},"categories":[73,81],"tags":[],"class_list":["post-185322","post","type-post","status-publish","format-standard","has-post-thumbnail","hentry","category-actualite","category-burkina-faso"],"_links":{"self":[{"href":"https:\/\/linitiative.ca\/International\/wp-json\/wp\/v2\/posts\/185322","targetHints":{"allow":["GET"]}}],"collection":[{"href":"https:\/\/linitiative.ca\/International\/wp-json\/wp\/v2\/posts"}],"about":[{"href":"https:\/\/linitiative.ca\/International\/wp-json\/wp\/v2\/types\/post"}],"author":[{"embeddable":true,"href":"https:\/\/linitiative.ca\/International\/wp-json\/wp\/v2\/users\/1816"}],"replies":[{"embeddable":true,"href":"https:\/\/linitiative.ca\/International\/wp-json\/wp\/v2\/comments?post=185322"}],"version-history":[{"count":0,"href":"https:\/\/linitiative.ca\/International\/wp-json\/wp\/v2\/posts\/185322\/revisions"}],"wp:featuredmedia":[{"embeddable":true,"href":"https:\/\/linitiative.ca\/International\/wp-json\/wp\/v2\/media\/185323"}],"wp:attachment":[{"href":"https:\/\/linitiative.ca\/International\/wp-json\/wp\/v2\/media?parent=185322"}],"wp:term":[{"taxonomy":"category","embeddable":true,"href":"https:\/\/linitiative.ca\/International\/wp-json\/wp\/v2\/categories?post=185322"},{"taxonomy":"post_tag","embeddable":true,"href":"https:\/\/linitiative.ca\/International\/wp-json\/wp\/v2\/tags?post=185322"}],"curies":[{"name":"wp","href":"https:\/\/api.w.org\/{rel}","templated":true}]}}