{"id":185334,"date":"2026-04-28T10:52:59","date_gmt":"2026-04-28T14:52:59","guid":{"rendered":"https:\/\/linitiative.ca\/International\/cameroun-44-pays-de-la-francophonie-reunis-a-yaounde-pour-la-61e-session-sur-les-reformes-educatives\/"},"modified":"2026-04-28T10:52:59","modified_gmt":"2026-04-28T14:52:59","slug":"cameroun-44-pays-de-la-francophonie-reunis-a-yaounde-pour-la-61e-session-sur-les-reformes-educatives","status":"publish","type":"post","link":"https:\/\/linitiative.ca\/International\/cameroun-44-pays-de-la-francophonie-reunis-a-yaounde-pour-la-61e-session-sur-les-reformes-educatives\/","title":{"rendered":"Cameroun : 44 pays de la francophonie r\u00e9unis \u00e0 Yaound\u00e9 pour la 61e session sur les r\u00e9formes \u00e9ducatives"},"content":{"rendered":"<p>La 61e session de la Conf\u00e9rence des ministres de l\u2019\u00c9ducation des \u00c9tats et Gouvernements de la Francophonie (Confemen) s\u2019est ouverte lundi \u00e0 Yaound\u00e9, capitale <em class=\"xgg-highlight\">cameroun<\/em>aise, avec pour objectif de renforcer l\u2019action concert\u00e9e face aux d\u00e9fis du secteur \u00e9ducatif, a annonc\u00e9 la CRTV, le m\u00e9dia public du Cameroun.<\/p>\n<p>Plac\u00e9e sous le th\u00e8me \u00ab\u00a0Valoriser la profession enseignante pour une transformation r\u00e9ussie de l\u2019\u00e9ducation\u00a0\u00bb, cette session se veut un cadre strat\u00e9gique d\u2019orientation des politiques publiques en mati\u00e8re d\u2019\u00e9ducation. Les travaux portent notamment sur l\u2019am\u00e9lioration de la qualit\u00e9 de l\u2019enseignement, le renforcement de l\u2019\u00e9quit\u00e9 et l\u2019efficacit\u00e9 des syst\u00e8mes \u00e9ducatifs.<\/p>\n<div readability=\"7\">\n<p>LA SUITE APR\u00c8S LA PUBLICIT\u00c9<\/p>\n<p><ins class=\"adsbygoogle\" data-ad-client=\"ca-pub-9760088965124508\" data-ad-slot=\"2140806877\"\/><br \/>\n<\/div>\n<p>Les autorit\u00e9s du <em class=\"xgg-highlight\">Cameroun<\/em>, pays h\u00f4te, entendent valoriser les innovations p\u00e9dagogiques mises en \u0153uvre et promouvoir une adaptation accrue des politiques \u00e9ducatives aux r\u00e9alit\u00e9s locales.<\/p>\n<p>Pendant cinq jours, les d\u00e9l\u00e9gations de 44 \u00c9tats membres entendent formuler des r\u00e9ponses structur\u00e9es aux principales contraintes des syst\u00e8mes \u00e9ducatifs, dans un contexte marqu\u00e9 par la n\u00e9cessit\u00e9 d\u2019acc\u00e9l\u00e9rer l\u2019atteinte de l\u2019Objectif de d\u00e9veloppement durable 4 (ODD 4) \u00e0 l\u2019horizon 2030.<\/p>\n<p>Cr\u00e9\u00e9e en 1960, la Confemen constitue la plus ancienne institution de la<\/p>\n<p>. Elle regroupe des \u00c9tats et gouvernements r\u00e9partis sur plusieurs continents et \u0153uvre \u00e0 l\u2019orientation des politiques \u00e9ducatives dans l\u2019espace francophone. Ses interventions portent sur l\u2019\u00e9valuation des syst\u00e8mes \u00e9ducatifs, le partage d\u2019exp\u00e9riences entre \u00c9tats membres, ainsi que l\u2019appui aux r\u00e9formes nationales visant \u00e0 am\u00e9liorer la qualit\u00e9 de l\u2019\u00e9ducation.<\/p>\n<p>Auteur: Arnaud Nicolas MAWEL<br \/>\n<a href=\"https:\/\/fr.journalducameroun.com\/cameroun-44-pays-de-la-francophonie-reunis-a-yaounde-pour-la-61e-session-sur-les-reformes-educatives\/\">Cliquez ici pour lire l&rsquo;article depuis sa source.<\/a><\/p>\n","protected":false},"excerpt":{"rendered":"<p>La 61e session de la Conf\u00e9rence des ministres de l\u2019\u00c9ducation des \u00c9tats et Gouvernements de la Francophonie (Confemen) s\u2019est ouverte lundi \u00e0 Yaound\u00e9, capitale camerounaise, avec pour objectif de renforcer l\u2019action concert\u00e9e face aux d\u00e9fis du secteur \u00e9ducatif, a annonc\u00e9 la CRTV, le m\u00e9dia public du Cameroun. Plac\u00e9e sous le th\u00e8me \u00ab\u00a0Valoriser la profession enseignante [&hellip;]<\/p>\n","protected":false},"author":1965,"featured_media":185335,"comment_status":"closed","ping_status":"closed","sticky":false,"template":"","format":"standard","meta":{"fifu_image_url":"https:\/\/fr.journalducameroun.com\/wp-content\/uploads\/2026\/04\/61e-Session-educative-rancophonie.jpg","fifu_image_alt":"Cameroun : 44 pays de la francophonie r\u00e9unis \u00e0 Yaound\u00e9 pour la 61e session sur les r\u00e9formes \u00e9ducatives","footnotes":""},"categories":[73,82],"tags":[],"class_list":["post-185334","post","type-post","status-publish","format-standard","has-post-thumbnail","hentry","category-actualite","category-cameroun"],"_links":{"self":[{"href":"https:\/\/linitiative.ca\/International\/wp-json\/wp\/v2\/posts\/185334","targetHints":{"allow":["GET"]}}],"collection":[{"href":"https:\/\/linitiative.ca\/International\/wp-json\/wp\/v2\/posts"}],"about":[{"href":"https:\/\/linitiative.ca\/International\/wp-json\/wp\/v2\/types\/post"}],"author":[{"embeddable":true,"href":"https:\/\/linitiative.ca\/International\/wp-json\/wp\/v2\/users\/1965"}],"replies":[{"embeddable":true,"href":"https:\/\/linitiative.ca\/International\/wp-json\/wp\/v2\/comments?post=185334"}],"version-history":[{"count":0,"href":"https:\/\/linitiative.ca\/International\/wp-json\/wp\/v2\/posts\/185334\/revisions"}],"wp:featuredmedia":[{"embeddable":true,"href":"https:\/\/linitiative.ca\/International\/wp-json\/wp\/v2\/media\/185335"}],"wp:attachment":[{"href":"https:\/\/linitiative.ca\/International\/wp-json\/wp\/v2\/media?parent=185334"}],"wp:term":[{"taxonomy":"category","embeddable":true,"href":"https:\/\/linitiative.ca\/International\/wp-json\/wp\/v2\/categories?post=185334"},{"taxonomy":"post_tag","embeddable":true,"href":"https:\/\/linitiative.ca\/International\/wp-json\/wp\/v2\/tags?post=185334"}],"curies":[{"name":"wp","href":"https:\/\/api.w.org\/{rel}","templated":true}]}}