{"id":185342,"date":"2026-04-28T12:42:56","date_gmt":"2026-04-28T16:42:56","guid":{"rendered":"https:\/\/linitiative.ca\/International\/transport-aerien-pourquoi-turkish-airlines-suspend-10-destinations-africaines-dont-2-en-zone-cemac\/"},"modified":"2026-04-28T12:42:56","modified_gmt":"2026-04-28T16:42:56","slug":"transport-aerien-pourquoi-turkish-airlines-suspend-10-destinations-africaines-dont-2-en-zone-cemac","status":"publish","type":"post","link":"https:\/\/linitiative.ca\/International\/transport-aerien-pourquoi-turkish-airlines-suspend-10-destinations-africaines-dont-2-en-zone-cemac\/","title":{"rendered":"Transport a\u00e9rien : pourquoi Turkish Airlines suspend 10 destinations africaines dont 2 en zone CEMAC"},"content":{"rendered":"<div>La compagnie a\u00e9rienne Turkish Airlines reconfigure son r\u00e9seau africain pour l\u2019\u00e9t\u00e9 2026, avec une dizaine de destinations suspendues ou mises en pause. Derri\u00e8re ces ajustements pr\u00e9sent\u00e9s comme saisonniers, se profile une contrainte beaucoup plus structurante. D\u00e9cryptage.<\/div>\n<p>Auteur: Arthur WANDJI<br \/>\n<a href=\"https:\/\/ecomatin.net\/transport-aerien-pourquoi-turkish-airlines-suspend-10-destinations-africaines-dont-2-en-zone-cemac\">Cliquez ici pour lire l&rsquo;article depuis sa source.<\/a><\/p>\n","protected":false},"excerpt":{"rendered":"<p>La compagnie a\u00e9rienne Turkish Airlines reconfigure son r\u00e9seau africain pour l\u2019\u00e9t\u00e9 2026, avec une dizaine de destinations suspendues ou mises en pause. Derri\u00e8re ces ajustements pr\u00e9sent\u00e9s comme saisonniers, se profile une contrainte beaucoup plus structurante. D\u00e9cryptage. Auteur: Arthur WANDJI Cliquez ici pour lire l&rsquo;article depuis sa source.<\/p>\n","protected":false},"author":1969,"featured_media":0,"comment_status":"closed","ping_status":"closed","sticky":false,"template":"","format":"standard","meta":{"fifu_image_url":"","fifu_image_alt":"","footnotes":""},"categories":[82,78],"tags":[],"class_list":["post-185342","post","type-post","status-publish","format-standard","hentry","category-cameroun","category-economie"],"_links":{"self":[{"href":"https:\/\/linitiative.ca\/International\/wp-json\/wp\/v2\/posts\/185342","targetHints":{"allow":["GET"]}}],"collection":[{"href":"https:\/\/linitiative.ca\/International\/wp-json\/wp\/v2\/posts"}],"about":[{"href":"https:\/\/linitiative.ca\/International\/wp-json\/wp\/v2\/types\/post"}],"author":[{"embeddable":true,"href":"https:\/\/linitiative.ca\/International\/wp-json\/wp\/v2\/users\/1969"}],"replies":[{"embeddable":true,"href":"https:\/\/linitiative.ca\/International\/wp-json\/wp\/v2\/comments?post=185342"}],"version-history":[{"count":0,"href":"https:\/\/linitiative.ca\/International\/wp-json\/wp\/v2\/posts\/185342\/revisions"}],"wp:attachment":[{"href":"https:\/\/linitiative.ca\/International\/wp-json\/wp\/v2\/media?parent=185342"}],"wp:term":[{"taxonomy":"category","embeddable":true,"href":"https:\/\/linitiative.ca\/International\/wp-json\/wp\/v2\/categories?post=185342"},{"taxonomy":"post_tag","embeddable":true,"href":"https:\/\/linitiative.ca\/International\/wp-json\/wp\/v2\/tags?post=185342"}],"curies":[{"name":"wp","href":"https:\/\/api.w.org\/{rel}","templated":true}]}}