{"id":185343,"date":"2026-04-29T08:21:52","date_gmt":"2026-04-29T12:21:52","guid":{"rendered":"https:\/\/linitiative.ca\/International\/entre-doutes-et-certitudes-la-justice-tranche-20-ans-de-reclusion-criminelle\/"},"modified":"2026-04-29T08:21:52","modified_gmt":"2026-04-29T12:21:52","slug":"entre-doutes-et-certitudes-la-justice-tranche-20-ans-de-reclusion-criminelle","status":"publish","type":"post","link":"https:\/\/linitiative.ca\/International\/entre-doutes-et-certitudes-la-justice-tranche-20-ans-de-reclusion-criminelle\/","title":{"rendered":"Entre doutes et certitudes, la justice tranche : 20 ans de r\u00e9clusion criminelle"},"content":{"rendered":"<p><span><strong>Zones d\u2019ombre<\/strong><\/span><br \/><strong>Dans une salle d\u2019audience lourde de silence et de regards suspendus, la chambre criminelle de premi\u00e8re instance pr\u00e8s la Cour d\u2019appel de Tanger a mis un terme \u00e0 une affaire aussi troublante que controvers\u00e9e.<\/strong><\/p>\n<p>Le verdict est tomb\u00e9 dans un silence presque irr\u00e9el, comme si la salle d\u2019audience elle-m\u00eame retenait son souffle. \u00c0 Tanger, la chambre criminelle de premi\u00e8re instance pr\u00e8s la Cour d\u2019appel venait de clore une affaire qui, depuis des mois, nourrissait les doutes autant que les conversations. Vingt ans de r\u00e9clusion criminelle. La sentence s\u2019est abattue sur un homme jusque-l\u00e0 camp\u00e9 sur une ligne de d\u00e9fense immuable : il n\u2019avait rien fait. A la barre, il n\u2019a presque pas r\u00e9agi. Depuis le d\u00e9but, il affichait cette m\u00eame retenue, cette mani\u00e8re mesur\u00e9e de r\u00e9pondre, comme s\u2019il cherchait moins \u00e0 convaincre qu\u2019\u00e0 ne pas se trahir. Face \u00e0 lui, des regards lourds de sens : coll\u00e8gues, connaissances de la victime, tous venus assister \u00e0 l\u2019\u00e9pilogue d\u2019un drame qui les d\u00e9passe encore.<br \/>Tout avait commenc\u00e9 dans une banalit\u00e9 trompeuse. Deux jeunes hommes, coll\u00e8gues au port de Tanger, partageant le m\u00eame quotidien, le m\u00eame espace de travail, parfois m\u00eame le m\u00eame toit. Rien, en apparence, ne laissait imaginer l\u2019irr\u00e9parable. Leur relation, selon le mis en cause, \u00e9tait normale, sans heurts ni conflits. Une proximit\u00e9 presque ordinaire, renforc\u00e9e par les circonstances. Car quelques jours avant la mort, le d\u00e9funt avait \u00e9t\u00e9 victime d\u2019un incident \u00e9trange. Retrouv\u00e9 bless\u00e9 aux jambes dans l\u2019enceinte portuaire, il portait d\u00e9j\u00e0 les stigmates d\u2019un \u00e9v\u00e9nement mal compris. Tentative d\u2019intrusion dans une zone interdite? Agression pass\u00e9e sous silence ? Les versions divergeaient, sans qu\u2019aucune ne s\u2019impose v\u00e9ritablement. Lui-m\u00eame n\u2019avait jamais vraiment \u00e9clairci ce qui s\u2019\u00e9tait produit. Dans cette p\u00e9riode trouble, son coll\u00e8gue s\u2019\u00e9tait rapproch\u00e9 de lui. Il l\u2019avait aid\u00e9, soutenu et veill\u00e9 sur lui. Un geste d\u2019humanit\u00e9, ou le pr\u00e9lude d\u2019un drame ? La question restera suspendue. Puis la victime a disparu. Sans explication. L\u2019inqui\u00e9tude s\u2019est install\u00e9e, diffus\u00e9e, jusqu\u2019\u00e0 ce que la d\u00e9couverte de son corps soit venue figer toutes les certitudes. Il a \u00e9t\u00e9 retrouv\u00e9 dans sa chambre, sans vie, une blessure profonde au cou. Une sc\u00e8ne brutale, qui n\u2019a laiss\u00e9 gu\u00e8re de place au doute quant \u00e0 la nature violente de sa mort, mais qui a ouvert un champ infini d\u2019interrogations sur ses circonstances. Tr\u00e8s vite, l\u2019\u00e9tau s\u2019est resserr\u00e9 autour de lui. Mais il a tout ni\u00e9, avec constance. Il a parl\u00e9 de rumeurs, de suppositions et d\u2019un dossier construit sur du vide. Son avocat s\u2019est empar\u00e9 de ces failles, a \u00e9voqu\u00e9 les zones d\u2019ombre, les pistes n\u00e9glig\u00e9es et les menaces que la victime avait re\u00e7ues sans que personne s\u2019y attarde vraiment. Mais en face, le repr\u00e9sentant du minist\u00e8re public a relat\u00e9 un autre r\u00e9cit. Celui d\u2019un homme dont les d\u00e9clarations vacillaient et contredisaient la r\u00e9alit\u00e9. Celui aussi d\u2019un comportement troublant le jour du drame, marqu\u00e9, selon certains t\u00e9moignages, par une consommation excessive d\u2019alcool. Des \u00e9l\u00e9ments, pris isol\u00e9ment fragiles, mais qui, mis bout \u00e0 bout, dessinent une trame que le minist\u00e8re public juge coh\u00e9rente. Et entre ces deux v\u00e9rit\u00e9s, la Cour a choisi. Elle a retenu les indices, les a assembl\u00e9s et leur a donn\u00e9 le poids de la certitude judiciaire. Il a \u00e9t\u00e9 jug\u00e9 coupable en refermant l\u2019affaire sans l\u2019\u00e9claircir totalement.<\/p>\n<p>Auteur: Abderrafii ALOUMLIKI<br \/>\n<a href=\"https:\/\/aujourdhui.ma\/faits-divers\/entre-doutes-et-certitudes-la-justice-tranche-20-ans-de-reclusion-criminelle\">Cliquez ici pour lire l&rsquo;article depuis sa source.<\/a><\/p>\n","protected":false},"excerpt":{"rendered":"<p>Zones d\u2019ombreDans une salle d\u2019audience lourde de silence et de regards suspendus, la chambre criminelle de premi\u00e8re instance pr\u00e8s la Cour d\u2019appel de Tanger a mis un terme \u00e0 une affaire aussi troublante que controvers\u00e9e. Le verdict est tomb\u00e9 dans un silence presque irr\u00e9el, comme si la salle d\u2019audience elle-m\u00eame retenait son souffle. \u00c0 Tanger, [&hellip;]<\/p>\n","protected":false},"author":1759,"featured_media":185344,"comment_status":"closed","ping_status":"closed","sticky":false,"template":"","format":"standard","meta":{"fifu_image_url":"https:\/\/aujourdhui.ma\/wp-content\/uploads\/2023\/08\/prison.png","fifu_image_alt":"Entre doutes et certitudes, la justice tranche : 20 ans de r\u00e9clusion criminelle","footnotes":""},"categories":[73,54],"tags":[],"class_list":["post-185343","post","type-post","status-publish","format-standard","has-post-thumbnail","hentry","category-actualite","category-maroc"],"_links":{"self":[{"href":"https:\/\/linitiative.ca\/International\/wp-json\/wp\/v2\/posts\/185343","targetHints":{"allow":["GET"]}}],"collection":[{"href":"https:\/\/linitiative.ca\/International\/wp-json\/wp\/v2\/posts"}],"about":[{"href":"https:\/\/linitiative.ca\/International\/wp-json\/wp\/v2\/types\/post"}],"author":[{"embeddable":true,"href":"https:\/\/linitiative.ca\/International\/wp-json\/wp\/v2\/users\/1759"}],"replies":[{"embeddable":true,"href":"https:\/\/linitiative.ca\/International\/wp-json\/wp\/v2\/comments?post=185343"}],"version-history":[{"count":0,"href":"https:\/\/linitiative.ca\/International\/wp-json\/wp\/v2\/posts\/185343\/revisions"}],"wp:featuredmedia":[{"embeddable":true,"href":"https:\/\/linitiative.ca\/International\/wp-json\/wp\/v2\/media\/185344"}],"wp:attachment":[{"href":"https:\/\/linitiative.ca\/International\/wp-json\/wp\/v2\/media?parent=185343"}],"wp:term":[{"taxonomy":"category","embeddable":true,"href":"https:\/\/linitiative.ca\/International\/wp-json\/wp\/v2\/categories?post=185343"},{"taxonomy":"post_tag","embeddable":true,"href":"https:\/\/linitiative.ca\/International\/wp-json\/wp\/v2\/tags?post=185343"}],"curies":[{"name":"wp","href":"https:\/\/api.w.org\/{rel}","templated":true}]}}