{"id":185345,"date":"2026-04-29T08:22:07","date_gmt":"2026-04-29T12:22:07","guid":{"rendered":"https:\/\/linitiative.ca\/International\/casablanca-un-chauffeur-de-taxi-tue-son-vehicule-retrouve\/"},"modified":"2026-04-29T08:22:07","modified_gmt":"2026-04-29T12:22:07","slug":"casablanca-un-chauffeur-de-taxi-tue-son-vehicule-retrouve","status":"publish","type":"post","link":"https:\/\/linitiative.ca\/International\/casablanca-un-chauffeur-de-taxi-tue-son-vehicule-retrouve\/","title":{"rendered":"Casablanca : Un chauffeur de taxi tu\u00e9, son v\u00e9hicule retrouv\u00e9"},"content":{"rendered":"<p><strong>Crime crapuleux<\/strong><br \/>A Casablanca, la voiture du chauffeur du petit taxi assassin\u00e9 a \u00e9t\u00e9 retrouv\u00e9e, lundi 28 avril, au quartier Al-Moustakbal, \u00e0 Sidi Ma\u00e2rouf, apprend-on d\u2019une source judiciaire.<br \/>C\u2019\u00e9tait la veille, dimanche 27 avril, tr\u00e8s t\u00f4t le matin, lorsqu\u2019un chauffeur de taxi, septuag\u00e9naire, a \u00e9t\u00e9 retrouv\u00e9 sans vie dans la r\u00e9gion de Sidi Messaoud qui rel\u00e8ve de la pr\u00e9fecture d\u2019A\u00efn Chok. Jouissant d\u2019une bonne r\u00e9putation parmi ses coll\u00e8gues, notamment ceux qui stationnent juste \u00e0 c\u00f4t\u00e9 de l\u2019h\u00f4pital M\u00e8re-Enfant Abderrahim Harouchi, \u00e0 Casablanca, le d\u00e9funt, Abdellah Zaz, semble avoir men\u00e9 des clients \u00e0 leur destination. Mais, en rebroussant chemin, il a pris d\u2019autres clients. Il ne savait pas qu\u2019il s\u2019agissait de sa derni\u00e8re course puisqu\u2019il a \u00e9t\u00e9 agress\u00e9 mortellement par ces derniers. Ils l\u2019ont jet\u00e9 sur le lieu o\u00f9 il a \u00e9t\u00e9 d\u00e9couvert avant de prendre la fuite \u00e0 bord du v\u00e9hicule qu\u2019ils ont abandonn\u00e9 \u00e0 Sidi Ma\u00e2rouf.<br \/>L\u2019affaire a imm\u00e9diatement d\u00e9clench\u00e9 la mobilisation de tous les services de la police \u00e0 travers les quatre coins de la capitale \u00e9conomique d\u00e8s la macabre d\u00e9couverte. Une enqu\u00eate a \u00e9t\u00e9 ouverte sous la supervision du parquet g\u00e9n\u00e9ral pr\u00e8s la Cour d\u2019appel de Casablanca avec pour objectif d\u2019\u00e9tablir les circonstances exactes du crime, d\u2019identifier les auteurs et de les traduire en justice.<\/p>\n<p>Auteur: Abderrafii ALOUMLIKI<br \/>\n<a href=\"https:\/\/aujourdhui.ma\/faits-divers\/casablanca-un-chauffeur-de-taxi-tue-son-vehicule-retrouve\">Cliquez ici pour lire l&rsquo;article depuis sa source.<\/a><\/p>\n","protected":false},"excerpt":{"rendered":"<p>Crime crapuleuxA Casablanca, la voiture du chauffeur du petit taxi assassin\u00e9 a \u00e9t\u00e9 retrouv\u00e9e, lundi 28 avril, au quartier Al-Moustakbal, \u00e0 Sidi Ma\u00e2rouf, apprend-on d\u2019une source judiciaire.C\u2019\u00e9tait la veille, dimanche 27 avril, tr\u00e8s t\u00f4t le matin, lorsqu\u2019un chauffeur de taxi, septuag\u00e9naire, a \u00e9t\u00e9 retrouv\u00e9 sans vie dans la r\u00e9gion de Sidi Messaoud qui rel\u00e8ve de [&hellip;]<\/p>\n","protected":false},"author":1759,"featured_media":185346,"comment_status":"closed","ping_status":"closed","sticky":false,"template":"","format":"standard","meta":{"fifu_image_url":"https:\/\/aujourdhui.ma\/wp-content\/uploads\/2016\/08\/Petit-Taxi-Casablanca.jpg","fifu_image_alt":"Casablanca : Un chauffeur de taxi tu\u00e9, son v\u00e9hicule retrouv\u00e9","footnotes":""},"categories":[73,54],"tags":[],"class_list":["post-185345","post","type-post","status-publish","format-standard","has-post-thumbnail","hentry","category-actualite","category-maroc"],"_links":{"self":[{"href":"https:\/\/linitiative.ca\/International\/wp-json\/wp\/v2\/posts\/185345","targetHints":{"allow":["GET"]}}],"collection":[{"href":"https:\/\/linitiative.ca\/International\/wp-json\/wp\/v2\/posts"}],"about":[{"href":"https:\/\/linitiative.ca\/International\/wp-json\/wp\/v2\/types\/post"}],"author":[{"embeddable":true,"href":"https:\/\/linitiative.ca\/International\/wp-json\/wp\/v2\/users\/1759"}],"replies":[{"embeddable":true,"href":"https:\/\/linitiative.ca\/International\/wp-json\/wp\/v2\/comments?post=185345"}],"version-history":[{"count":0,"href":"https:\/\/linitiative.ca\/International\/wp-json\/wp\/v2\/posts\/185345\/revisions"}],"wp:featuredmedia":[{"embeddable":true,"href":"https:\/\/linitiative.ca\/International\/wp-json\/wp\/v2\/media\/185346"}],"wp:attachment":[{"href":"https:\/\/linitiative.ca\/International\/wp-json\/wp\/v2\/media?parent=185345"}],"wp:term":[{"taxonomy":"category","embeddable":true,"href":"https:\/\/linitiative.ca\/International\/wp-json\/wp\/v2\/categories?post=185345"},{"taxonomy":"post_tag","embeddable":true,"href":"https:\/\/linitiative.ca\/International\/wp-json\/wp\/v2\/tags?post=185345"}],"curies":[{"name":"wp","href":"https:\/\/api.w.org\/{rel}","templated":true}]}}