{"id":185347,"date":"2026-04-29T09:25:52","date_gmt":"2026-04-29T13:25:52","guid":{"rendered":"https:\/\/linitiative.ca\/International\/rencontres-de-luemf-lavenir-de-lhumanite-face-a-lia-au-coeur-des-debats\/"},"modified":"2026-04-29T09:25:52","modified_gmt":"2026-04-29T13:25:52","slug":"rencontres-de-luemf-lavenir-de-lhumanite-face-a-lia-au-coeur-des-debats","status":"publish","type":"post","link":"https:\/\/linitiative.ca\/International\/rencontres-de-luemf-lavenir-de-lhumanite-face-a-lia-au-coeur-des-debats\/","title":{"rendered":"Rencontres de l\u2019UEMF : l\u2019avenir de l\u2019humanit\u00e9 face \u00e0 l\u2019IA au coeur des d\u00e9bats"},"content":{"rendered":"<p><span><strong>Les Rencontres de l\u2019Universit\u00e9 Euromed de F\u00e8s (UEMF) sur l\u2019alliance des civilisations se sont ouvertes, lundi, avec la participation de personnalit\u00e9s institutionnelles, acad\u00e9miques et scientifiques de haut niveau, qui exploreront, deux jours durant, \u00ab\u00a0l\u2019avenir de la civilisation humaine \u00e0 l\u2019\u00e9preuve de l\u2019intelligence artificielle\u00a0\u00bb (IA).<\/strong><\/span><\/p>\n<p>La c\u00e9r\u00e9monie inaugurale de cet \u00e9v\u00e9nement a \u00e9t\u00e9 une occasion d\u2019engager une r\u00e9flexion internationale sur les mutations profondes induites par l\u2019intelligence artificielle. Entre promesses technologiques et enjeux \u00e9thiques, les \u00e9changes ont mis en lumi\u00e8re les d\u00e9fis majeurs que pose cette r\u00e9volution pour les soci\u00e9t\u00e9s contemporaines et l\u2019avenir de la civilisation humaine. Retour sur les temps fort de ces rencontres.<\/p>\n<p><strong>Reportage Chafik Arich<\/strong><\/p>\n<p>Auteur: ALM<br \/>\n<a href=\"https:\/\/aujourdhui.ma\/videos\/rencontres-de-luemf-lavenir-de-lhumanite-face-a-lia-au-coeur-des-debats\">Cliquez ici pour lire l&rsquo;article depuis sa source.<\/a><\/p>\n","protected":false},"excerpt":{"rendered":"<p>Les Rencontres de l\u2019Universit\u00e9 Euromed de F\u00e8s (UEMF) sur l\u2019alliance des civilisations se sont ouvertes, lundi, avec la participation de personnalit\u00e9s institutionnelles, acad\u00e9miques et scientifiques de haut niveau, qui exploreront, deux jours durant, \u00ab\u00a0l\u2019avenir de la civilisation humaine \u00e0 l\u2019\u00e9preuve de l\u2019intelligence artificielle\u00a0\u00bb (IA). La c\u00e9r\u00e9monie inaugurale de cet \u00e9v\u00e9nement a \u00e9t\u00e9 une occasion d\u2019engager [&hellip;]<\/p>\n","protected":false},"author":1759,"featured_media":185348,"comment_status":"closed","ping_status":"closed","sticky":false,"template":"","format":"standard","meta":{"fifu_image_url":"https:\/\/aujourdhui.ma\/wp-content\/uploads\/2026\/04\/Rencontres-de-lUEMF-large.jpg","fifu_image_alt":"Rencontres de l\u2019UEMF : l\u2019avenir de l\u2019humanit\u00e9 face \u00e0 l\u2019IA au coeur des d\u00e9bats","footnotes":""},"categories":[73,54],"tags":[],"class_list":["post-185347","post","type-post","status-publish","format-standard","has-post-thumbnail","hentry","category-actualite","category-maroc"],"_links":{"self":[{"href":"https:\/\/linitiative.ca\/International\/wp-json\/wp\/v2\/posts\/185347","targetHints":{"allow":["GET"]}}],"collection":[{"href":"https:\/\/linitiative.ca\/International\/wp-json\/wp\/v2\/posts"}],"about":[{"href":"https:\/\/linitiative.ca\/International\/wp-json\/wp\/v2\/types\/post"}],"author":[{"embeddable":true,"href":"https:\/\/linitiative.ca\/International\/wp-json\/wp\/v2\/users\/1759"}],"replies":[{"embeddable":true,"href":"https:\/\/linitiative.ca\/International\/wp-json\/wp\/v2\/comments?post=185347"}],"version-history":[{"count":0,"href":"https:\/\/linitiative.ca\/International\/wp-json\/wp\/v2\/posts\/185347\/revisions"}],"wp:featuredmedia":[{"embeddable":true,"href":"https:\/\/linitiative.ca\/International\/wp-json\/wp\/v2\/media\/185348"}],"wp:attachment":[{"href":"https:\/\/linitiative.ca\/International\/wp-json\/wp\/v2\/media?parent=185347"}],"wp:term":[{"taxonomy":"category","embeddable":true,"href":"https:\/\/linitiative.ca\/International\/wp-json\/wp\/v2\/categories?post=185347"},{"taxonomy":"post_tag","embeddable":true,"href":"https:\/\/linitiative.ca\/International\/wp-json\/wp\/v2\/tags?post=185347"}],"curies":[{"name":"wp","href":"https:\/\/api.w.org\/{rel}","templated":true}]}}