{"id":185361,"date":"2026-04-29T17:16:59","date_gmt":"2026-04-29T21:16:59","guid":{"rendered":"https:\/\/linitiative.ca\/International\/chomage-au-maroc-le-new-deal-de-la-banque-mondiale\/"},"modified":"2026-04-29T17:16:59","modified_gmt":"2026-04-29T21:16:59","slug":"chomage-au-maroc-le-new-deal-de-la-banque-mondiale","status":"publish","type":"post","link":"https:\/\/linitiative.ca\/International\/chomage-au-maroc-le-new-deal-de-la-banque-mondiale\/","title":{"rendered":"Ch\u00f4mage au Maroc: le new deal de la Banque mondiale !"},"content":{"rendered":"<p><strong>Le Maroc pourrait g\u00e9n\u00e9rer 1,7 million d\u2019emplois suppl\u00e9mentaires d\u2019ici 2035 et augmenter son PIB r\u00e9el de pr\u00e8s de 20 % au-dessus de son niveau de r\u00e9f\u00e9rence. Toutefois, ce potentiel ne se concr\u00e9tisera qu\u2019\u00e0 condition de mettre en \u0153uvre un programme de r\u00e9formes ambitieux. Deux rapports de la Banque mondiale analysent cette \u00e9quation.<\/strong><\/p>\n<p>En 2012 \u00e0 Davos, une syndicaliste europ\u00e9enne a sorti une d\u00e9claration choc qui a \u00e9t\u00e9 un \u00e9lectrochoc historique qui a attir\u00e9 l\u2019attention de l\u2019\u00e9lite sur la trajectoire du capitalisme. Le monde des affaires \u00ab\u00a0a perdu sa boussole morale\u00a0\u00bb. Alors que faire ? Croissance, crient les uns. Innovation, r\u00e9pondent les autres. Cr\u00e9ativit\u00e9 ! D\u00e9veloppement durable ! Mais rien de tout cela ne fait un nouveau mod\u00e8le. Dans certaines r\u00e9gions du monde, des alternatives \u00e9mergent. Le Maroc soucieux de ces questions ces derni\u00e8res d\u00e9cennies s\u2019est d\u00e9marqu\u00e9 avec son mod\u00e8le de lib\u00e9ralisme \u00e0 visage humain.<\/p>\n<p>\u00abLe Maroc appelle de ses v\u0153ux une nouvelle mondialit\u00e9, une mondialit\u00e9 juste, \u00e9quitable, participative, bref une \u2018mondialit\u00e9 \u00e0 visage humain\u2019 qui \u00e9quilibre, int\u00e8gre, r\u00e9concilie le monde avec lui-m\u00eame en injectant du Sens et de la Confiance\u00bb, avait d\u00e9clar\u00e9 sa Majest\u00e9 il y a de cela plus d\u2019une d\u00e9cennie au lendemain de la crise de 2008 dans un message adress\u00e9 aux participants \u00e0 la 2e \u00abWorld Policy Conference\u00bb. Ce discours pour bon nombre de praticiens a mis la lumi\u00e8re sur le mod\u00e8le du lib\u00e9ralisme marocain. Bien que visible, ce discours royal a permis de mettre les mots sur ce que beaucoup appel gouvernance \u00e0 visage humain.\u00a0\u00bb\u00a0<\/p>\n<p><strong>Lire aussi |\u00a0<a href=\"https:\/\/www.challenge.ma\/maroc-le-dessalement-de-leau-aura-son-ecosysteme-industriel-319694\/#:~:text=INDUSTRIE-,Maroc%3A%20le%20dessalement%20de%20l%E2%80%99eau%20aura%20son%20%C3%A9cosyst%C3%A8me%20industriel,-written%20by%20Challenge\" target=\"_blank\" rel=\"noreferrer noopener\">Maroc: le dessalement de l\u2019eau aura son \u00e9cosyst\u00e8me industriel<\/a><\/strong><\/p>\n<p>Pour la petite histoire, c\u2019est \u00e0 Amartya Sen (prix nobel d\u2019\u00e9conomie en 1998) qu\u2019on doit essentiellement cette vision. Pour cet \u00e9minent \u00e9conomiste et farouche d\u00e9fenseur des droits des pauvres \u00ab il y a d\u00e9veloppement lorsque les individus sont plus \u00e0 m\u00eame de r\u00e9aliser ce qui donne un sens \u00e0 leur vie \u00bb.\u00a0 Selon lui c\u2019est la mani\u00e8re dont les \u00ab capacit\u00e9s des individus \u00bb ont \u00e9t\u00e9 accumul\u00e9es et leurs choix \u00e9largis afin qu\u2019ils puissent jouir des libert\u00e9s qui donnent un sens \u00e0 la vie et la rendre digne d\u2019\u00eatre v\u00e9cue. Ces libert\u00e9s comprennent les droits d\u2019acc\u00e8s aux ressources permettant aux individus d\u2019\u00e9viter la maladie, de se respecter eux-m\u00eames, de se nourrir d\u00e9cemment, de subvenir \u00e0 leurs besoins et d\u2019entretenir des relations pacifiques.\u00a0 C\u2019est cette nouvelle approche de d\u00e9veloppement qui a inspir\u00e9 les d\u00e9cideurs du Maroc \u00e0 construire les bases d\u2019un lib\u00e9ralisme social.<\/p>\n<p>Aujourd\u2019hui, c\u2019est ce prisme de gouvernance sociale qui fait que les \u00e9lites ces derniers mois font front contre la probl\u00e9matique du ch\u00f4mage qui a atteint un pic tr\u00e8s \u00e9lev\u00e9. Et si les \u00e9lites s\u2019y pr\u00e9occupent \u00e0 la lumi\u00e8re des enjeux de l\u2019Etat social esquiss\u00e9 par le souverain, c\u2019est aussi parce que c\u2019est la pierre angulaire du d\u00e9veloppement, selon la Banque Mondiale.<\/p>\n<p>\u00ab\u00a0Dans les pays en d\u00e9veloppement, les emplois sont la pierre angulaire du d\u00e9veloppement et ont un impact bien au-del\u00e0 des revenus qu\u2019ils procurent. Ils sont essentiels \u00e0 la r\u00e9duction de la pauvret\u00e9, au fonctionnement des villes et \u00e0 l\u2019ouverture aux jeunes de perspectives\u00a0\u00bb, explique l\u2019institution de Bretton Woods dans l\u2019un de ses rapports sur le sujet.<\/p>\n<p><strong>Lire aussi | <a href=\"https:\/\/www.challenge.ma\/akhannouch-rassure-sur-les-stocks-en-produits-petroliers-319678\/#:~:text=ENERGIE-,Akhannouch%20rassure%20sur%20les%20stocks%20en%20produits%20p%C3%A9troliers,-written%20by%20Challenge\" target=\"_blank\" rel=\"noreferrer noopener\">Akhannouch rassure sur les stocks en produits p\u00e9troliers<\/a><\/strong><\/p>\n<p>Fid\u00e8le \u00e0 ce sujet, la Banque Mondiale a r\u00e9cemment publi\u00e9 une s\u00e9rie de rapport se penchant sur cette probl\u00e9matique. Le Rapport sur la croissance et l\u2019emploi au Maroc et le Diagnostic du secteur priv\u00e9 au Maroc se conjuguent pour identifier les changements structurels qui permettraient au Maroc d\u2019\u00e9voluer vers une croissance transformatrice, en articulant r\u00e9formes macro\u00e9conomiques et opportunit\u00e9s d\u2019investissement priv\u00e9 dans les secteurs cl\u00e9s de l\u2019\u00e9conomie. \u00ab Entre 2000 et 2024, la population en \u00e2ge de travailler a progress\u00e9 pr\u00e8s de 2,5\u202ffois plus vite que l\u2019emploi.<\/p>\n<p>Alors que 40% des industries \u00e9voluent dans un environnement peu concurrentiel, les entreprises peinent \u00e0 se d\u00e9velopper et \u00e0 accro\u00eetre leur productivit\u00e9. Le taux d\u2019activit\u00e9 des femmes demeure parmi les plus faibles au monde, malgr\u00e9 la progression de leur niveau d\u2019\u00e9tudes, et continue en outre de s\u2019\u00e9roder \u00bb, explique le rapport.<\/p>\n<p><strong>Faut-il un new deal ?<\/strong><\/p>\n<p>13%, c\u2019est le chiffre qui repr\u00e9sente un v\u00e9ritable d\u00e9fi pour l\u2019\u00e9quipe Akhannouch. Structurel ou conjoncturel ? Selon l\u2019\u00e9conomiste Mehdi Fakir, la lecture du gouvernement penche plus vers la causalit\u00e9 conjoncturelle. \u00ab\u00a0Je vous rappelle qu\u2019il y a quelque ann\u00e9e l\u2019Espagne a travers\u00e9 une v\u00e9ritable crise de l\u2019immobilier qui a presque fait grimper \u00e0 toute allure\u00a0 le taux ch\u00f4mage. Je n\u2019ai pas vu \u00e0 mon sens des mesures \u00e9difiantes \u00e0 part une autor\u00e9gulation du march\u00e9 qui a fait redescendre la pression\u00a0\u00bb.\u00a0<\/p>\n<p>Et de poursuivre :\u00a0\u00bb\u00c0 d\u00e9faut de cela on peut opter comme ce qu\u2019a fait les Usa avec le New deal o\u00f9 l\u2019Etat a impuls\u00e9 de grands travaux qui ont\u00a0 \u00e9t\u00e9 pourvoyeuse en grande masse d\u2019emploi\u00a0\u00bb. Pour la petite histoire, le New deal de Roosevelt, intervenait juste apr\u00e8s la crise de 1929. Au travers d\u2019organisme cl\u00e9 tels que la Work Project Administration, la National Recovery Administration, cette politique a pu permettre aux Usa de traverser le d\u00e9sert de crash boursier.<\/p>\n<p><strong>Lire aussi | <a href=\"https:\/\/www.challenge.ma\/bureaux-de-change-attijari-payment-et-africa-exchange-scellent-un-partenariat-strategique-319672\/#:~:text=DIGITALISATION-,Bureaux%20de%20change%3A%20Attijari%20Payment%20et%20Africa%2DExchange%20scellent%20un%20partenariat%20strat%C3%A9gique,-written%20by%20Challenge\" target=\"_blank\" rel=\"noreferrer noopener\">Bureaux de change: Attijari Payment et Africa-Exchange scellent un partenariat strat\u00e9gique<\/a><\/strong><\/p>\n<p>Dans le Vieux continent, l\u2019Union europ\u00e9enne a commenc\u00e9 \u00e0 lutter contre le ch\u00f4mage d\u00e8s le d\u00e9but des ann\u00e9es 1950. En 1997, dans un contexte de ch\u00f4mage \u00e9lev\u00e9 au sein de la plupart des pays europ\u00e9ens, les \u00e9lites Europ\u00e9ennes jettent les bases du trait\u00e9 d\u2019Amsterdam qui a fourni les fondements pour l\u2019\u00e9laboration de la strat\u00e9gie europ\u00e9enne pour l\u2019emploi (SEE) et la cr\u00e9ation du Comit\u00e9 de l\u2019emploi. Dans le m\u00eame sens, l\u2019UE a aussi lanc\u00e9 le Fonds social europ\u00e9en (FSE) destin\u00e9\u00a0\u00a0 \u00e0 soutenir la promotion de l\u2019emploi et une mobilit\u00e9 accrue des travailleurs.<\/p>\n<p>En Am\u00e9rique Latine, le Mexique, qui fait face \u00e0 ce fl\u00e9au depuis les ann\u00e9es 2000, a impuls\u00e9 une v\u00e9ritable politique sociale qui a commenc\u00e9 \u00e0 donner ses fruits. Par exemple, pour contrecarrer les effets de la hausse des prix sur le pouvoir d\u2019achat des Mexicains, les autorit\u00e9s ont \u00e9lev\u00e9 le salaire minimum de 20% par rapport \u00e0 2013. Entre 2019 et 2023, le droit du travail a \u00e9t\u00e9 l\u2019objet d\u2019une s\u00e9rie de r\u00e9formes. Le march\u00e9 du travail s\u2019est redress\u00e9 depuis. En 2023, le taux de ch\u00f4mage au Mexique est tomb\u00e9 \u00e0 2,9 %. Rappelons que le taux de ch\u00f4mage en 2009 \u00e9tait de 7,3 %.\u00a0<\/p>\n<p>Formulant des recommandations strat\u00e9giques, Javier Diaz Cassou, Economiste Senior principal pour le Maroc \u00e0 la Banque mondiale, articule les r\u00e9formes autour de quatre axes qui se renforcent mutuellement\u202f: des march\u00e9s plus efficaces et plus comp\u00e9titifs, des entreprises plus dynamiques, des investissements publics \u00e0 plus fort impact et des march\u00e9s du travail plus inclusifs. \u00abCes r\u00e9formes pourraient g\u00e9n\u00e9rer 1,7\u202fmillion d\u2019emplois suppl\u00e9mentaires d\u2019ici 2035 et 2,5\u202fmillions \u00e0 l\u2019horizon 2050, tout en portant le PIB r\u00e9el \u00e0 pr\u00e8s de 20\u202f% au-dessus du niveau de r\u00e9f\u00e9rence, concr\u00e9tisant ainsi les ambitions du Nouveau mod\u00e8le de d\u00e9veloppement en une trajectoire atteignable \u00bb, explique l\u2019expert de la Banque Mondiale.<\/p>\n<p><strong>Lire aussi | <a href=\"https:\/\/www.challenge.ma\/les-fondateurs-dintelcia-finalisent-lacquistion-de-100-du-capital-319690\/#:~:text=TECH%20%2D%20NUM%C3%89RIQUE-,Les%20fondateurs%20d%E2%80%99Intelcia%20finalisent%20l%E2%80%99acquistion%20de%20100%25%20du%20capital,-written%20by%20Challenge\" target=\"_blank\" rel=\"noreferrer noopener\">Les fondateurs d\u2019Intelcia finalisent l\u2019acquistion de 100% du capital<\/a><\/strong><\/p>\n<p>Par ailleurs, il faut noter que le Diagnostic-pays du secteur priv\u00e9 (CPSD) met en \u00e9vidence quatre secteurs \u00e0 fort potentiel o\u00f9 les r\u00e9formes pourraient d\u00e9clencher un afflux significatif d\u2019investissements priv\u00e9s \u00e0 moyen terme, \u00e0 savoir la production d\u00e9centralis\u00e9e d\u2019\u00e9nergie solaire, le textile bas-carbone, les cosm\u00e9tiques \u00e0 base d\u2019argan et l\u2019aquaculture marine. Ces secteurs sont en phase avec les priorit\u00e9s du Maroc, \u00e0 savoir la croissance verte, la modernisation industrielle et le d\u00e9veloppement r\u00e9gional, mais font l\u2019objet d\u2019investissements priv\u00e9s relativement faibles par rapport \u00e0 eux de pays comparables. Si elles sont mises en \u0153uvre, ces mesures pourraient d\u00e9bloquer environ 7,4\u202fmilliards de dollars d\u2019investissements priv\u00e9s et soutenir la cr\u00e9ation de plus de 166\u202f000\u202femplois dans les quatre sous-secteurs examin\u00e9s au cours des cinq \u00e0 dix prochaines ann\u00e9es, pr\u00e9viennent les expert de la Banque.<\/p>\n<p><strong>Faut-il repenser la politique \u00e9conomique\u00a0?<\/strong><\/p>\n<p>Si on se base sur les travaux de l\u2019\u00e9conomiste Thomas Piketty pour analyser les chiffres r\u00e9cents du taux de ch\u00f4mage, on peut probablement conclure \u00e0 une \u00ab\u00a0erreur de politique \u00e9conomique\u00a0\u00bb. Pour l\u2019\u00e9conomiste Adnane Benchekroune, il faut requalifier le constat: \u00ab\u00a0C\u2019est une politique \u00e9conomique insuffisante\u00a0\u00bb. Pour lui, \u00ab\u00a0il y a encore des moteurs qui ne sont pas encore allum\u00e9s. Aujourd\u2019hui on doit lancer des plans d\u2019acc\u00e9l\u00e9ration dans des secteurs comme l\u2019agro-alimentaire, l\u2019a\u00e9ronautique, le b\u00e2timent\u2026\u00a0\u00bb Et d\u2019ajouter: \u00ab\u00a0En attendant les fruits du ruissellement \u00e9conomique, le gouvernement doit soutenir davantage l\u2019offre\u00a0\u00bb.\u00a0<\/p>\n<p>\u00ab\u00a0A mon sens, la base de tout ruissellement positif sur l\u2019ensemble des strates de la population passe par une augmentation m\u00e9canique de la croissance \u00e9conomique. Un d\u00e9bat sur la hi\u00e9rarchisation des chantiers peut bien entendu toujours se poser, mais le fondement majeur demeure, de fait, de combien, chaque ann\u00e9e, augmente la richesse produite. De ce fait, tendre vers les 5 ou 6% de croissance annuelle que chacun appelle de ses v\u0153ux, semble un pr\u00e9-requis indispensable. Or, malheureusement, dans le contexte macro\u00e9conomique actuel, au niveau mondial, nous ne semblons pas prendre cette orientation, du moins pas \u00e0 court terme. En parall\u00e8le, et \u00e0 plus long terme, je pense que les r\u00e9formes en cours du syst\u00e8me \u00e9ducatif sont de nature \u00e0 am\u00e9liorer l\u2019employabilit\u00e9, notamment des jeunes, tout en accroissant la productivit\u00e9 et l\u2019efficience, pour pouvoir \u00e9voquer une inflexion de la courbe du ch\u00f4mage\u00a0\u00bb, nous confie l\u2019\u00e9conomiste Hicham Alaoui.<\/p>\n<p><strong>Lire aussi | <a href=\"https:\/\/www.challenge.ma\/groupe-tanger-med-le-chiffre-daffaires-augmente-de-16-en-2025-319687\/#:~:text=PORTUAIRE-,Groupe%20Tanger%C2%A0Med%3A%20le%20chiffre%20d%E2%80%99affaires%20augmente%20de%2016%25%20en%202025,-written%20by%20Challenge\" target=\"_blank\" rel=\"noreferrer noopener\">Groupe Tanger\u00a0Med: le chiffre d\u2019affaires augmente de 16% en 2025<\/a><\/strong><\/p>\n<p>Dans une note publi\u00e9e sur Economia, l\u2019enseignante chercheur en \u00e9conomie Caroline Minialai interrogeait quelques ann\u00e9es en arri\u00e8re la politique \u00e9conomique du Maroc. Dans un article intitul\u00e9: \u00ab\u00a0Le Maroc a-t-il une strat\u00e9gie \u00e9conomique ?\u00a0\u00bb, l\u2019\u00e9conomiste d\u00e9clare :\u00a0\u00bbS\u2019il est encore trop t\u00f4t pour mesurer les effets des programmes consacr\u00e9s au PIB industriel ou au PIB agricole et savoir si un de ces deux secteurs pourra \u00eatre le moteur de notre croissance, on peut d\u2019ores et d\u00e9j\u00e0 s\u2019int\u00e9resser aux secteurs de l\u2019immobilier, du tourisme et des infrastructures, triptyque mis en avant par nos dirigeants. Ces trois piliers de la politique \u00e9conomique ont en commun leur forte d\u00e9pendance vis-\u00e0-vis de l\u2019ext\u00e9rieur : l\u2019engagement des touristes ou des investisseurs est fonction d\u2019un grand nombre de contraintes que le gouvernement ne peut pas enti\u00e8rement ma\u00eetriser (g\u00e9opolitique de la r\u00e9gion, croissance des autres pays \u00e9mergents\u2026). Mais au-del\u00e0 de cette d\u00e9pendance, chacun de ces axes pose probl\u00e8me en termes de contribution \u00e0 la croissance. R\u00e9former ! C\u2019est le mot de la fin. R\u00e9former pour construire les m\u00e9canismes n\u00e9cessaires \u00e0 l\u2019\u00e9laboration, la mise en \u0153uvre et le contr\u00f4le de politiques publiques concert\u00e9es de d\u00e9veloppement \u00e9conomique\u00a0\u00bb.<\/p>\n<p>Auteur: Ismail Saraoui<br \/>\n<a href=\"https:\/\/www.challenge.ma\/chomage-au-maroc-le-new-deal-de-la-banque-mondiale-319699\/\">Cliquez ici pour lire l&rsquo;article depuis sa source.<\/a><\/p>\n","protected":false},"excerpt":{"rendered":"<p>Le Maroc pourrait g\u00e9n\u00e9rer 1,7 million d\u2019emplois suppl\u00e9mentaires d\u2019ici 2035 et augmenter son PIB r\u00e9el de pr\u00e8s de 20 % au-dessus de son niveau de r\u00e9f\u00e9rence. Toutefois, ce potentiel ne se concr\u00e9tisera qu\u2019\u00e0 condition de mettre en \u0153uvre un programme de r\u00e9formes ambitieux. Deux rapports de la Banque mondiale analysent cette \u00e9quation. En 2012 \u00e0 [&hellip;]<\/p>\n","protected":false},"author":1787,"featured_media":185362,"comment_status":"closed","ping_status":"closed","sticky":false,"template":"","format":"standard","meta":{"fifu_image_url":"https:\/\/www.challenge.ma\/wp-content\/uploads\/2025\/07\/65c202f3ba641_65c1544d5fdad_Jeunes-Emploi-Chomage-1.png","fifu_image_alt":"Ch\u00f4mage au Maroc: le new deal de la Banque mondiale !","footnotes":""},"categories":[78,54],"tags":[],"class_list":["post-185361","post","type-post","status-publish","format-standard","has-post-thumbnail","hentry","category-economie","category-maroc"],"_links":{"self":[{"href":"https:\/\/linitiative.ca\/International\/wp-json\/wp\/v2\/posts\/185361","targetHints":{"allow":["GET"]}}],"collection":[{"href":"https:\/\/linitiative.ca\/International\/wp-json\/wp\/v2\/posts"}],"about":[{"href":"https:\/\/linitiative.ca\/International\/wp-json\/wp\/v2\/types\/post"}],"author":[{"embeddable":true,"href":"https:\/\/linitiative.ca\/International\/wp-json\/wp\/v2\/users\/1787"}],"replies":[{"embeddable":true,"href":"https:\/\/linitiative.ca\/International\/wp-json\/wp\/v2\/comments?post=185361"}],"version-history":[{"count":0,"href":"https:\/\/linitiative.ca\/International\/wp-json\/wp\/v2\/posts\/185361\/revisions"}],"wp:featuredmedia":[{"embeddable":true,"href":"https:\/\/linitiative.ca\/International\/wp-json\/wp\/v2\/media\/185362"}],"wp:attachment":[{"href":"https:\/\/linitiative.ca\/International\/wp-json\/wp\/v2\/media?parent=185361"}],"wp:term":[{"taxonomy":"category","embeddable":true,"href":"https:\/\/linitiative.ca\/International\/wp-json\/wp\/v2\/categories?post=185361"},{"taxonomy":"post_tag","embeddable":true,"href":"https:\/\/linitiative.ca\/International\/wp-json\/wp\/v2\/tags?post=185361"}],"curies":[{"name":"wp","href":"https:\/\/api.w.org\/{rel}","templated":true}]}}