{"id":185367,"date":"2026-04-29T17:17:06","date_gmt":"2026-04-29T21:17:06","guid":{"rendered":"https:\/\/linitiative.ca\/International\/izdihar-lance-green-shift-un-modele-de-decarbonation-industrielle-au-maroc\/"},"modified":"2026-04-29T17:17:06","modified_gmt":"2026-04-29T21:17:06","slug":"izdihar-lance-green-shift-un-modele-de-decarbonation-industrielle-au-maroc","status":"publish","type":"post","link":"https:\/\/linitiative.ca\/International\/izdihar-lance-green-shift-un-modele-de-decarbonation-industrielle-au-maroc\/","title":{"rendered":"Izdihar lance \u201cGreen Shift\u201d, un mod\u00e8le de d\u00e9carbonation industrielle au Maroc"},"content":{"rendered":"<p><strong>L\u2019Association Izdihar a officiellement lanc\u00e9, mercredi 29 avril \u00e0 Casablanca, au Centre Multiservices de Sidi Bernoussi, le programme Izdihar Green Shift (IGS), une initiative structurante visant \u00e0 acc\u00e9l\u00e9rer la d\u00e9carbonation des zones industrielles tout en renfor\u00e7ant la comp\u00e9titivit\u00e9 des entreprises marocaines.<\/strong><\/p>\n<p>Organis\u00e9 au Centre multiservices Izdihar, l\u2019\u00e9v\u00e9nement a r\u00e9uni un large \u00e9cosyst\u00e8me d\u2019acteurs publics et priv\u00e9s : repr\u00e9sentants institutionnels, industriels, experts de la transition \u00e9nerg\u00e9tique, partenaires techniques et financiers. Une mobilisation qui illustre la mont\u00e9e en puissance des enjeux li\u00e9s \u00e0 la transition bas carbone au Maroc.<\/p>\n<p><strong>Une initiative concr\u00e8te au c\u0153ur des priorit\u00e9s nationales<\/strong><\/p>\n<p>Le lancement d\u2019Izdihar Green Shift s\u2019inscrit pleinement dans la trajectoire nationale de transition \u00e9nerg\u00e9tique, en coh\u00e9rence avec les Contributions D\u00e9termin\u00e9es au niveau National (CDN) et la strat\u00e9gie bas carbone \u00e0 horizon 2050.<\/p>\n<p><strong>Lire aussi I\u00a0<a href=\"https:\/\/www.challenge.ma\/decarbonation-70-de-pme-marocaines-deja-engagees-316560\/#:~:text=TRANSITION%20%C3%89NERG%C3%89TIQUE-,D%C3%A9carbonation%3A%2070%25%20de%20PME%20marocaines%20d%C3%A9j%C3%A0%20engag%C3%A9es,-written%20by%20Challenge\" target=\"_blank\" rel=\"noreferrer noopener\">D\u00e9carbonation: 70% de PME marocaines d\u00e9j\u00e0 engag\u00e9es<\/a><\/strong><\/p>\n<p>\u00c0 travers ce programme, l\u2019Association Izdihar ambitionne de transformer les zones industrielles de Sidi Bernoussi et Sidi Moumen en v\u00e9ritables plateformes op\u00e9rationnelles de d\u00e9carbonation.<\/p>\n<p>\u00ab L\u2019enjeu aujourd\u2019hui est d\u2019apporter des solutions concr\u00e8tes et adapt\u00e9es aux r\u00e9alit\u00e9s des entreprises, afin de faire de la transition \u00e9nerg\u00e9tique un levier de performance \u00bb, a d\u00e9clar\u00e9 Adil Farssi, pr\u00e9sident de l\u2019Association Izdihar.<\/p>\n<p>Izdihar Green Shift repose sur une approche op\u00e9rationnelle articul\u00e9e autour de trois leviers principaux:<\/p>\n<p><strong>Sensibilisation et formation<\/strong>: avec un objectif de toucher pr\u00e8s de 60 % des entreprises membres sur des th\u00e9matiques cl\u00e9s (efficacit\u00e9 \u00e9nerg\u00e9tique, \u00e9nergies renouvelables, finance verte, bilan carbone)<\/p>\n<p><strong>Accompagnement technique<\/strong>: visant \u00e0 accompagner environ 30 % des entreprises vers des certifications environnementales (ISO 50001, ISO 14001, bilan carbone)<\/p>\n<p><strong>Projets collectifs<\/strong>: d\u00e9veloppement de solutions mutualis\u00e9es \u00e0 fort impact \u00e9nerg\u00e9tique<\/p>\n<p><strong>Lire aussi I\u00a0<a href=\"https:\/\/www.challenge.ma\/mme-benali-les-energies-vertes-representent-46-de-la-capacite-nationale-313155\/#:~:text=ENERGIE-,Mme%20Benali%3A%20les%20%C3%A9nergies%20vertes%20repr%C3%A9sentent%2046%25%20de%20la%20capacit%C3%A9%20nationale,-written%20by%20Challenge\" target=\"_blank\" rel=\"noreferrer noopener\">Mme Benali: les \u00e9nergies vertes repr\u00e9sentent 46% de la capacit\u00e9 nationale<\/a><\/strong><\/p>\n<p>L\u2019Association Izdihar f\u00e9d\u00e8re aujourd\u2019hui plus de 120 entreprises, constituant un \u00e9cosyst\u00e8me propice \u00e0 l\u2019exp\u00e9rimentation de solutions \u00e0 l\u2019\u00e9chelle des zones industrielles.<\/p>\n<p><strong>Un premier PPA collaboratif annonc\u00e9<\/strong><\/p>\n<p>Parmi les annonces majeures de cette journ\u00e9e figure la mise en place du premier Power Purchase Agreement (PPA) collaboratif au Maroc, une innovation importante pour le tissu industriel.<\/p>\n<p>Ce dispositif permettra aux entreprises de s\u00e9curiser un approvisionnement en \u00e9nergie verte comp\u00e9titive, de r\u00e9duire leur d\u00e9pendance aux \u00e9nergies fossiles, d\u2019am\u00e9liorer leur comp\u00e9titivit\u00e9 et de diminuer leur empreinte carbone. Cette approche collective constitue une avanc\u00e9e structurante dans la mani\u00e8re d\u2019aborder la transition \u00e9nerg\u00e9tique \u00e0 l\u2019\u00e9chelle des zones industrielles.<\/p>\n<p><strong>Lire aussi I\u00a0<a href=\"https:\/\/www.challenge.ma\/smart-grids-que-vaut-veritablement-lecosysteme-au-maroc-313129\/\" target=\"_blank\" rel=\"noreferrer noopener\">Smart Grids: que vaut v\u00e9ritablement l\u2019\u00e9cosyst\u00e8me au Maroc ?<\/a><\/strong><\/p>\n<p>Le lancement du programme a b\u00e9n\u00e9fici\u00e9 du soutien de plusieurs acteurs publics et partenaires de r\u00e9f\u00e9rence, notamment le minist\u00e8re de l\u2019Industrie et du Commerce, le minist\u00e8re de la Transition \u00c9nerg\u00e9tique et du D\u00e9veloppement Durable, l\u2019AMEE (Agence Marocaine pour l\u2019Efficacit\u00e9 \u00c9nerg\u00e9tique) et IMANOR (Institut Marocain de Normalisation). Des conventions de partenariat ont \u00e9t\u00e9 sign\u00e9es \u00e0 cette occasion, marquant une \u00e9tape cl\u00e9 dans l\u2019op\u00e9rationnalisation du programme.<\/p>\n<p>L\u2019\u00e9v\u00e9nement a \u00e9galement \u00e9t\u00e9 soutenu par plusieurs entreprises partenaires et sponsors engag\u00e9s dans la transition \u00e9nerg\u00e9tique, dont Sothema, Taqa Morocco, GI Energy, INES, Logiphar et Green Wave.<\/p>\n<p>Auteur: Challenge<br \/>\n<a href=\"https:\/\/www.challenge.ma\/izdihar-lance-green-shift-un-modele-de-decarbonation-industrielle-au-maroc-319710\/\">Cliquez ici pour lire l&rsquo;article depuis sa source.<\/a><\/p>\n","protected":false},"excerpt":{"rendered":"<p>L\u2019Association Izdihar a officiellement lanc\u00e9, mercredi 29 avril \u00e0 Casablanca, au Centre Multiservices de Sidi Bernoussi, le programme Izdihar Green Shift (IGS), une initiative structurante visant \u00e0 acc\u00e9l\u00e9rer la d\u00e9carbonation des zones industrielles tout en renfor\u00e7ant la comp\u00e9titivit\u00e9 des entreprises marocaines. Organis\u00e9 au Centre multiservices Izdihar, l\u2019\u00e9v\u00e9nement a r\u00e9uni un large \u00e9cosyst\u00e8me d\u2019acteurs publics et [&hellip;]<\/p>\n","protected":false},"author":1787,"featured_media":185368,"comment_status":"closed","ping_status":"closed","sticky":false,"template":"","format":"standard","meta":{"fifu_image_url":"https:\/\/www.challenge.ma\/wp-content\/uploads\/2026\/04\/WhatsApp-Image-2026-04-29-at-18.13.16.jpeg","fifu_image_alt":"Izdihar lance \u201cGreen Shift\u201d, un mod\u00e8le de d\u00e9carbonation industrielle au Maroc","footnotes":""},"categories":[78,54],"tags":[],"class_list":["post-185367","post","type-post","status-publish","format-standard","has-post-thumbnail","hentry","category-economie","category-maroc"],"_links":{"self":[{"href":"https:\/\/linitiative.ca\/International\/wp-json\/wp\/v2\/posts\/185367","targetHints":{"allow":["GET"]}}],"collection":[{"href":"https:\/\/linitiative.ca\/International\/wp-json\/wp\/v2\/posts"}],"about":[{"href":"https:\/\/linitiative.ca\/International\/wp-json\/wp\/v2\/types\/post"}],"author":[{"embeddable":true,"href":"https:\/\/linitiative.ca\/International\/wp-json\/wp\/v2\/users\/1787"}],"replies":[{"embeddable":true,"href":"https:\/\/linitiative.ca\/International\/wp-json\/wp\/v2\/comments?post=185367"}],"version-history":[{"count":0,"href":"https:\/\/linitiative.ca\/International\/wp-json\/wp\/v2\/posts\/185367\/revisions"}],"wp:featuredmedia":[{"embeddable":true,"href":"https:\/\/linitiative.ca\/International\/wp-json\/wp\/v2\/media\/185368"}],"wp:attachment":[{"href":"https:\/\/linitiative.ca\/International\/wp-json\/wp\/v2\/media?parent=185367"}],"wp:term":[{"taxonomy":"category","embeddable":true,"href":"https:\/\/linitiative.ca\/International\/wp-json\/wp\/v2\/categories?post=185367"},{"taxonomy":"post_tag","embeddable":true,"href":"https:\/\/linitiative.ca\/International\/wp-json\/wp\/v2\/tags?post=185367"}],"curies":[{"name":"wp","href":"https:\/\/api.w.org\/{rel}","templated":true}]}}