{"id":185373,"date":"2026-04-29T16:38:15","date_gmt":"2026-04-29T20:38:15","guid":{"rendered":"https:\/\/linitiative.ca\/International\/opep-lalgerie-reagit-au-retrait-des-emirats-arabes-unis\/"},"modified":"2026-04-29T16:38:15","modified_gmt":"2026-04-29T20:38:15","slug":"opep-lalgerie-reagit-au-retrait-des-emirats-arabes-unis","status":"publish","type":"post","link":"https:\/\/linitiative.ca\/International\/opep-lalgerie-reagit-au-retrait-des-emirats-arabes-unis\/","title":{"rendered":"Opep : l\u2019Alg\u00e9rie r\u00e9agit au retrait des \u00c9mirats arabes unis"},"content":{"rendered":"<div class=\"post-cont-out\">\n<div class=\"post-cont-in no-margin\">\n<div id=\"content-main\" class=\"left relative\">\n<div class=\"liveblog-section\">\n<div id=\"elb-liveblog\" class=\"elb-liveblog elb-theme-light\" data-append-timestamp=\"1\" data-status=\"open\" data-highlighted-entry=\"\" data-show-entries=\"25\" data-endpoint=\"https:\/\/www.tunisienumerique.com\/wp-json\/easy-liveblogs\/v1\/liveblog\/1110235\">\n<div class=\"elb-liveblog-closed-message\">Le blog en direct est termin\u00e9.<\/div>\n<p><button id=\"elb-show-new-posts\" class=\"elb-button button\"\/><\/p>\n<div class=\"elb-no-liveblog-entries-message\">Aucune mise \u00e0 jour du blog en direct pour le moment.<\/div>\n<p><button id=\"elb-load-more\" class=\"elb-button button\">Charger plus<\/button><\/div>\n<\/div>\n<div class=\"simplesocialbuttons simplesocial-round-btm-border simplesocialbuttons_inline simplesocialbuttons-align-left post-1110235 post simplesocialbuttons-inline-no-animation\"><button class=\"simplesocial-fb-share\" rel=\"nofollow\" target=\"_blank\" aria-label=\"Facebook Share\" data-href=\"https:\/\/www.facebook.com\/sharer\/sharer.php?u=https:\/\/www.tunisienumerique.com\/opep-lalgerie-reagit-au-retrait-des-emirats-arabes-unis\/\" onclick=\"javascript:window.open(this.dataset.href, '', 'menubar=no,toolbar=no,resizable=yes,scrollbars=yes,height=600,width=600');return false;\"><span class=\"simplesocialtxt\">Facebook<\/span><\/button> <button class=\"simplesocial-twt-share\" rel=\"nofollow\" target=\"_blank\" aria-label=\"Twitter Share\" data-href=\"https:\/\/twitter.com\/intent\/tweet?text=Opep+%3A+l%E2%80%99Alg%C3%A9rie+r%C3%A9agit+au+retrait+des+%C3%89mirats+arabes+unis&amp;url=https:\/\/www.tunisienumerique.com\/opep-lalgerie-reagit-au-retrait-des-emirats-arabes-unis\/\" onclick=\"javascript:window.open(this.dataset.href, '', 'menubar=no,toolbar=no,resizable=yes,scrollbars=yes,height=600,width=600');return false;\"><span class=\"simplesocialtxt\">Twitter<\/span><\/button> <button rel=\"nofollow\" target=\"_blank\" class=\"simplesocial-linkedin-share\" aria-label=\"LinkedIn Share\" data-href=\"https:\/\/www.linkedin.com\/sharing\/share-offsite\/?url=https:\/\/www.tunisienumerique.com\/opep-lalgerie-reagit-au-retrait-des-emirats-arabes-unis\/\" onclick=\"javascript:window.open(this.dataset.href, '', 'menubar=no,toolbar=no,resizable=yes,scrollbars=yes,height=600,width=600');return false;\"><span class=\"simplesocialtxt\">LinkedIn<\/span><\/button> <button onclick=\"javascript:window.open(this.dataset.href, '_blank' );return false;\" class=\"simplesocial-whatsapp-share\" rel=\"nofollow\" target=\"_blank\" aria-label=\"WhatsApp Share\" data-href=\"https:\/\/api.whatsapp.com\/send?text=https:\/\/www.tunisienumerique.com\/opep-lalgerie-reagit-au-retrait-des-emirats-arabes-unis\/\"><span class=\"simplesocialtxt\">WhatsApp<\/span><\/button><\/p>\n<\/div>\n<p><button class=\"simplefavorite-button\" data-postid=\"1110235\" data-siteid=\"1\" data-groupid=\"1\" data-favoritecount=\"0\"> Lire plus tard<\/button><\/p>\n<p>Au lendemain de l\u2019annonce des \u00c9mirats arabes unis de leur retrait du cartel p\u00e9trolier, l\u2019Alg\u00e9rie a r\u00e9affirm\u00e9 ce mercredi son \u00ab engagement ind\u00e9fectible \u00bb envers l\u2019Opep.<\/p>\n<p>L\u2019Alg\u00e9rie a r\u00e9agi ce mercredi \u00e0 la d\u00e9cision des \u00c9mirats arabes unis de quitter l\u2019Organisation des pays exportateurs de\u00a0p\u00e9trole\u00a0(Opep).<\/p>\n<p>Dans un communiqu\u00e9, le minist\u00e8re des Hydrocarbures a r\u00e9affirm\u00e9 \u00ab\u00a0l\u2019engagement ind\u00e9fectible\u00a0\u00bb de l\u2019Alg\u00e9rie envers le cartel p\u00e9trolier et la D\u00e9claration de coop\u00e9ration (OPEP+), qui repr\u00e9sentent les \u00ab\u00a0cadres fondamentaux de la stabilit\u00e9 du march\u00e9 p\u00e9trolier mondial\u00a0\u00bb.<\/p>\n<p>Dans le m\u00eame communiqu\u00e9 et sans citer les \u00c9mirats arabes unis, l\u2019Alg\u00e9rie a r\u00e9affirm\u00e9 le \u00ab\u00a0r\u00f4le strat\u00e9gique et structurel\u00a0\u00bb de l\u2019OPEP dans la \u00ab\u00a0d\u00e9fense des int\u00e9r\u00eats des pays producteurs, la stabilisation des march\u00e9s p\u00e9troliers et la promotion d\u2019un dialogue \u00e9quilibr\u00e9 avec les pays consommateurs\u00a0\u00bb.<\/p>\n<p>Depuis sa cr\u00e9ation le 14 septembre 1960 \u00e0 Bagdad, le cartel p\u00e9trolier, que l\u2019Alg\u00e9rie a rejoint en 1969, a d\u00e9montr\u00e9 sa \u00ab\u00a0capacit\u00e9\u00a0\u00bb \u00e0 \u00ab\u00a0maintenir l\u2019\u00e9quilibre\u00a0\u00bb du march\u00e9 mondial, \u00e0 assurer une \u00ab\u00a0r\u00e9ponse coh\u00e9rente\u00a0\u00bb \u00e0 la demande de p\u00e9trole et \u00e0 \u00ab\u00a0soutenir\u00a0\u00bb la croissance \u00e9conomique mondiale, a ajout\u00e9 le d\u00e9partement de Mohamed Arkab.<\/p>\n<p>L\u2019Alg\u00e9rie r\u00e9it\u00e8re son engagement envers l\u2019Opep et l\u2019Opep+<\/p>\n<p>\u00c0 contre-courant des \u00c9mirats arabes unis, l\u2019Alg\u00e9rie a r\u00e9it\u00e9r\u00e9 son engagement \u00e0 \u00ab\u00a0poursuivre\u00a0\u00bb et \u00e0 \u00ab\u00a0renforcer\u00a0\u00bb sa participation au sein de l\u2019Opep et de l\u2019OPEP+, dans un \u00ab\u00a0esprit de responsabilit\u00e9 collective, de dialogue et de coordination, au service de la stabilit\u00e9 durable du march\u00e9 p\u00e9trolier mondial\u00a0\u00bb.<\/p>\n<p>Le d\u00e9veloppement de son secteur p\u00e9trolier et gazier est \u00ab\u00a0historiquement et structurellement\u00a0\u00bb li\u00e9 \u00e0 l\u2019OPEP, a rappel\u00e9 le minist\u00e8re des Hydrocarbures. Le cartel qui regroupe demeure un \u00ab\u00a0membre pleinement engag\u00e9, respectant les principes de solidarit\u00e9, de concertation et de discipline collective\u00a0\u00bb.<\/p>\n<p>\u00c0 l\u2019approche du dixi\u00e8me anniversaire de l\u2019Accord d\u2019Alger, accord historique qui a pos\u00e9 les fondements de la D\u00e9claration de coop\u00e9ration (OPEP+), l\u2019Alg\u00e9rie exprime sa \u00ab\u00a0conviction\u00a0\u00bb que les d\u00e9cisions prises au cours de la derni\u00e8re d\u00e9cennie, sous l\u2019impulsion de la coh\u00e9sion et de la responsabilit\u00e9 des pays membres et non membres du cartel, ont \u00e9t\u00e9 \u00ab\u00a0essentielles au maintien de la stabilit\u00e9 et de l\u2019\u00e9quilibre du march\u00e9 p\u00e9trolier mondial, tout en soutenant la croissance dynamique de l\u2019\u00e9conomie mondiale.\u00a0\u00bb<\/p>\n<p>Dans un contexte de tensions avec l\u2019Iran et les pays du Golfe, notamment l\u2019Arabie Saoudite, les \u00c9mirats arabes unis ont annonc\u00e9 mardi leur d\u00e9cision de quitter l\u2019Opep et l\u2019Opep+.<\/p>\n<div class=\"simplesocialbuttons simplesocial-round-btm-border simplesocialbuttons_inline simplesocialbuttons-align-left post-1110235 post simplesocialbuttons-inline-no-animation\"><button class=\"simplesocial-fb-share\" rel=\"nofollow\" target=\"_blank\" aria-label=\"Facebook Share\" data-href=\"https:\/\/www.facebook.com\/sharer\/sharer.php?u=https:\/\/www.tunisienumerique.com\/opep-lalgerie-reagit-au-retrait-des-emirats-arabes-unis\/\" onclick=\"javascript:window.open(this.dataset.href, '', 'menubar=no,toolbar=no,resizable=yes,scrollbars=yes,height=600,width=600');return false;\"><span class=\"simplesocialtxt\">Facebook<\/span><\/button> <button class=\"simplesocial-twt-share\" rel=\"nofollow\" target=\"_blank\" aria-label=\"Twitter Share\" data-href=\"https:\/\/twitter.com\/intent\/tweet?text=Opep+%3A+l%E2%80%99Alg%C3%A9rie+r%C3%A9agit+au+retrait+des+%C3%89mirats+arabes+unis&amp;url=https:\/\/www.tunisienumerique.com\/opep-lalgerie-reagit-au-retrait-des-emirats-arabes-unis\/\" onclick=\"javascript:window.open(this.dataset.href, '', 'menubar=no,toolbar=no,resizable=yes,scrollbars=yes,height=600,width=600');return false;\"><span class=\"simplesocialtxt\">Twitter<\/span><\/button> <button rel=\"nofollow\" target=\"_blank\" class=\"simplesocial-linkedin-share\" aria-label=\"LinkedIn Share\" data-href=\"https:\/\/www.linkedin.com\/sharing\/share-offsite\/?url=https:\/\/www.tunisienumerique.com\/opep-lalgerie-reagit-au-retrait-des-emirats-arabes-unis\/\" onclick=\"javascript:window.open(this.dataset.href, '', 'menubar=no,toolbar=no,resizable=yes,scrollbars=yes,height=600,width=600');return false;\"><span class=\"simplesocialtxt\">LinkedIn<\/span><\/button> <button onclick=\"javascript:window.open(this.dataset.href, '_blank' );return false;\" class=\"simplesocial-whatsapp-share\" rel=\"nofollow\" target=\"_blank\" aria-label=\"WhatsApp Share\" data-href=\"https:\/\/api.whatsapp.com\/send?text=https:\/\/www.tunisienumerique.com\/opep-lalgerie-reagit-au-retrait-des-emirats-arabes-unis\/\"><span class=\"simplesocialtxt\">WhatsApp<\/span><\/button><\/p>\n<\/div>\n<p><strong>Que se passe-t-il en Tunisie?<\/strong><br \/>Nous expliquons sur notre <a href=\"https:\/\/www.youtube.com\/channel\/UCRzypVq0B_yBad5eGrwBx0Q?sub_confirmation=1\" target=\"_blank\">cha\u00eene YouTube<\/a> . <a href=\"https:\/\/www.youtube.com\/channel\/UCRzypVq0B_yBad5eGrwBx0Q?sub_confirmation=1\" target=\"_blank\">Abonnez-vous!<\/a><\/p>\n<div class=\"mvp-org-wrap\" itemprop=\"publisher\" itemscope=\"itemscope\" itemtype=\"https:\/\/schema.org\/Organization\">\n<div class=\"mvp-org-logo\" itemprop=\"logo\" itemscope=\"itemscope\" itemtype=\"https:\/\/schema.org\/ImageObject\"><img loading=\"lazy\" decoding=\"async\" width=\"290\" height=\"78\" src=\"https:\/\/www.tunisienumerique.com\/wp-content\/uploads\/2024\/03\/Logo-Tn1-1-3.png\"\/><br \/>\n<meta itemprop=\"url\" content=\"https:\/\/www.tunisienumerique.com\/wp-content\/uploads\/2024\/03\/Logo-Tn1-1-3.png\"\/><\/div>\n<p><meta itemprop=\"name\" content=\"Tunisie numerique\"\/><\/div>\n<div class=\"post-tags\"><span class=\"post-tags-header\">SUJETS CONNEXES:<\/span><\/div>\n<div id=\"article-ad\">\n  <ins class=\"adsbygoogle\" data-ad-client=\"ca-pub-2102118777505746\" data-ad-slot=\"6168283410\" data-ad-format=\"auto\" data-full-width-responsive=\"true\"\/>\n<\/div>\n<\/div>\n<\/div>\n<\/div>\n<p>Auteur: hamza ben khelifa<br \/>\n<a href=\"https:\/\/www.tunisienumerique.com\/opep-lalgerie-reagit-au-retrait-des-emirats-arabes-unis\/\">Cliquez ici pour lire l&rsquo;article depuis sa source.<\/a><\/p>\n","protected":false},"excerpt":{"rendered":"<p>Le blog en direct est termin\u00e9. Aucune mise \u00e0 jour du blog en direct pour le moment. Charger plus Facebook Twitter LinkedIn WhatsApp Lire plus tard Au lendemain de l\u2019annonce des \u00c9mirats arabes unis de leur retrait du cartel p\u00e9trolier, l\u2019Alg\u00e9rie a r\u00e9affirm\u00e9 ce mercredi son \u00ab engagement ind\u00e9fectible \u00bb envers l\u2019Opep. L\u2019Alg\u00e9rie a r\u00e9agi [&hellip;]<\/p>\n","protected":false},"author":1789,"featured_media":185374,"comment_status":"closed","ping_status":"closed","sticky":false,"template":"","format":"standard","meta":{"fifu_image_url":"https:\/\/www.tunisienumerique.com\/wp-content\/uploads\/2026\/04\/ie-3.jpg.jpg","fifu_image_alt":"Opep : l\u2019Alg\u00e9rie r\u00e9agit au retrait des \u00c9mirats arabes unis","footnotes":""},"categories":[73,55],"tags":[],"class_list":["post-185373","post","type-post","status-publish","format-standard","has-post-thumbnail","hentry","category-actualite","category-tunisie"],"_links":{"self":[{"href":"https:\/\/linitiative.ca\/International\/wp-json\/wp\/v2\/posts\/185373","targetHints":{"allow":["GET"]}}],"collection":[{"href":"https:\/\/linitiative.ca\/International\/wp-json\/wp\/v2\/posts"}],"about":[{"href":"https:\/\/linitiative.ca\/International\/wp-json\/wp\/v2\/types\/post"}],"author":[{"embeddable":true,"href":"https:\/\/linitiative.ca\/International\/wp-json\/wp\/v2\/users\/1789"}],"replies":[{"embeddable":true,"href":"https:\/\/linitiative.ca\/International\/wp-json\/wp\/v2\/comments?post=185373"}],"version-history":[{"count":0,"href":"https:\/\/linitiative.ca\/International\/wp-json\/wp\/v2\/posts\/185373\/revisions"}],"wp:featuredmedia":[{"embeddable":true,"href":"https:\/\/linitiative.ca\/International\/wp-json\/wp\/v2\/media\/185374"}],"wp:attachment":[{"href":"https:\/\/linitiative.ca\/International\/wp-json\/wp\/v2\/media?parent=185373"}],"wp:term":[{"taxonomy":"category","embeddable":true,"href":"https:\/\/linitiative.ca\/International\/wp-json\/wp\/v2\/categories?post=185373"},{"taxonomy":"post_tag","embeddable":true,"href":"https:\/\/linitiative.ca\/International\/wp-json\/wp\/v2\/tags?post=185373"}],"curies":[{"name":"wp","href":"https:\/\/api.w.org\/{rel}","templated":true}]}}