{"id":185375,"date":"2026-04-29T16:45:00","date_gmt":"2026-04-29T20:45:00","guid":{"rendered":"https:\/\/linitiative.ca\/International\/manouba-un-homme-meurt-noye-apres-la-chute-dune-voiture-dans-le-canal-des-eaux-du-nord\/"},"modified":"2026-04-29T16:45:00","modified_gmt":"2026-04-29T20:45:00","slug":"manouba-un-homme-meurt-noye-apres-la-chute-dune-voiture-dans-le-canal-des-eaux-du-nord","status":"publish","type":"post","link":"https:\/\/linitiative.ca\/International\/manouba-un-homme-meurt-noye-apres-la-chute-dune-voiture-dans-le-canal-des-eaux-du-nord\/","title":{"rendered":"Manouba : un homme meurt noy\u00e9 apr\u00e8s la chute d\u2019une voiture dans le canal des eaux du Nord"},"content":{"rendered":"<div class=\"post-cont-out\">\n<div class=\"post-cont-in no-margin\">\n<div id=\"content-main\" class=\"left relative\">\n<div class=\"liveblog-section\">\n<div id=\"elb-liveblog\" class=\"elb-liveblog elb-theme-light\" data-append-timestamp=\"1\" data-status=\"open\" data-highlighted-entry=\"\" data-show-entries=\"25\" data-endpoint=\"https:\/\/www.tunisienumerique.com\/wp-json\/easy-liveblogs\/v1\/liveblog\/1110206\">\n<div class=\"elb-liveblog-closed-message\">Le blog en direct est termin\u00e9.<\/div>\n<p><button id=\"elb-show-new-posts\" class=\"elb-button button\"\/><\/p>\n<div class=\"elb-no-liveblog-entries-message\">Aucune mise \u00e0 jour du blog en direct pour le moment.<\/div>\n<p><button id=\"elb-load-more\" class=\"elb-button button\">Charger plus<\/button><\/div>\n<\/div>\n<div class=\"simplesocialbuttons simplesocial-round-btm-border simplesocialbuttons_inline simplesocialbuttons-align-left post-1110206 post simplesocialbuttons-inline-no-animation\"><button class=\"simplesocial-fb-share\" rel=\"nofollow\" target=\"_blank\" aria-label=\"Facebook Share\" data-href=\"https:\/\/www.facebook.com\/sharer\/sharer.php?u=https:\/\/www.tunisienumerique.com\/manouba-un-homme-meurt-noye-apres-la-chute-dune-voiture-dans-le-canal-des-eaux-du-nord\/\" onclick=\"javascript:window.open(this.dataset.href, '', 'menubar=no,toolbar=no,resizable=yes,scrollbars=yes,height=600,width=600');return false;\"><span class=\"simplesocialtxt\">Facebook<\/span><\/button> <button class=\"simplesocial-twt-share\" rel=\"nofollow\" target=\"_blank\" aria-label=\"Twitter Share\" data-href=\"https:\/\/twitter.com\/intent\/tweet?text=Manouba+%3A+un+homme+meurt+noy%C3%A9+apr%C3%A8s+la+chute+d%E2%80%99une+voiture+dans+le+canal+des+eaux+du+Nord&amp;url=https:\/\/www.tunisienumerique.com\/manouba-un-homme-meurt-noye-apres-la-chute-dune-voiture-dans-le-canal-des-eaux-du-nord\/\" onclick=\"javascript:window.open(this.dataset.href, '', 'menubar=no,toolbar=no,resizable=yes,scrollbars=yes,height=600,width=600');return false;\"><span class=\"simplesocialtxt\">Twitter<\/span><\/button> <button rel=\"nofollow\" target=\"_blank\" class=\"simplesocial-linkedin-share\" aria-label=\"LinkedIn Share\" data-href=\"https:\/\/www.linkedin.com\/sharing\/share-offsite\/?url=https:\/\/www.tunisienumerique.com\/manouba-un-homme-meurt-noye-apres-la-chute-dune-voiture-dans-le-canal-des-eaux-du-nord\/\" onclick=\"javascript:window.open(this.dataset.href, '', 'menubar=no,toolbar=no,resizable=yes,scrollbars=yes,height=600,width=600');return false;\"><span class=\"simplesocialtxt\">LinkedIn<\/span><\/button> <button onclick=\"javascript:window.open(this.dataset.href, '_blank' );return false;\" class=\"simplesocial-whatsapp-share\" rel=\"nofollow\" target=\"_blank\" aria-label=\"WhatsApp Share\" data-href=\"https:\/\/api.whatsapp.com\/send?text=https:\/\/www.tunisienumerique.com\/manouba-un-homme-meurt-noye-apres-la-chute-dune-voiture-dans-le-canal-des-eaux-du-nord\/\"><span class=\"simplesocialtxt\">WhatsApp<\/span><\/button><\/p>\n<\/div>\n<p><button class=\"simplefavorite-button\" data-postid=\"1110206\" data-siteid=\"1\" data-groupid=\"1\" data-favoritecount=\"0\"> Lire plus tard<\/button><\/p>\n<div class=\"text-base my-auto mx-auto [--thread-content-margin:var(--thread-content-margin-xs,calc(var(--spacing)*4))] @w-sm\/main:[--thread-content-margin:var(--thread-content-margin-sm,calc(var(--spacing)*6))] @w-lg\/main:[--thread-content-margin:var(--thread-content-margin-lg,calc(var(--spacing)*16))] px-(--thread-content-margin)\">\n<div class=\"[--thread-content-max-width:40rem] @w-lg\/main:[--thread-content-max-width:48rem] mx-auto max-w-(--thread-content-max-width) flex-1 group\/turn-messages focus-visible:outline-hidden relative flex w-full min-w-0 flex-col agent-turn\">\n<div class=\"flex max-w-full flex-col gap-4 grow\">\n<div class=\"min-h-8 text-message relative flex w-full flex-col items-end gap-2 text-start break-words whitespace-normal outline-none keyboard-focused:focus-ring [.text-message+&amp;]:mt-1\" dir=\"auto\" data-message-author-role=\"assistant\" data-message-id=\"9395ff19-b1e1-422b-bdba-1177187feba4\" data-message-model-slug=\"gpt-5-5-thinking\">\n<div class=\"flex w-full flex-col gap-1 empty:hidden\">\n<div class=\"markdown prose dark:prose-invert w-full wrap-break-word light markdown-new-styling\">\n<p data-start=\"135\" data-end=\"598\">Les agents de la Protection civile de Manouba ont rep\u00each\u00e9, ce mercredi, le corps d\u2019un homme d\u2019\u00e2ge m\u00fbr dans le canal des eaux du Nord, au niveau de la route de Bjaoua, apr\u00e8s le complexe universitaire de Manouba.<\/p>\n<p data-start=\"135\" data-end=\"598\">L\u2019accident est survenu apr\u00e8s le d\u00e9rapage d\u2019une voiture \u00e0 bord de laquelle se trouvaient la victime et deux autres personnes, avant sa chute dans le canal, selon des donn\u00e9es communiqu\u00e9es par la direction r\u00e9gionale de la Protection civile \u00e0 l\u2019agence TAP.<\/p>\n<p data-start=\"600\" data-end=\"936\">Les agents sont intervenus d\u00e8s qu\u2019ils ont \u00e9t\u00e9 alert\u00e9s de l\u2019accident, vers 8h00. Ils ont pris en charge les deux accompagnateurs de la victime, qui ont \u00e9chapp\u00e9 \u00e0 la noyade, et les ont transport\u00e9s \u00e0 l\u2019h\u00f4pital pour recevoir les soins n\u00e9cessaires. Ils ont ensuite proc\u00e9d\u00e9 \u00e0 l\u2019extraction du v\u00e9hicule du canal \u00e0 l\u2019aide des \u00e9quipements requis.<\/p>\n<p data-start=\"938\" data-end=\"1270\" data-is-last-node=\"\" data-is-only-node=\"\">Selon les premiers \u00e9l\u00e9ments, l\u2019accident serait d\u00fb au d\u00e9rapage de la voiture et \u00e0 la perte de contr\u00f4le du conducteur, entra\u00eenant sa chute dans le canal et la noyade de l\u2019un de ses occupants. Le v\u00e9hicule a \u00e9t\u00e9 examin\u00e9 par les services du minist\u00e8re public de Manouba, qui ont ordonn\u00e9 le transfert du corps \u00e0 la m\u00e9decine l\u00e9gale \u00e0 Tunis.<\/p>\n<\/div>\n<\/div>\n<\/div>\n<\/div>\n<\/div>\n<\/div>\n<div class=\"simplesocialbuttons simplesocial-round-btm-border simplesocialbuttons_inline simplesocialbuttons-align-left post-1110206 post simplesocialbuttons-inline-no-animation\"><button class=\"simplesocial-fb-share\" rel=\"nofollow\" target=\"_blank\" aria-label=\"Facebook Share\" data-href=\"https:\/\/www.facebook.com\/sharer\/sharer.php?u=https:\/\/www.tunisienumerique.com\/manouba-un-homme-meurt-noye-apres-la-chute-dune-voiture-dans-le-canal-des-eaux-du-nord\/\" onclick=\"javascript:window.open(this.dataset.href, '', 'menubar=no,toolbar=no,resizable=yes,scrollbars=yes,height=600,width=600');return false;\"><span class=\"simplesocialtxt\">Facebook<\/span><\/button> <button class=\"simplesocial-twt-share\" rel=\"nofollow\" target=\"_blank\" aria-label=\"Twitter Share\" data-href=\"https:\/\/twitter.com\/intent\/tweet?text=Manouba+%3A+un+homme+meurt+noy%C3%A9+apr%C3%A8s+la+chute+d%E2%80%99une+voiture+dans+le+canal+des+eaux+du+Nord&amp;url=https:\/\/www.tunisienumerique.com\/manouba-un-homme-meurt-noye-apres-la-chute-dune-voiture-dans-le-canal-des-eaux-du-nord\/\" onclick=\"javascript:window.open(this.dataset.href, '', 'menubar=no,toolbar=no,resizable=yes,scrollbars=yes,height=600,width=600');return false;\"><span class=\"simplesocialtxt\">Twitter<\/span><\/button> <button rel=\"nofollow\" target=\"_blank\" class=\"simplesocial-linkedin-share\" aria-label=\"LinkedIn Share\" data-href=\"https:\/\/www.linkedin.com\/sharing\/share-offsite\/?url=https:\/\/www.tunisienumerique.com\/manouba-un-homme-meurt-noye-apres-la-chute-dune-voiture-dans-le-canal-des-eaux-du-nord\/\" onclick=\"javascript:window.open(this.dataset.href, '', 'menubar=no,toolbar=no,resizable=yes,scrollbars=yes,height=600,width=600');return false;\"><span class=\"simplesocialtxt\">LinkedIn<\/span><\/button> <button onclick=\"javascript:window.open(this.dataset.href, '_blank' );return false;\" class=\"simplesocial-whatsapp-share\" rel=\"nofollow\" target=\"_blank\" aria-label=\"WhatsApp Share\" data-href=\"https:\/\/api.whatsapp.com\/send?text=https:\/\/www.tunisienumerique.com\/manouba-un-homme-meurt-noye-apres-la-chute-dune-voiture-dans-le-canal-des-eaux-du-nord\/\"><span class=\"simplesocialtxt\">WhatsApp<\/span><\/button><\/p>\n<\/div>\n<p><strong>Que se passe-t-il en Tunisie?<\/strong><br \/>Nous expliquons sur notre <a href=\"https:\/\/www.youtube.com\/channel\/UCRzypVq0B_yBad5eGrwBx0Q?sub_confirmation=1\" target=\"_blank\">cha\u00eene YouTube<\/a> . <a href=\"https:\/\/www.youtube.com\/channel\/UCRzypVq0B_yBad5eGrwBx0Q?sub_confirmation=1\" target=\"_blank\">Abonnez-vous!<\/a><\/p>\n<div class=\"mvp-org-wrap\" itemprop=\"publisher\" itemscope=\"itemscope\" itemtype=\"https:\/\/schema.org\/Organization\">\n<div class=\"mvp-org-logo\" itemprop=\"logo\" itemscope=\"itemscope\" itemtype=\"https:\/\/schema.org\/ImageObject\">\n<p><img loading=\"lazy\" decoding=\"async\" width=\"290\" height=\"78\" src=\"https:\/\/www.tunisienumerique.com\/wp-content\/uploads\/2024\/03\/Logo-Tn1-1-3.png\"\/><\/p>\n<p><meta itemprop=\"url\" content=\"https:\/\/www.tunisienumerique.com\/wp-content\/uploads\/2024\/03\/Logo-Tn1-1-3.png\"\/><\/div>\n<p><meta itemprop=\"name\" content=\"Tunisie numerique\"\/><\/div>\n<div class=\"post-tags\"><span class=\"post-tags-header\">SUJETS CONNEXES:<\/span><\/div>\n<div id=\"article-ad\">\n  <ins class=\"adsbygoogle\" data-ad-client=\"ca-pub-2102118777505746\" data-ad-slot=\"6168283410\" data-ad-format=\"auto\" data-full-width-responsive=\"true\"\/>\n<\/div>\n<\/div>\n<\/div>\n<\/div>\n<p>Auteur: hamza ben khelifa<br \/>\n<a href=\"https:\/\/www.tunisienumerique.com\/manouba-un-homme-meurt-noye-apres-la-chute-dune-voiture-dans-le-canal-des-eaux-du-nord\/\">Cliquez ici pour lire l&rsquo;article depuis sa source.<\/a><\/p>\n","protected":false},"excerpt":{"rendered":"<p>Le blog en direct est termin\u00e9. Aucune mise \u00e0 jour du blog en direct pour le moment. Charger plus Facebook Twitter LinkedIn WhatsApp Lire plus tard Les agents de la Protection civile de Manouba ont rep\u00each\u00e9, ce mercredi, le corps d\u2019un homme d\u2019\u00e2ge m\u00fbr dans le canal des eaux du Nord, au niveau de la [&hellip;]<\/p>\n","protected":false},"author":1789,"featured_media":185376,"comment_status":"closed","ping_status":"closed","sticky":false,"template":"","format":"standard","meta":{"fifu_image_url":"https:\/\/www.tunisienumerique.com\/wp-content\/uploads\/2026\/01\/La-Manouba-770x470-1-1.jpg","fifu_image_alt":"Manouba : un homme meurt noy\u00e9 apr\u00e8s la chute d\u2019une voiture dans le canal des eaux du Nord","footnotes":""},"categories":[73,55],"tags":[],"class_list":["post-185375","post","type-post","status-publish","format-standard","has-post-thumbnail","hentry","category-actualite","category-tunisie"],"_links":{"self":[{"href":"https:\/\/linitiative.ca\/International\/wp-json\/wp\/v2\/posts\/185375","targetHints":{"allow":["GET"]}}],"collection":[{"href":"https:\/\/linitiative.ca\/International\/wp-json\/wp\/v2\/posts"}],"about":[{"href":"https:\/\/linitiative.ca\/International\/wp-json\/wp\/v2\/types\/post"}],"author":[{"embeddable":true,"href":"https:\/\/linitiative.ca\/International\/wp-json\/wp\/v2\/users\/1789"}],"replies":[{"embeddable":true,"href":"https:\/\/linitiative.ca\/International\/wp-json\/wp\/v2\/comments?post=185375"}],"version-history":[{"count":0,"href":"https:\/\/linitiative.ca\/International\/wp-json\/wp\/v2\/posts\/185375\/revisions"}],"wp:featuredmedia":[{"embeddable":true,"href":"https:\/\/linitiative.ca\/International\/wp-json\/wp\/v2\/media\/185376"}],"wp:attachment":[{"href":"https:\/\/linitiative.ca\/International\/wp-json\/wp\/v2\/media?parent=185375"}],"wp:term":[{"taxonomy":"category","embeddable":true,"href":"https:\/\/linitiative.ca\/International\/wp-json\/wp\/v2\/categories?post=185375"},{"taxonomy":"post_tag","embeddable":true,"href":"https:\/\/linitiative.ca\/International\/wp-json\/wp\/v2\/tags?post=185375"}],"curies":[{"name":"wp","href":"https:\/\/api.w.org\/{rel}","templated":true}]}}