{"id":185381,"date":"2026-04-29T17:25:27","date_gmt":"2026-04-29T21:25:27","guid":{"rendered":"https:\/\/linitiative.ca\/International\/vote-de-la-loi-sonko-au-senegal-en-attendant-le-conseil-constitutionnel\/"},"modified":"2026-04-29T17:25:27","modified_gmt":"2026-04-29T21:25:27","slug":"vote-de-la-loi-sonko-au-senegal-en-attendant-le-conseil-constitutionnel","status":"publish","type":"post","link":"https:\/\/linitiative.ca\/International\/vote-de-la-loi-sonko-au-senegal-en-attendant-le-conseil-constitutionnel\/","title":{"rendered":"VOTE DE LA \u00ab\u00a0LOI SONKO\u00a0\u00bb AU SENEGAL : \u00a0  En attendant le Conseil constitutionnel\u2026"},"content":{"rendered":"<p><em>C\u2019est une loi plut\u00f4t controvers\u00e9e qui a \u00e9t\u00e9 vot\u00e9e, le 28 avril dernier, au S\u00e9n\u00e9gal, par l\u2019Assembl\u00e9e nationale, en ce qu\u2019elle est vue comme une loi \u00ab\u00a0taill\u00e9e sur mesure\u00a0\u00bb pour le chef du gouvernement, Ousmane Sonko, en vue de garantir son \u00e9ligibilit\u00e9 \u00e0 la prochaine pr\u00e9sidentielle. En rappel, l\u2019ancien leader des Patriotes africains du S\u00e9n\u00e9gal pour le travail, l\u2019\u00e9thique et la fraternit\u00e9 (PASTEF) et opposant farouche au r\u00e9gime de l\u2019ex-pr\u00e9sident Macky Sall, a \u00e9t\u00e9 exclu du scrutin pr\u00e9sidentiel de 2024, apr\u00e8s une condamnation judiciaire qui le rendait in\u00e9ligible. Une condamnation qui p\u00e8se toujours sur sa t\u00eate\u00a0; d\u2019autant plus que la Cour supr\u00eame avait rejet\u00e9, en juillet 2025, son recours en rabat d\u2019arr\u00eat de ladite sentence.<\/em><\/p>\n<p><em>\u00a0<\/em><\/p>\n<p><strong><em>C\u2019est un vote qui sonne comme une victoire d\u2019\u00e9tape pour Ousmane Sonko<\/em><\/strong><\/p>\n<p><em>\u00a0<\/em><\/p>\n<p><em>Un verdict sans appel, qui n\u2019emp\u00eachait pas l\u2019ancien maire de Ziguinchor d\u2019exercer ses fonctions de Premier ministre, mais avait pour cons\u00e9quence de maintenir son in\u00e9ligibilit\u00e9 pour cinq ans, en plus des autres peines prononc\u00e9es \u00e0 son encontre.\u00a0 C\u2019est cette \u00e9p\u00e9e de Damocl\u00e8s suspendue sur la t\u00eate de celui qui est connu pour avoir \u00e9t\u00e9 le mentor du pr\u00e9sident Bassirou Diomaye Faye dans un pass\u00e9 r\u00e9cent, que vise \u00e0 enlever le vote de cette loi qui fait des gorges chaudes au pays de la Teranga. Aussi bien au sein de l\u2019opposition que d\u2019une frange de la majorit\u00e9 pr\u00e9sidentielle. On est d\u2019autant plus port\u00e9 \u00e0 le croire que ces r\u00e9criminations n\u2019ont pas emp\u00each\u00e9 que le projet de loi introduit via une proc\u00e9dure d\u2019urgence, passe comme une lettre \u00e0 la poste \u00e0 l\u2019Assembl\u00e9e nationale o\u00f9 elle a \u00e9t\u00e9 adopt\u00e9e sans difficult\u00e9, le mardi dernier, par 128 voix pour, 11 contre et deux abstentions. Comment peut-il en \u00eatre autrement quand on sait que les l\u00e9gislatives anticip\u00e9es de novembre 2024, qui ont \u00e9t\u00e9 organis\u00e9es dans la foul\u00e9e de l\u2019\u00e9lection du pr\u00e9sident Bassirou Diomaye Faye pour la succession de Macky Sall, ont consacr\u00e9 l\u2019\u00e9mergence d\u2019un parlement domin\u00e9 par le PASTEF qui a remport\u00e9 130 des 165 si\u00e8ges qui \u00e9taient en jeu\u00a0? Toujours est-il qu\u2019au-del\u00e0 des raisons avanc\u00e9es, c\u2019est un vote qui sonne comme une victoire d\u2019\u00e9tape pour Ousmane Sonko qui ronge ses freins, et ne cache pas sa volont\u00e9 de devenir khalife \u00e0 la place du chef de l\u2019Etat qu\u2019il a propuls\u00e9 dans la course \u00e0 la magistrature supr\u00eame \u00e0 sa place, en raison de sa condamnation r\u00e9dhibitoire. Et il a d\u2019autant plus des raisons de se r\u00e9jouir que cette r\u00e9forme \u00e9lectorale tend \u00e0 garantir son \u00e9ligibilit\u00e9 au prochain scrutin, en attendant que le Conseil constitutionnel \u00e0 qui revient le dernier mot, se prononce sur la question. Car, s\u2019il y a un sujet qui fait d\u00e9bat dans cette nouvelle loi \u00e9lectorale, c\u2019est le principe de la r\u00e9troactivit\u00e9. Et l\u2019opposition a promis de saisir la juridiction supr\u00eame sur la question. En attendant, c\u2019est le pr\u00e9sident Bassirou Diomaye Faye qui doit se faire du mouron. Car, cette remise sur le tapis, de l\u2019\u00e9ventualit\u00e9 de la candidature de son Premier ministre \u00e0 la prochaine pr\u00e9sidentielle, risque d\u2019exacerber les tensions au sein du parti au pouvoir en renfor\u00e7ant la rivalit\u00e9 entre les deux principales t\u00eates de l\u2019Ex\u00e9cutif. \u00a0<\/em><\/p>\n<p><em>\u00a0<\/em><\/p>\n<p><strong><em>Si le PASTEF n\u2019y prend garde, cette guerre de positionnement pourrait \u00eatre lourde de cons\u00e9quences pour la coh\u00e9sion du parti<\/em><\/strong><\/p>\n<p><em>\u00a0<\/em><\/p>\n<p><em>Et le vote de cette loi, au grand dam de la Coalition Diomaye pr\u00e9sident qui partageait les m\u00eames griefs que l\u2019opposition, peut para\u00eetre comme une preuve tangible de la domination du parlement par les partisans du Premier ministre. Quoi qu\u2019il en soit, si le PASTEF n\u2019y prend garde, cette guerre de positionnement qui se joue en toile du fond dans la perspective de la pr\u00e9sidentielle de 2029, pourrait \u00eatre lourde de cons\u00e9quences pour la coh\u00e9sion du parti, si le chef de l\u2019Etat et son Premier ministre devaient travailler \u00e0 se neutraliser mutuellement. Pour le reste, Ousmane Sonko doit prendre garde \u00e0 ne pas se faire reprocher aujourd\u2019hui les m\u00eames griefs qu\u2019il tenait hier \u00e0 l\u2019encontre de Macky Sall, quand il \u00e9tait chef de l\u2019opposition, c\u2019est-\u00e0-dire d\u2019instrumentaliser les institutions \u00e0 des fins personnelles. En tout \u00e9tat de cause, on esp\u00e8re que le moment venu, le Conseil constitutionnel fera, une fois de plus, honneur \u00e0 sa r\u00e9putation et saura dire le droit dans le seul int\u00e9r\u00eat du peuple s\u00e9n\u00e9galais. Car, tout compte fait, la finalit\u00e9 de cette loi, est de savoir si elle profite vraiment au S\u00e9n\u00e9gal, ou si elle est faite pour servir les int\u00e9r\u00eats d\u2019un seul individu.<\/em><\/p>\n<p><em>\u00a0<\/em><\/p>\n<p><strong><em>\u00a0\u00ab Le Pays\u00a0\u00bb<\/em><\/strong><\/p>\n<p><em>\u00a0<\/em><\/p>\n<p><em>\u00a0<\/em><\/p>\n<p>\nAuteur: Editions LEPAYS<br \/>\n<a href=\"https:\/\/lepays.bf\/vote-de-la-loi-sonko-au-senegal-en-attendant-le-conseil-constitutionnel\/\">Cliquez ici pour lire l&rsquo;article depuis sa source.<\/a><\/p>\n","protected":false},"excerpt":{"rendered":"<p>C\u2019est une loi plut\u00f4t controvers\u00e9e qui a \u00e9t\u00e9 vot\u00e9e, le 28 avril dernier, au S\u00e9n\u00e9gal, par l\u2019Assembl\u00e9e nationale, en ce qu\u2019elle est vue comme une loi \u00ab\u00a0taill\u00e9e sur mesure\u00a0\u00bb pour le chef du gouvernement, Ousmane Sonko, en vue de garantir son \u00e9ligibilit\u00e9 \u00e0 la prochaine pr\u00e9sidentielle. En rappel, l\u2019ancien leader des Patriotes africains du S\u00e9n\u00e9gal [&hellip;]<\/p>\n","protected":false},"author":1813,"featured_media":185382,"comment_status":"closed","ping_status":"closed","sticky":false,"template":"","format":"standard","meta":{"fifu_image_url":"https:\/\/lepays.bf\/wp-content\/uploads\/2026\/04\/SENEGAL.3.webp","fifu_image_alt":"VOTE DE LA \u00ab\u00a0LOI SONKO\u00a0\u00bb AU SENEGAL : \u00a0  En attendant le Conseil constitutionnel\u2026","footnotes":""},"categories":[73,81],"tags":[],"class_list":["post-185381","post","type-post","status-publish","format-standard","has-post-thumbnail","hentry","category-actualite","category-burkina-faso"],"_links":{"self":[{"href":"https:\/\/linitiative.ca\/International\/wp-json\/wp\/v2\/posts\/185381","targetHints":{"allow":["GET"]}}],"collection":[{"href":"https:\/\/linitiative.ca\/International\/wp-json\/wp\/v2\/posts"}],"about":[{"href":"https:\/\/linitiative.ca\/International\/wp-json\/wp\/v2\/types\/post"}],"author":[{"embeddable":true,"href":"https:\/\/linitiative.ca\/International\/wp-json\/wp\/v2\/users\/1813"}],"replies":[{"embeddable":true,"href":"https:\/\/linitiative.ca\/International\/wp-json\/wp\/v2\/comments?post=185381"}],"version-history":[{"count":0,"href":"https:\/\/linitiative.ca\/International\/wp-json\/wp\/v2\/posts\/185381\/revisions"}],"wp:featuredmedia":[{"embeddable":true,"href":"https:\/\/linitiative.ca\/International\/wp-json\/wp\/v2\/media\/185382"}],"wp:attachment":[{"href":"https:\/\/linitiative.ca\/International\/wp-json\/wp\/v2\/media?parent=185381"}],"wp:term":[{"taxonomy":"category","embeddable":true,"href":"https:\/\/linitiative.ca\/International\/wp-json\/wp\/v2\/categories?post=185381"},{"taxonomy":"post_tag","embeddable":true,"href":"https:\/\/linitiative.ca\/International\/wp-json\/wp\/v2\/tags?post=185381"}],"curies":[{"name":"wp","href":"https:\/\/api.w.org\/{rel}","templated":true}]}}