{"id":185401,"date":"2026-04-29T10:04:34","date_gmt":"2026-04-29T14:04:34","guid":{"rendered":"https:\/\/linitiative.ca\/International\/dialogue-social-le-gouvernement-et-les-syndicats-de-leducation-resserrent-les-liens\/"},"modified":"2026-04-29T10:04:34","modified_gmt":"2026-04-29T14:04:34","slug":"dialogue-social-le-gouvernement-et-les-syndicats-de-leducation-resserrent-les-liens","status":"publish","type":"post","link":"https:\/\/linitiative.ca\/International\/dialogue-social-le-gouvernement-et-les-syndicats-de-leducation-resserrent-les-liens\/","title":{"rendered":"Dialogue social : le gouvernement et les syndicats de l\u2019\u00e9ducation resserrent les liens"},"content":{"rendered":"<h3>Re\u00e7u en audience le 29 avril 2026, le Secr\u00e9taire g\u00e9n\u00e9ral du Comit\u00e9 syndical francophone de l\u2019\u00e9ducation et de la formation a \u00e9chang\u00e9 avec le Ministre du Travail sur les priorit\u00e9s du secteur.<\/h3>\n<p>Le Ministre du Travail et de la S\u00e9curit\u00e9 sociale a accord\u00e9 le 29 avril 2026 une audience \u00e0 M. Luc Beauregard, Secr\u00e9taire g\u00e9n\u00e9ral du Comit\u00e9 syndical francophone de l\u2019\u00e9ducation et de la formation. Au centre des discussions figuraient le renforcement du dialogue social dans le secteur \u00e9ducatif, l\u2019am\u00e9lioration des conditions de travail des personnels et la promotion du travail d\u00e9cent.<br \/>Les deux parties ont soulign\u00e9 l\u2019importance d\u2019un cadre professionnel apais\u00e9 et \u00e9quitable pour garantir la performance des syst\u00e8mes \u00e9ducatifs. Cette rencontre s\u2019inscrit dans une dynamique de concertation continue avec les partenaires sociaux, visant \u00e0 b\u00e2tir un environnement inclusif, propice au d\u00e9veloppement du capital humain et \u00e0 la stabilit\u00e9 du secteur.<\/p>\n<div readability=\"7\">\n<p>LA SUITE APR\u00c8S LA PUBLICIT\u00c9<\/p>\n<p><ins class=\"adsbygoogle\" data-ad-client=\"ca-pub-9760088965124508\" data-ad-slot=\"2140806877\"\/><br \/>\n<\/div>\n<p>Auteur: Arnaud Nicolas MAWEL<br \/>\n<a href=\"https:\/\/fr.journalducameroun.com\/dialogue-social-le-gouvernement-et-les-syndicats-de-leducation-resserrent-les-liens\/\">Cliquez ici pour lire l&rsquo;article depuis sa source.<\/a><\/p>\n","protected":false},"excerpt":{"rendered":"<p>Re\u00e7u en audience le 29 avril 2026, le Secr\u00e9taire g\u00e9n\u00e9ral du Comit\u00e9 syndical francophone de l\u2019\u00e9ducation et de la formation a \u00e9chang\u00e9 avec le Ministre du Travail sur les priorit\u00e9s du secteur. Le Ministre du Travail et de la S\u00e9curit\u00e9 sociale a accord\u00e9 le 29 avril 2026 une audience \u00e0 M. Luc Beauregard, Secr\u00e9taire g\u00e9n\u00e9ral [&hellip;]<\/p>\n","protected":false},"author":1965,"featured_media":185402,"comment_status":"closed","ping_status":"closed","sticky":false,"template":"","format":"standard","meta":{"fifu_image_url":"https:\/\/fr.journalducameroun.com\/wp-content\/uploads\/2026\/04\/Gouvernement-et-Syndicats-de-lEducation.jpeg","fifu_image_alt":"Dialogue social : le gouvernement et les syndicats de l\u2019\u00e9ducation resserrent les liens","footnotes":""},"categories":[73,82],"tags":[],"class_list":["post-185401","post","type-post","status-publish","format-standard","has-post-thumbnail","hentry","category-actualite","category-cameroun"],"_links":{"self":[{"href":"https:\/\/linitiative.ca\/International\/wp-json\/wp\/v2\/posts\/185401","targetHints":{"allow":["GET"]}}],"collection":[{"href":"https:\/\/linitiative.ca\/International\/wp-json\/wp\/v2\/posts"}],"about":[{"href":"https:\/\/linitiative.ca\/International\/wp-json\/wp\/v2\/types\/post"}],"author":[{"embeddable":true,"href":"https:\/\/linitiative.ca\/International\/wp-json\/wp\/v2\/users\/1965"}],"replies":[{"embeddable":true,"href":"https:\/\/linitiative.ca\/International\/wp-json\/wp\/v2\/comments?post=185401"}],"version-history":[{"count":0,"href":"https:\/\/linitiative.ca\/International\/wp-json\/wp\/v2\/posts\/185401\/revisions"}],"wp:featuredmedia":[{"embeddable":true,"href":"https:\/\/linitiative.ca\/International\/wp-json\/wp\/v2\/media\/185402"}],"wp:attachment":[{"href":"https:\/\/linitiative.ca\/International\/wp-json\/wp\/v2\/media?parent=185401"}],"wp:term":[{"taxonomy":"category","embeddable":true,"href":"https:\/\/linitiative.ca\/International\/wp-json\/wp\/v2\/categories?post=185401"},{"taxonomy":"post_tag","embeddable":true,"href":"https:\/\/linitiative.ca\/International\/wp-json\/wp\/v2\/tags?post=185401"}],"curies":[{"name":"wp","href":"https:\/\/api.w.org\/{rel}","templated":true}]}}